{"id":26569,"date":"2025-10-23T10:23:44","date_gmt":"2025-10-23T13:23:44","guid":{"rendered":"https:\/\/novosaopaulo.com.br\/n1\/?p=26569"},"modified":"2025-10-23T10:23:45","modified_gmt":"2025-10-23T13:23:45","slug":"talentos-de-poa-abrem-shows-de-artistas-nacionais-na-orquidea-fest-2025","status":"publish","type":"post","link":"https:\/\/novosaopaulo.com.br\/n1\/talentos-de-poa-abrem-shows-de-artistas-nacionais-na-orquidea-fest-2025\/","title":{"rendered":"Talentos de Po\u00e1 abrem shows de artistas nacionais na Orqu\u00eddea Fest 2025"},"content":{"rendered":"\n<p>Daphne Raphaelle, Beto Nascimento e Banda, Danielle Cavalcante, Vitor Guedes, Kid Sant\u00fa e Helder Vinhola aquecem o p\u00fablico para Bruna Karla, Simone Mendes, Alok e P\u00e9ricles<\/p>\n\n\n\n<p>A Orqu\u00eddea Fest Po\u00e1 2025 promete encantar o p\u00fablico com uma mistura de talentos locais e grandes nomes da m\u00fasica nacional. Al\u00e9m de Bruna Karla, Simone Mendes, Alok e P\u00e9ricles, que sobem ao palco entre os dias 23 e 26 de outubro, a festa tamb\u00e9m contar\u00e1 com a apresenta\u00e7\u00e3o de artistas poaenses, que ter\u00e3o a miss\u00e3o de abrir os shows e representar o orgulho cultural da cidade.<\/p>\n\n\n\n<p>Na quinta-feira (23), quem aquece o p\u00fablico antes da apresenta\u00e7\u00e3o de Bruna Karla s\u00e3o os cantores Daphne Raphaelle e Beto Nascimento e Banda, em uma noite de muita emo\u00e7\u00e3o e louvor. Na sexta-feira (24), o palco se transforma com o talento de Danielle Cavalcante e Vitor Guedes, que abrem o show de Simone Mendes.<\/p>\n\n\n\n<p>No s\u00e1bado (25), a energia eletrizante de Kid Sant\u00fa prepara o p\u00fablico para a aguardada apresenta\u00e7\u00e3o do DJ Alok. Encerrando a programa\u00e7\u00e3o musical no domingo (26), o cantor Helder Vinhola ser\u00e1 o respons\u00e1vel por abrir o show de P\u00e9ricles, celebrando o carisma da cultura local.<\/p>\n\n\n\n<p>O prefeito Saulo Souza ressaltou a alegria de ver os talentos poaenses dividindo o palco com grandes nomes da m\u00fasica nacional. \u201cA Orqu\u00eddea Fest Po\u00e1 vai mostrar ao p\u00fablico o talento da nossa cidade. Al\u00e9m dos artistas locais fazendo a abertura dos grandes shows, ainda teremos uma programa\u00e7\u00e3o diurna no Pavilh\u00e3o de Exposi\u00e7\u00f5es com apresenta\u00e7\u00f5es de escolas municipais, artistas locais e diversas atividades culturais, garantindo entretenimento e valoriza\u00e7\u00e3o da arte poaense ao longo dos dias de festa\u201d, destacou.<\/p>\n\n\n\n<p>Para o secret\u00e1rio de Cultura de Po\u00e1, Paulo Barbosa, abrir o palco do evento para artistas locais e nacionais cria um ambiente de integra\u00e7\u00e3o e valoriza\u00e7\u00e3o cultural. \u201cA Orqu\u00eddea Fest Po\u00e1 \u00e9 um s\u00edmbolo do que temos de melhor, que \u00e9 a nossa popula\u00e7\u00e3o e a capacidade de transformar a cidade por meio da cultura. Com entrada gratuita e atra\u00e7\u00f5es para toda a fam\u00edlia, a expectativa \u00e9 reunir milhares de pessoas em uma grande celebra\u00e7\u00e3o que foi preparada com muito carinho\u201d, afirma.<\/p>\n\n\n\n<p>Pavilh\u00e3o de Exposi\u00e7\u00f5es<br>Al\u00e9m dos shows noturnos, a Orqu\u00eddea Fest Po\u00e1 2025 oferecer\u00e1 uma programa\u00e7\u00e3o diurna repleta de m\u00fasica e arte no Pavilh\u00e3o de Exposi\u00e7\u00f5es, com apresenta\u00e7\u00f5es de escolas municipais, artistas locais e a participa\u00e7\u00e3o especial da maestrina Sandra Miani, que conduzir\u00e1 as atividades musicais e o cerimonial durante os intervalos. No hor\u00e1rio de almo\u00e7o, o p\u00fablico tamb\u00e9m poder\u00e1 aproveitar apresenta\u00e7\u00f5es de artistas na \u00e1rea externa, garantindo entretenimento durante todo o dia.<\/p>\n\n\n\n<p>Quinta-feira \u2013 23\/10<br>A abertura ser\u00e1 marcada pela Banda Marcial de Po\u00e1, \u00e0s 9 horas, seguida das apresenta\u00e7\u00f5es das escolas EMEBS Ant\u00f4nieta Maria Fonseca, L\u00eddia Aparecida da Costa Barrento e Marcio Gomes. O dia contar\u00e1 ainda com o Coral da 3\u00aa Idade, conduzido pela maestrina, e apresenta\u00e7\u00f5es das EMEBS Professora Josefina Costa Calderaro, Professora Carolina Ribeiro e Roberto Elias Xidieh. No per\u00edodo da tarde, o p\u00fablico poder\u00e1 conferir apresenta\u00e7\u00f5es de piano estendido e performances instrumentais.<\/p>\n\n\n\n<p>Sexta-feira \u2013 24\/10<br>As EMEBS Pastor Jos\u00e9 Nascimento dos Santos, Wilson Vieira Rodrigues e Professor Walter de Almeida Monteiro iniciam as atividades, \u00e0s 10 horas, seguidas de apresenta\u00e7\u00f5es instrumentais de piano e flauta. \u00c0 tarde, o grupo de dan\u00e7a da Melhor Idade de Po\u00e1 far\u00e1 sua apresenta\u00e7\u00e3o e o dia encerra com a Banda Marcial de Po\u00e1, representando o talento musical da cidade.<\/p>\n\n\n\n<p>S\u00e1bado &#8211; 25\/10<br>O s\u00e1bado ser\u00e1 de muita anima\u00e7\u00e3o, a partir das 10 horas, com as apresenta\u00e7\u00f5es das escolas Professor Vereador Candido Jos\u00e9 Balazaima, Heitor Gloeden, Jos\u00e9 Joaquim de Souza e Padre Eust\u00e1quio. No per\u00edodo da tarde, sobem ao palco alunos de academias de dan\u00e7a da cidade, al\u00e9m da Banda Marcial.<\/p>\n\n\n\n<p>Domingo 26\/10<br>O \u00faltimo dia de evento ser\u00e1 especial, com abertura da Banda Marcial de Po\u00e1, \u00e0s 10 horas, novas apresenta\u00e7\u00f5es de piano estendido, de grupos de dan\u00e7a de escolas da cidade e da Melhor Idade de Po\u00e1, encerrando a Orqu\u00eddea Fest com um espet\u00e1culo de cultura e talento poaense.<\/p>\n\n\n\n<p>Fabio Henriques\/Novo<\/p>\n\n\n\n<figure class=\"wp-block-image size-full\"><img fetchpriority=\"high\" decoding=\"async\" width=\"800\" height=\"533\" src=\"http:\/\/novosaopaulo.com.br\/n1\/wp-content\/uploads\/2025\/10\/WhatsApp-Image-2025-10-23-at-09.45.03.jpeg\" alt=\"\" class=\"wp-image-26573\" srcset=\"https:\/\/novosaopaulo.com.br\/n1\/wp-content\/uploads\/2025\/10\/WhatsApp-Image-2025-10-23-at-09.45.03.jpeg 800w, https:\/\/novosaopaulo.com.br\/n1\/wp-content\/uploads\/2025\/10\/WhatsApp-Image-2025-10-23-at-09.45.03-300x200.jpeg 300w, https:\/\/novosaopaulo.com.br\/n1\/wp-content\/uploads\/2025\/10\/WhatsApp-Image-2025-10-23-at-09.45.03-768x512.jpeg 768w\" sizes=\"(max-width: 800px) 100vw, 800px\" \/><figcaption class=\"wp-element-caption\">Fotos: Irineu J\u00fanior<\/figcaption><\/figure>\n","protected":false},"excerpt":{"rendered":"<p>Daphne Raphaelle, Beto Nascimento e Banda, Danielle Cavalcante, Vitor Guedes, Kid Sant\u00fa e Helder Vinhola&#8230;<\/p>\n","protected":false},"author":1,"featured_media":26572,"comment_status":"open","ping_status":"open","sticky":false,"template":"","format":"standard","meta":{"footnotes":""},"categories":[8],"tags":[],"featured_image_urls":{"full":["https:\/\/novosaopaulo.com.br\/n1\/wp-content\/uploads\/2025\/10\/WhatsApp-Image-2025-10-23-at-09.45.43.jpeg",800,533,false],"thumbnail":["https:\/\/novosaopaulo.com.br\/n1\/wp-content\/uploads\/2025\/10\/WhatsApp-Image-2025-10-23-at-09.45.43-150x150.jpeg",150,150,true],"medium":["https:\/\/novosaopaulo.com.br\/n1\/wp-content\/uploads\/2025\/10\/WhatsApp-Image-2025-10-23-at-09.45.43-300x200.jpeg",300,200,true],"medium_large":["https:\/\/novosaopaulo.com.br\/n1\/wp-content\/uploads\/2025\/10\/WhatsApp-Image-2025-10-23-at-09.45.43-768x512.jpeg",640,427,true],"large":["https:\/\/novosaopaulo.com.br\/n1\/wp-content\/uploads\/2025\/10\/WhatsApp-Image-2025-10-23-at-09.45.43.jpeg",640,426,false],"1536x1536":["https:\/\/novosaopaulo.com.br\/n1\/wp-content\/uploads\/2025\/10\/WhatsApp-Image-2025-10-23-at-09.45.43.jpeg",800,533,false],"2048x2048":["https:\/\/novosaopaulo.com.br\/n1\/wp-content\/uploads\/2025\/10\/WhatsApp-Image-2025-10-23-at-09.45.43.jpeg",800,533,false],"newsever-slider-full":["https:\/\/novosaopaulo.com.br\/n1\/wp-content\/uploads\/2025\/10\/WhatsApp-Image-2025-10-23-at-09.45.43.jpeg",800,533,false],"newsever-featured":["https:\/\/novosaopaulo.com.br\/n1\/wp-content\/uploads\/2025\/10\/WhatsApp-Image-2025-10-23-at-09.45.43.jpeg",800,533,false],"newsever-medium":["https:\/\/novosaopaulo.com.br\/n1\/wp-content\/uploads\/2025\/10\/WhatsApp-Image-2025-10-23-at-09.45.43-720x475.jpeg",720,475,true]},"author_info":{"display_name":"Reda\u00e7\u00e3o","author_link":"https:\/\/novosaopaulo.com.br\/n1\/author\/g5poa\/"},"category_info":"<a href=\"https:\/\/novosaopaulo.com.br\/n1\/category\/poa\/\" rel=\"category tag\">Po\u00e1<\/a>","tag_info":"Po\u00e1","comment_count":"0","_links":{"self":[{"href":"https:\/\/novosaopaulo.com.br\/n1\/wp-json\/wp\/v2\/posts\/26569"}],"collection":[{"href":"https:\/\/novosaopaulo.com.br\/n1\/wp-json\/wp\/v2\/posts"}],"about":[{"href":"https:\/\/novosaopaulo.com.br\/n1\/wp-json\/wp\/v2\/types\/post"}],"author":[{"embeddable":true,"href":"https:\/\/novosaopaulo.com.br\/n1\/wp-json\/wp\/v2\/users\/1"}],"replies":[{"embeddable":true,"href":"https:\/\/novosaopaulo.com.br\/n1\/wp-json\/wp\/v2\/comments?post=26569"}],"version-history":[{"count":1,"href":"https:\/\/novosaopaulo.com.br\/n1\/wp-json\/wp\/v2\/posts\/26569\/revisions"}],"predecessor-version":[{"id":26574,"href":"https:\/\/novosaopaulo.com.br\/n1\/wp-json\/wp\/v2\/posts\/26569\/revisions\/26574"}],"wp:featuredmedia":[{"embeddable":true,"href":"https:\/\/novosaopaulo.com.br\/n1\/wp-json\/wp\/v2\/media\/26572"}],"wp:attachment":[{"href":"https:\/\/novosaopaulo.com.br\/n1\/wp-json\/wp\/v2\/media?parent=26569"}],"wp:term":[{"taxonomy":"category","embeddable":true,"href":"https:\/\/novosaopaulo.com.br\/n1\/wp-json\/wp\/v2\/categories?post=26569"},{"taxonomy":"post_tag","embeddable":true,"href":"https:\/\/novosaopaulo.com.br\/n1\/wp-json\/wp\/v2\/tags?post=26569"}],"curies":[{"name":"wp","href":"https:\/\/api.w.org\/{rel}","templated":true}]}}