{"id":26566,"date":"2025-10-22T18:39:31","date_gmt":"2025-10-22T21:39:31","guid":{"rendered":"https:\/\/novosaopaulo.com.br\/n1\/?p=26566"},"modified":"2025-10-22T18:39:32","modified_gmt":"2025-10-22T21:39:32","slug":"sao-paulo-recebe-o-festival-grand-tasting-que-celebra-o-vinho-com-mais-de-100-rotulos-no-hotel-intercity-paulista","status":"publish","type":"post","link":"https:\/\/novosaopaulo.com.br\/n1\/sao-paulo-recebe-o-festival-grand-tasting-que-celebra-o-vinho-com-mais-de-100-rotulos-no-hotel-intercity-paulista\/","title":{"rendered":"S\u00e3o Paulo recebe o Festival Grand Tasting, que celebra o vinho com mais de 100 r\u00f3tulos, no Hotel Intercity Paulista"},"content":{"rendered":"\n<p>Experi\u00eancias gastron\u00f4micas e networking entre profissionais e apreciadores nos dias 31 de outubro e 1\u00ba de novembro<\/p>\n\n\n\n<p>O universo do vinho tem encontro marcado em S\u00e3o Paulo no Grand Tasting, festival que celebra a cultura, diversidade e o prazer da enogastronomia. O evento ser\u00e1 realizado nos dias 31 de outubro e 1\u00ba de novembro, no Hotel Intercity Paulista (Rua Haddock Lobo, 294 \u2013 Cerqueira C\u00e9sar), reunindo mais de 100 r\u00f3tulos de vinhos de diversas partes do mundo, del\u00edcias gourmet e um p\u00fablico apaixonado por descobertas sensoriais.<br>Com ambienta\u00e7\u00e3o sofisticada e cuidadosamente curada, o Grand Tasting oferece uma experi\u00eancia acess\u00edvel e profunda, ideal tanto para iniciantes quanto para conhecedores do mundo dos vinhos. Em S\u00e3o Paulo, a expectativa \u00e9 de receber cerca de 600 visitantes, distribu\u00eddos em tr\u00eas hor\u00e1rios distintos, para garantir conforto e fluidez na experi\u00eancia:<br>\u2022 Sexta-feira (31\/10), das 18h \u00e0s 21h30<br>\u2022 S\u00e1bado (1\/11), das 13h30 \u00e0s 17h<br>\u2022 S\u00e1bado (1\/11), das 18h \u00e0s 21h30<\/p>\n\n\n\n<p>Muito mais que uma feira: uma experi\u00eancia sensorial completa<br>Criado em 2024 e j\u00e1 consolidado no calend\u00e1rio nacional, o Grand Tasting \u00e9 mais que um festival de vinhos \u2013 \u00e9 uma plataforma de conex\u00e3o entre produtores, importadores, distribuidores e consumidores, que valoriza o conhecimento, a qualidade e a cultura do vinho. A cada ingresso, o visitante ganha uma ta\u00e7a de cristal, pode provar diferentes estilos de uvas, regi\u00f5es e r\u00f3tulos e ter contato com distribuidores de todos o pa\u00eds.<br>\u201cEssa ser\u00e1 nossa segunda edi\u00e7\u00e3o em S\u00e3o Paulo e estamos muito felizes em retornar, atendendo aos pedidos do p\u00fablico. A primeira edi\u00e7\u00e3o superou as expectativas, com grande intera\u00e7\u00e3o entre expositores e visitantes\u201d, destaca a sommeli\u00e8re Karina de O No\u00e7ais, uma das organizadoras do evento.<br>O idealizador do projeto, o sommelier Marcelo Andrade, refor\u00e7a o objetivo do evento como um espa\u00e7o de descoberta e forma\u00e7\u00e3o de paladar: \u201co Grand Tasting permite que cada pessoa explore diferentes estilos, pa\u00edses e uvas, em uma jornada de aprendizado e prazer. \u00c9 tamb\u00e9m uma oportunidade para adquirir r\u00f3tulos com excelente custo-benef\u00edcio.\u201d<br>Empresas como a Vinifera Import, com atua\u00e7\u00e3o nacional, apostam no Grand Tasting como uma estrat\u00e9gia de visibilidade e vendas. \u201cJ\u00e1 participamos de tr\u00eas edi\u00e7\u00f5es, em S\u00e3o Paulo, Rio de Janeiro e Bahia. \u00c9 um evento muito bem organizado, com \u00f3timo p\u00fablico. Estaremos com 12 r\u00f3tulos da It\u00e1lia e Portugal e sabemos que faremos um \u00f3timo networking\u201d, afirma Vin\u00edcius da Silva Conde, sommelier da Vinifera, representante paulista.<br>Gastronomia, networking e harmoniza\u00e7\u00f5es \u00fanicas<br>O festival tamb\u00e9m oferece aos visitantes uma sele\u00e7\u00e3o especial de produtos gourmet que incluem queijos artesanais, charcutaria, p\u00e3es, azeites e outras iguarias, criando experi\u00eancias completas de harmoniza\u00e7\u00e3o.<br>A Produtos Goa, especializada em queijos artesanais, tamb\u00e9m marcar\u00e1 presen\u00e7a. \u201cParticipamos da edi\u00e7\u00e3o de Niter\u00f3i e foi incr\u00edvel. Agora vamos apresentar ao p\u00fablico paulista nossos queijos da Mantiqueira de Minas, com diferentes tempos de matura\u00e7\u00e3o\u201d, diz Natanael Laporta, fundador da marca.<br>Trajet\u00f3ria e expans\u00e3o nacional<br>Desde sua estreia em Niter\u00f3i (RJ), em outubro de 2024, o Grand Tasting vem crescendo e se consolidando como uma das experi\u00eancias mais completas do setor enogastron\u00f4mico. Em 2025, j\u00e1 passou por Salvador, Niter\u00f3i, Rio de Janeiro e S\u00e3o Paulo, somando mais de mil participantes.<br>Em novembro (dia 29) ser\u00e1 a vez do Rio de Janeiro receber o evento, no Hotel Porto Bay, em Copacabana. Para 2026, est\u00e3o previstas novas edi\u00e7\u00f5es em Belo Horizonte (MG) e Santos (SP), fortalecendo a proposta de espalhar a cultura do vinho pelo Brasil e gerar conex\u00f5es entre marcas, profissionais e consumidores.<br>Quem est\u00e1 por tr\u00e1s do Grand Tasting<br>O evento \u00e9 idealizado e produzido por um trio apaixonado por vinho e comunica\u00e7\u00e3o:<br>\u2022 Marcelo Andrade \u2013 Sommelier certificado pela Federa\u00e7\u00e3o Italiana, consultor e empres\u00e1rio do setor de vinhos.<br>\u2022 Karina de O No\u00e7ais \u2013 Sommeli\u00e8re, professora e ex-gerente comercial de uma vin\u00edcola em Bordeaux.<br>\u2022 F\u00e1tima Santos \u2013 Especialista em marketing e design gr\u00e1fico, respons\u00e1vel pela comunica\u00e7\u00e3o do projeto.<br>O Grand Tasting conta com o apoio institucional da ABS \u2013 Associa\u00e7\u00e3o Brasileira de Sommeliers, refor\u00e7ando seu compromisso com a forma\u00e7\u00e3o de um p\u00fablico mais consciente e conectado ao universo do vinho.<br>Informa\u00e7\u00f5es:<br>\ud83d\udcc5 Data: 31 de outubro e 1o de novembro<br>\ud83d\udd52 Hor\u00e1rios: sexta das 18h \u00e0s 21h30 e s\u00e1bado 13h30 \u00e0s 17h | 18h \u00e0s 21h30<br>\ud83d\udccd Local: Hotel Intercity Paulista (Rua Haddock Lobo, 294 Cerqueira C\u00e9sar).<br>Ingressos dispon\u00edveis no Sympla:<\/p>\n\n\n\n<p>Grand Tasting S\u00e3o Paulo (31\/10 e 1\/11): Clique aqui para comprar<br>Grand Tasting Rio de Janeiro (29\/11): Clique aqui para comprar<br>A partir de R$ 130,00<br>Site AQUI. Instagram: @grandtastingoficial<\/p>\n\n\n\n<p>Assessoria de Imprensa<br>Tudo em Comunica\u00e7\u00e3o<br>Deborah Ferreira &#8211; deborah@tudoemcomunicacao.com.br 55 11 97252-2360<br>M\u00e9rcia Suzuki \u2013 mercia@tudoemcomunicacao.com.br 55 11 99705-7720<\/p>\n\n\n\n<p>Cr\u00e9dito da foto: Diego Mello<\/p>\n","protected":false},"excerpt":{"rendered":"<p>Experi\u00eancias gastron\u00f4micas e networking entre profissionais e apreciadores nos dias 31 de outubro e 1\u00ba&#8230;<\/p>\n","protected":false},"author":1,"featured_media":26567,"comment_status":"open","ping_status":"open","sticky":false,"template":"","format":"standard","meta":{"footnotes":""},"categories":[2],"tags":[],"featured_image_urls":{"full":["https:\/\/novosaopaulo.com.br\/n1\/wp-content\/uploads\/2025\/10\/WhatsApp-Image-2025-10-22-at-17.23.29.jpeg",800,533,false],"thumbnail":["https:\/\/novosaopaulo.com.br\/n1\/wp-content\/uploads\/2025\/10\/WhatsApp-Image-2025-10-22-at-17.23.29-150x150.jpeg",150,150,true],"medium":["https:\/\/novosaopaulo.com.br\/n1\/wp-content\/uploads\/2025\/10\/WhatsApp-Image-2025-10-22-at-17.23.29-300x200.jpeg",300,200,true],"medium_large":["https:\/\/novosaopaulo.com.br\/n1\/wp-content\/uploads\/2025\/10\/WhatsApp-Image-2025-10-22-at-17.23.29-768x512.jpeg",640,427,true],"large":["https:\/\/novosaopaulo.com.br\/n1\/wp-content\/uploads\/2025\/10\/WhatsApp-Image-2025-10-22-at-17.23.29.jpeg",640,426,false],"1536x1536":["https:\/\/novosaopaulo.com.br\/n1\/wp-content\/uploads\/2025\/10\/WhatsApp-Image-2025-10-22-at-17.23.29.jpeg",800,533,false],"2048x2048":["https:\/\/novosaopaulo.com.br\/n1\/wp-content\/uploads\/2025\/10\/WhatsApp-Image-2025-10-22-at-17.23.29.jpeg",800,533,false],"newsever-slider-full":["https:\/\/novosaopaulo.com.br\/n1\/wp-content\/uploads\/2025\/10\/WhatsApp-Image-2025-10-22-at-17.23.29.jpeg",800,533,false],"newsever-featured":["https:\/\/novosaopaulo.com.br\/n1\/wp-content\/uploads\/2025\/10\/WhatsApp-Image-2025-10-22-at-17.23.29.jpeg",800,533,false],"newsever-medium":["https:\/\/novosaopaulo.com.br\/n1\/wp-content\/uploads\/2025\/10\/WhatsApp-Image-2025-10-22-at-17.23.29-720x475.jpeg",720,475,true]},"author_info":{"display_name":"Reda\u00e7\u00e3o","author_link":"https:\/\/novosaopaulo.com.br\/n1\/author\/g5poa\/"},"category_info":"<a href=\"https:\/\/novosaopaulo.com.br\/n1\/category\/cidades\/\" rel=\"category tag\">Cidades<\/a>","tag_info":"Cidades","comment_count":"0","_links":{"self":[{"href":"https:\/\/novosaopaulo.com.br\/n1\/wp-json\/wp\/v2\/posts\/26566"}],"collection":[{"href":"https:\/\/novosaopaulo.com.br\/n1\/wp-json\/wp\/v2\/posts"}],"about":[{"href":"https:\/\/novosaopaulo.com.br\/n1\/wp-json\/wp\/v2\/types\/post"}],"author":[{"embeddable":true,"href":"https:\/\/novosaopaulo.com.br\/n1\/wp-json\/wp\/v2\/users\/1"}],"replies":[{"embeddable":true,"href":"https:\/\/novosaopaulo.com.br\/n1\/wp-json\/wp\/v2\/comments?post=26566"}],"version-history":[{"count":1,"href":"https:\/\/novosaopaulo.com.br\/n1\/wp-json\/wp\/v2\/posts\/26566\/revisions"}],"predecessor-version":[{"id":26568,"href":"https:\/\/novosaopaulo.com.br\/n1\/wp-json\/wp\/v2\/posts\/26566\/revisions\/26568"}],"wp:featuredmedia":[{"embeddable":true,"href":"https:\/\/novosaopaulo.com.br\/n1\/wp-json\/wp\/v2\/media\/26567"}],"wp:attachment":[{"href":"https:\/\/novosaopaulo.com.br\/n1\/wp-json\/wp\/v2\/media?parent=26566"}],"wp:term":[{"taxonomy":"category","embeddable":true,"href":"https:\/\/novosaopaulo.com.br\/n1\/wp-json\/wp\/v2\/categories?post=26566"},{"taxonomy":"post_tag","embeddable":true,"href":"https:\/\/novosaopaulo.com.br\/n1\/wp-json\/wp\/v2\/tags?post=26566"}],"curies":[{"name":"wp","href":"https:\/\/api.w.org\/{rel}","templated":true}]}}