{"id":26545,"date":"2025-10-21T11:36:03","date_gmt":"2025-10-21T14:36:03","guid":{"rendered":"https:\/\/novosaopaulo.com.br\/n1\/?p=26545"},"modified":"2025-10-21T11:36:04","modified_gmt":"2025-10-21T14:36:04","slug":"cigana-erica-dias-uma-voz-autentica-da-cultura-calon","status":"publish","type":"post","link":"https:\/\/novosaopaulo.com.br\/n1\/cigana-erica-dias-uma-voz-autentica-da-cultura-calon\/","title":{"rendered":"Cigana \u00c9rica Dias: Uma Voz Aut\u00eantica da Cultura Calon"},"content":{"rendered":"\n<p>Conhecida mundialmente, a cigana raiz da etnia Calon leva sua cultura para a TV, YouTube e outras plataformas digitais, combatendo preconceitos e celebrando a tradi\u00e7\u00e3o cigana.<\/p>\n\n\n\n<p>\u00c9rica Dias, uma cigana sensitiva de renome internacional e pertencente \u00e0 etnia Calon, compartilha suas ra\u00edzes e tradi\u00e7\u00f5es em seu programa e projetos. Enfrentando os preconceitos que cercam sua cultura, ela apresenta um projeto inovador com um formato in\u00e9dito de programa.<\/p>\n\n\n\n<p>&#8220;Gitana Mega Astral&#8221; \u00e9 transmitido na TV Ativa de Piracicaba e regi\u00e3o, abrangendo tamb\u00e9m Limeira, S\u00e3o Paulo e outras localidades. Al\u00e9m disso, o programa est\u00e1 dispon\u00edvel em diversas plataformas digitais e na TV online, acess\u00edvel digitando &#8220;tv.com&#8221;.<\/p>\n\n\n\n<p>Em todas as plataformas, \u00c9rica Dias aborda a riqueza do povo cigano, seus costumes e seu modo de vida. &#8220;Gitana Mega Astral&#8221; \u00e9 um programa voltado para toda a fam\u00edlia e tamb\u00e9m para as escolas, promovendo a cultura, a espiritualidade e o entendimento. O programa oferece m\u00fasica, entretenimento, entrevistas, convidados, curiosidades e a culin\u00e1ria tradicional do povo cigano.<\/p>\n\n\n\n<p>N\u00e3o esquecendo que a Cigana \u00c9rica Dias est\u00e1 recebendo todo o apoio e ajuda da Dra. Ana Vieira e seu escrit\u00f3rio. A \u00c9rica Dias est\u00e1 tirando o seu passaporte e cidadania espanhola e agradece o apoio e a dedica\u00e7\u00e3o da Dra. Ana Vieira.<\/p>\n\n\n\n<p>Para quem desejar algum suporte ou atendimento, pode entrar em contato atrav\u00e9s do e-mail avcidadanias@gmail.com, pelo WhatsApp: 11 97731-0094 ou pelo Instagram: @av_cidadanias.<\/p>\n\n\n\n<p>E, claro, a espiritualidade, que \u00e9 a base de tudo.<\/p>\n\n\n\n<p>Para que a caravana da \u00c9rica Dias possa percorrer mundos e universos\u2026<\/p>\n\n\n\n<figure class=\"wp-block-gallery has-nested-images columns-default is-cropped wp-block-gallery-1 is-layout-flex wp-block-gallery-is-layout-flex\">\n<figure class=\"wp-block-image size-large\"><a href=\"https:\/\/novosaopaulo.com.br\/n1\/wp-content\/uploads\/2025\/10\/WhatsApp-Image-2025-10-21-at-09.28.04-1.jpeg\" target=\"_blank\" rel=\"noopener\"><img fetchpriority=\"high\" decoding=\"async\" width=\"962\" height=\"1024\" data-id=\"26546\" src=\"https:\/\/novosaopaulo.com.br\/n1\/wp-content\/uploads\/2025\/10\/WhatsApp-Image-2025-10-21-at-09.28.04-1-962x1024.jpeg\" alt=\"\" class=\"wp-image-26546\" srcset=\"https:\/\/novosaopaulo.com.br\/n1\/wp-content\/uploads\/2025\/10\/WhatsApp-Image-2025-10-21-at-09.28.04-1-962x1024.jpeg 962w, https:\/\/novosaopaulo.com.br\/n1\/wp-content\/uploads\/2025\/10\/WhatsApp-Image-2025-10-21-at-09.28.04-1-282x300.jpeg 282w, https:\/\/novosaopaulo.com.br\/n1\/wp-content\/uploads\/2025\/10\/WhatsApp-Image-2025-10-21-at-09.28.04-1-768x818.jpeg 768w, https:\/\/novosaopaulo.com.br\/n1\/wp-content\/uploads\/2025\/10\/WhatsApp-Image-2025-10-21-at-09.28.04-1.jpeg 992w\" sizes=\"(max-width: 962px) 100vw, 962px\" \/><\/a><\/figure>\n\n\n\n<figure class=\"wp-block-image size-large\"><a href=\"https:\/\/novosaopaulo.com.br\/n1\/wp-content\/uploads\/2025\/10\/WhatsApp-Image-2025-10-21-at-09.28.04.jpeg\" target=\"_blank\" rel=\"noopener\"><img decoding=\"async\" width=\"962\" height=\"1024\" data-id=\"26547\" src=\"https:\/\/novosaopaulo.com.br\/n1\/wp-content\/uploads\/2025\/10\/WhatsApp-Image-2025-10-21-at-09.28.04-962x1024.jpeg\" alt=\"\" class=\"wp-image-26547\" srcset=\"https:\/\/novosaopaulo.com.br\/n1\/wp-content\/uploads\/2025\/10\/WhatsApp-Image-2025-10-21-at-09.28.04-962x1024.jpeg 962w, https:\/\/novosaopaulo.com.br\/n1\/wp-content\/uploads\/2025\/10\/WhatsApp-Image-2025-10-21-at-09.28.04-282x300.jpeg 282w, https:\/\/novosaopaulo.com.br\/n1\/wp-content\/uploads\/2025\/10\/WhatsApp-Image-2025-10-21-at-09.28.04-768x818.jpeg 768w, https:\/\/novosaopaulo.com.br\/n1\/wp-content\/uploads\/2025\/10\/WhatsApp-Image-2025-10-21-at-09.28.04.jpeg 992w\" sizes=\"(max-width: 962px) 100vw, 962px\" \/><\/a><\/figure>\n\n\n\n<figure class=\"wp-block-image size-large\"><a href=\"https:\/\/novosaopaulo.com.br\/n1\/wp-content\/uploads\/2025\/10\/WhatsApp-Image-2025-10-21-at-09.28.05.jpeg\" target=\"_blank\" rel=\"noopener\"><img decoding=\"async\" width=\"962\" height=\"1024\" data-id=\"26548\" src=\"https:\/\/novosaopaulo.com.br\/n1\/wp-content\/uploads\/2025\/10\/WhatsApp-Image-2025-10-21-at-09.28.05-962x1024.jpeg\" alt=\"\" class=\"wp-image-26548\" srcset=\"https:\/\/novosaopaulo.com.br\/n1\/wp-content\/uploads\/2025\/10\/WhatsApp-Image-2025-10-21-at-09.28.05-962x1024.jpeg 962w, https:\/\/novosaopaulo.com.br\/n1\/wp-content\/uploads\/2025\/10\/WhatsApp-Image-2025-10-21-at-09.28.05-282x300.jpeg 282w, https:\/\/novosaopaulo.com.br\/n1\/wp-content\/uploads\/2025\/10\/WhatsApp-Image-2025-10-21-at-09.28.05-768x818.jpeg 768w, https:\/\/novosaopaulo.com.br\/n1\/wp-content\/uploads\/2025\/10\/WhatsApp-Image-2025-10-21-at-09.28.05.jpeg 992w\" sizes=\"(max-width: 962px) 100vw, 962px\" \/><\/a><\/figure>\n<\/figure>\n","protected":false},"excerpt":{"rendered":"<p>Conhecida mundialmente, a cigana raiz da etnia Calon leva sua cultura para a TV, YouTube&#8230;<\/p>\n","protected":false},"author":1,"featured_media":26549,"comment_status":"open","ping_status":"open","sticky":false,"template":"","format":"standard","meta":{"footnotes":""},"categories":[38],"tags":[],"featured_image_urls":{"full":["https:\/\/novosaopaulo.com.br\/n1\/wp-content\/uploads\/2025\/10\/WhatsApp-Image-2025-10-21-at-09.28.05-1.jpeg",992,1056,false],"thumbnail":["https:\/\/novosaopaulo.com.br\/n1\/wp-content\/uploads\/2025\/10\/WhatsApp-Image-2025-10-21-at-09.28.05-1-150x150.jpeg",150,150,true],"medium":["https:\/\/novosaopaulo.com.br\/n1\/wp-content\/uploads\/2025\/10\/WhatsApp-Image-2025-10-21-at-09.28.05-1-282x300.jpeg",282,300,true],"medium_large":["https:\/\/novosaopaulo.com.br\/n1\/wp-content\/uploads\/2025\/10\/WhatsApp-Image-2025-10-21-at-09.28.05-1-768x818.jpeg",640,682,true],"large":["https:\/\/novosaopaulo.com.br\/n1\/wp-content\/uploads\/2025\/10\/WhatsApp-Image-2025-10-21-at-09.28.05-1-962x1024.jpeg",640,681,true],"1536x1536":["https:\/\/novosaopaulo.com.br\/n1\/wp-content\/uploads\/2025\/10\/WhatsApp-Image-2025-10-21-at-09.28.05-1.jpeg",992,1056,false],"2048x2048":["https:\/\/novosaopaulo.com.br\/n1\/wp-content\/uploads\/2025\/10\/WhatsApp-Image-2025-10-21-at-09.28.05-1.jpeg",992,1056,false],"newsever-slider-full":["https:\/\/novosaopaulo.com.br\/n1\/wp-content\/uploads\/2025\/10\/WhatsApp-Image-2025-10-21-at-09.28.05-1-992x845.jpeg",992,845,true],"newsever-featured":["https:\/\/novosaopaulo.com.br\/n1\/wp-content\/uploads\/2025\/10\/WhatsApp-Image-2025-10-21-at-09.28.05-1.jpeg",992,1056,false],"newsever-medium":["https:\/\/novosaopaulo.com.br\/n1\/wp-content\/uploads\/2025\/10\/WhatsApp-Image-2025-10-21-at-09.28.05-1-720x475.jpeg",720,475,true]},"author_info":{"display_name":"Reda\u00e7\u00e3o","author_link":"https:\/\/novosaopaulo.com.br\/n1\/author\/g5poa\/"},"category_info":"<a href=\"https:\/\/novosaopaulo.com.br\/n1\/category\/joao-costa\/\" rel=\"category tag\">Jo\u00e3o Costa<\/a>","tag_info":"Jo\u00e3o Costa","comment_count":"0","_links":{"self":[{"href":"https:\/\/novosaopaulo.com.br\/n1\/wp-json\/wp\/v2\/posts\/26545"}],"collection":[{"href":"https:\/\/novosaopaulo.com.br\/n1\/wp-json\/wp\/v2\/posts"}],"about":[{"href":"https:\/\/novosaopaulo.com.br\/n1\/wp-json\/wp\/v2\/types\/post"}],"author":[{"embeddable":true,"href":"https:\/\/novosaopaulo.com.br\/n1\/wp-json\/wp\/v2\/users\/1"}],"replies":[{"embeddable":true,"href":"https:\/\/novosaopaulo.com.br\/n1\/wp-json\/wp\/v2\/comments?post=26545"}],"version-history":[{"count":1,"href":"https:\/\/novosaopaulo.com.br\/n1\/wp-json\/wp\/v2\/posts\/26545\/revisions"}],"predecessor-version":[{"id":26550,"href":"https:\/\/novosaopaulo.com.br\/n1\/wp-json\/wp\/v2\/posts\/26545\/revisions\/26550"}],"wp:featuredmedia":[{"embeddable":true,"href":"https:\/\/novosaopaulo.com.br\/n1\/wp-json\/wp\/v2\/media\/26549"}],"wp:attachment":[{"href":"https:\/\/novosaopaulo.com.br\/n1\/wp-json\/wp\/v2\/media?parent=26545"}],"wp:term":[{"taxonomy":"category","embeddable":true,"href":"https:\/\/novosaopaulo.com.br\/n1\/wp-json\/wp\/v2\/categories?post=26545"},{"taxonomy":"post_tag","embeddable":true,"href":"https:\/\/novosaopaulo.com.br\/n1\/wp-json\/wp\/v2\/tags?post=26545"}],"curies":[{"name":"wp","href":"https:\/\/api.w.org\/{rel}","templated":true}]}}