{"id":26539,"date":"2025-10-21T11:33:37","date_gmt":"2025-10-21T14:33:37","guid":{"rendered":"https:\/\/novosaopaulo.com.br\/n1\/?p=26539"},"modified":"2025-10-21T11:33:37","modified_gmt":"2025-10-21T14:33:37","slug":"mogiano-e-icones-do-surf-mundial-estreiam-no-streaming-em-documentario-sobre-esporte-e-saude-mental","status":"publish","type":"post","link":"https:\/\/novosaopaulo.com.br\/n1\/mogiano-e-icones-do-surf-mundial-estreiam-no-streaming-em-documentario-sobre-esporte-e-saude-mental\/","title":{"rendered":"Mogiano e \u00edcones do Surf mundial estreiam no streaming em document\u00e1rio sobre Esporte e sa\u00fade mental"},"content":{"rendered":"\n<p>Cirurgi\u00e3o-dentista, empres\u00e1rio e surfista amador, Pablo Bezerra se une a Rodrigo Koxa, Alem\u00e3o de Maresias, Michaela Fregonese, Kalani Lattanzi e Ana Catarina em \u201cContos de Nazar\u00e9\u201d; exibi\u00e7\u00e3o do document\u00e1rio tem in\u00edcio em 23\/10, nas plataformas Now, Vivo, Looke, Amazon Prime, Google Play e iTunes<\/p>\n\n\n\n<p>Das \u00e1guas de Guaratuba, em Bertioga-SP, \u00e0s ondas gigantes de Nazar\u00e9, em Portugal. Pablo Bezerra \u2014 cirurgi\u00e3o-dentista, empres\u00e1rio e surfista amador \u2014 transformou sua paix\u00e3o pelo mar em sa\u00fade mental e num caminho para a sobreviv\u00eancia. Para contar sua experi\u00eancia e de outras sete pessoas, incluindo a elite mundial do Surf e do Skin Board, o mogiano idealizou o document\u00e1rio \u201cContos de Nazar\u00e9. Com estreia nas telinhas na quinta-feira (23\/10), os seis epis\u00f3dios da produ\u00e7\u00e3o destacam o Surf n\u00e3o apenas como Esporte, mas como poderosa ferramenta de equil\u00edbrio e de supera\u00e7\u00e3o pessoal.<\/p>\n\n\n\n<p>Reunindo autoridades, atletas profissionais e personalidades do Surf, o longa ser\u00e1 lan\u00e7ado em evento nesta quarta-feira (22\/10), \u00e0s 19h, no Tatu Bola, do Itaim, em S\u00e3o Paulo-SP, e chega um dia depois \u00e0s principais plataformas de streaming \u2014 Now, Vivo, Looke, Amazon Prime, Google Play e iTunes.<\/p>\n\n\n\n<p>Produzido pela PH Costa Blanca, o document\u00e1rio defende que o Surf, bem como outras modalidades praticadas na \u00e1gua e fora dela s\u00e3o jornadas de autoconhecimento, de conex\u00e3o com a espiritualidade e de manuten\u00e7\u00e3o da sa\u00fade mental.<\/p>\n\n\n\n<p>Com seis epis\u00f3dios, com 55 minutos de dura\u00e7\u00e3o, cada, \u201cContos de Nazar\u00e9\u201d traz, al\u00e9m do depoimento do mogiano, perspectivas de Rodrigo Koxa, recordista mundial das ondas de Nazar\u00e9; Ed\u00edlson Lu\u00eds da Assun\u00e7\u00e3o, o Alem\u00e3o de Maresias, piloto de seguran\u00e7a aqu\u00e1tica mais reconhecido do planeta; Michaela Fregonese, campe\u00e3 mundial no Big Wave Challenge; e Kalani Lattanzi, havaiano refer\u00eancia em Surf, Bodyboard e Bodysurf, e campe\u00e3o na categoria Resili\u00eancia do Red Chargers de Nazar\u00e9.<\/p>\n\n\n\n<p>A fot\u00f3grafa aqu\u00e1tica brasileira Ana Catarina Teles, especialista em Fotografia de Surf e que j\u00e1 cobriu competi\u00e7\u00f5es nas ondas gigantes de Portugal, tamb\u00e9m participa do longa, ao lado de Lucas Fink, pentacampe\u00e3o de Skin Board; e de Vin\u00edcius dos Santos, surfista profissional de ondas gigantes na remada. Ao longo de dois anos de filmagens, o grupo compartilhou experi\u00eancias intensas de coragem, de disciplina e de autodescoberta.<\/p>\n\n\n\n<p>Casado com Mariana Hanashiro e pai de Rafael e de Maya \u2014 que j\u00e1 seguem os passos do pai nas ondas \u2014 Bezerra pratica a modalidade desde os cinco anos, incentivado pela m\u00e3e, que lhe deu a primeira prancha, e pelo irm\u00e3o, Bruno, tamb\u00e9m surfista.<\/p>\n\n\n\n<p>As melhores lembran\u00e7as, segundo o mogiano, est\u00e3o em Guaratuba (Bertioga), no Hawaii e em Nazar\u00e9. Foi em 2021, durante uma viagem a Portugal, que ele viveu uma experi\u00eancia transformadora:<\/p>\n\n\n\n<p>\u201cPassei por uma fase muito dif\u00edcil. A depress\u00e3o chega num estalar de dedos. Todo pensamento intrusivo invade o corpo e a mente. E s\u00e3o reflex\u00f5es de desist\u00eancia, de falta de f\u00e9 e de reconhecimento da pr\u00f3pria hist\u00f3ria. Costumo dizer que fui para o fundo do po\u00e7o, s\u00f3 que l\u00e1 tinha \u00e1gua! Surfei para retomar minha vida. O Surf, que era s\u00f3 um hobby, foi a boia de salva\u00e7\u00e3o. Na hora em que decidi contar isso num document\u00e1rio, encontrei pelo caminho outros que, assim como eu, tamb\u00e9m foram impactados pelo Esporte, pelo mar. Vamos assistir a vidas reais, a vulnerabilidades e ao poder transformador do Surf\u201d, complementa Bezerra.<\/p>\n\n\n\n<p>Visualiza\u00e7\u00f5es solid\u00e1rias<br>O filme tamb\u00e9m tem vi\u00e9s solid\u00e1rio: toda a renda obtida com as visualiza\u00e7\u00f5es ser\u00e1 revertida \u00e0 Associa\u00e7\u00e3o Casa da Crian\u00e7a \u201cZenaide de Souza Lima\u201d, de Itaquaquecetuba-SP, institui\u00e7\u00e3o que h\u00e1 mais de meio s\u00e9culo acolhe crian\u00e7as e fam\u00edlias da regi\u00e3o do Alto Tiet\u00ea.<\/p>\n\n\n\n<p>SERVI\u00c7O:<br>Lan\u00e7amento do Document\u00e1rio \u201cContos de Nazar\u00e9\u201d<br>22\/10 &#8211; 4\u00aa feira<br>\u00c0s 19h<br>Tatu Bola Itaim (rua Clodomiro Amazonas, 260 &#8211; Itaim Bibi, S\u00e3o Paulo-SP)<\/p>\n\n\n\n<p>Ficha T\u00e9cnica \u201cContos de Nazar\u00e9\u201d<br>Dire\u00e7\u00e3o e idealiza\u00e7\u00e3o: Pablo Bezerra<br>Produ\u00e7\u00e3o: PH Costa Blanca<br>Participa\u00e7\u00f5es: Rodrigo Koxa; Ed\u00edlson Lu\u00eds da Assun\u00e7\u00e3o, o Alem\u00e3o de Maresias; Michaela Fregonese; Kalani Lattanzi; Ana Catarina Teles; Lucas Fink; Vin\u00edcius dos Santos; e Pablo Bezerra<br>Formato: 6 epis\u00f3dios, com 55 minutos de dura\u00e7\u00e3o, cada<br>Exibi\u00e7\u00e3o: a partir de 23\/10 &#8211; 5\u00aa feira<br>Dispon\u00edvel no Streaming: Now, Vivo, Looke, Amazon Prime, Google Play e iTunes<\/p>\n\n\n\n<p>Teaser oficial: https:\/\/vimeo.com\/costablancafilms\/trailer-contos-de-nazare<\/p>\n\n\n\n<figure class=\"wp-block-gallery has-nested-images columns-default is-cropped wp-block-gallery-1 is-layout-flex wp-block-gallery-is-layout-flex\">\n<figure class=\"wp-block-image size-large\"><a href=\"http:\/\/novosaopaulo.com.br\/n1\/wp-content\/uploads\/2025\/10\/WhatsApp-Image-2025-10-21-at-09.25.19.jpeg\" target=\"_blank\" rel=\"noopener\"><img fetchpriority=\"high\" decoding=\"async\" width=\"678\" height=\"1024\" data-id=\"26540\" src=\"http:\/\/novosaopaulo.com.br\/n1\/wp-content\/uploads\/2025\/10\/WhatsApp-Image-2025-10-21-at-09.25.19-678x1024.jpeg\" alt=\"\" class=\"wp-image-26540\" srcset=\"https:\/\/novosaopaulo.com.br\/n1\/wp-content\/uploads\/2025\/10\/WhatsApp-Image-2025-10-21-at-09.25.19-678x1024.jpeg 678w, https:\/\/novosaopaulo.com.br\/n1\/wp-content\/uploads\/2025\/10\/WhatsApp-Image-2025-10-21-at-09.25.19-199x300.jpeg 199w, https:\/\/novosaopaulo.com.br\/n1\/wp-content\/uploads\/2025\/10\/WhatsApp-Image-2025-10-21-at-09.25.19-768x1159.jpeg 768w, https:\/\/novosaopaulo.com.br\/n1\/wp-content\/uploads\/2025\/10\/WhatsApp-Image-2025-10-21-at-09.25.19-1018x1536.jpeg 1018w, https:\/\/novosaopaulo.com.br\/n1\/wp-content\/uploads\/2025\/10\/WhatsApp-Image-2025-10-21-at-09.25.19-1024x1546.jpeg 1024w, https:\/\/novosaopaulo.com.br\/n1\/wp-content\/uploads\/2025\/10\/WhatsApp-Image-2025-10-21-at-09.25.19.jpeg 1060w\" sizes=\"(max-width: 678px) 100vw, 678px\" \/><\/a><\/figure>\n\n\n\n<figure class=\"wp-block-image size-large\"><a href=\"https:\/\/novosaopaulo.com.br\/n1\/wp-content\/uploads\/2025\/10\/WhatsApp-Image-2025-10-21-at-09.25.15.jpeg\" target=\"_blank\" rel=\"noopener\"><img decoding=\"async\" width=\"544\" height=\"1024\" data-id=\"26541\" src=\"https:\/\/novosaopaulo.com.br\/n1\/wp-content\/uploads\/2025\/10\/WhatsApp-Image-2025-10-21-at-09.25.15-544x1024.jpeg\" alt=\"\" class=\"wp-image-26541\" srcset=\"https:\/\/novosaopaulo.com.br\/n1\/wp-content\/uploads\/2025\/10\/WhatsApp-Image-2025-10-21-at-09.25.15-544x1024.jpeg 544w, https:\/\/novosaopaulo.com.br\/n1\/wp-content\/uploads\/2025\/10\/WhatsApp-Image-2025-10-21-at-09.25.15-159x300.jpeg 159w, https:\/\/novosaopaulo.com.br\/n1\/wp-content\/uploads\/2025\/10\/WhatsApp-Image-2025-10-21-at-09.25.15-768x1446.jpeg 768w, https:\/\/novosaopaulo.com.br\/n1\/wp-content\/uploads\/2025\/10\/WhatsApp-Image-2025-10-21-at-09.25.15-816x1536.jpeg 816w, https:\/\/novosaopaulo.com.br\/n1\/wp-content\/uploads\/2025\/10\/WhatsApp-Image-2025-10-21-at-09.25.15.jpeg 850w\" sizes=\"(max-width: 544px) 100vw, 544px\" \/><\/a><\/figure>\n\n\n\n<figure class=\"wp-block-image size-large\"><a href=\"https:\/\/novosaopaulo.com.br\/n1\/wp-content\/uploads\/2025\/10\/WhatsApp-Image-2025-10-21-at-09.25.16.jpeg\" target=\"_blank\" rel=\"noopener\"><img decoding=\"async\" width=\"727\" height=\"1024\" data-id=\"26542\" src=\"https:\/\/novosaopaulo.com.br\/n1\/wp-content\/uploads\/2025\/10\/WhatsApp-Image-2025-10-21-at-09.25.16-727x1024.jpeg\" alt=\"\" class=\"wp-image-26542\" srcset=\"https:\/\/novosaopaulo.com.br\/n1\/wp-content\/uploads\/2025\/10\/WhatsApp-Image-2025-10-21-at-09.25.16-727x1024.jpeg 727w, https:\/\/novosaopaulo.com.br\/n1\/wp-content\/uploads\/2025\/10\/WhatsApp-Image-2025-10-21-at-09.25.16-213x300.jpeg 213w, https:\/\/novosaopaulo.com.br\/n1\/wp-content\/uploads\/2025\/10\/WhatsApp-Image-2025-10-21-at-09.25.16-768x1082.jpeg 768w, https:\/\/novosaopaulo.com.br\/n1\/wp-content\/uploads\/2025\/10\/WhatsApp-Image-2025-10-21-at-09.25.16-1091x1536.jpeg 1091w, https:\/\/novosaopaulo.com.br\/n1\/wp-content\/uploads\/2025\/10\/WhatsApp-Image-2025-10-21-at-09.25.16-1024x1442.jpeg 1024w, https:\/\/novosaopaulo.com.br\/n1\/wp-content\/uploads\/2025\/10\/WhatsApp-Image-2025-10-21-at-09.25.16.jpeg 1136w\" sizes=\"(max-width: 727px) 100vw, 727px\" \/><\/a><\/figure>\n<\/figure>\n","protected":false},"excerpt":{"rendered":"<p>Cirurgi\u00e3o-dentista, empres\u00e1rio e surfista amador, Pablo Bezerra se une a Rodrigo Koxa, Alem\u00e3o de Maresias,&#8230;<\/p>\n","protected":false},"author":1,"featured_media":26543,"comment_status":"open","ping_status":"open","sticky":false,"template":"","format":"standard","meta":{"footnotes":""},"categories":[34],"tags":[],"featured_image_urls":{"full":["https:\/\/novosaopaulo.com.br\/n1\/wp-content\/uploads\/2025\/10\/WhatsApp-Image-2025-10-21-at-09.25.15-1.jpeg",1600,1200,false],"thumbnail":["https:\/\/novosaopaulo.com.br\/n1\/wp-content\/uploads\/2025\/10\/WhatsApp-Image-2025-10-21-at-09.25.15-1-150x150.jpeg",150,150,true],"medium":["https:\/\/novosaopaulo.com.br\/n1\/wp-content\/uploads\/2025\/10\/WhatsApp-Image-2025-10-21-at-09.25.15-1-300x225.jpeg",300,225,true],"medium_large":["https:\/\/novosaopaulo.com.br\/n1\/wp-content\/uploads\/2025\/10\/WhatsApp-Image-2025-10-21-at-09.25.15-1-768x576.jpeg",640,480,true],"large":["https:\/\/novosaopaulo.com.br\/n1\/wp-content\/uploads\/2025\/10\/WhatsApp-Image-2025-10-21-at-09.25.15-1-1024x768.jpeg",640,480,true],"1536x1536":["https:\/\/novosaopaulo.com.br\/n1\/wp-content\/uploads\/2025\/10\/WhatsApp-Image-2025-10-21-at-09.25.15-1-1536x1152.jpeg",1536,1152,true],"2048x2048":["https:\/\/novosaopaulo.com.br\/n1\/wp-content\/uploads\/2025\/10\/WhatsApp-Image-2025-10-21-at-09.25.15-1.jpeg",1600,1200,false],"newsever-slider-full":["https:\/\/novosaopaulo.com.br\/n1\/wp-content\/uploads\/2025\/10\/WhatsApp-Image-2025-10-21-at-09.25.15-1-1280x845.jpeg",1280,845,true],"newsever-featured":["https:\/\/novosaopaulo.com.br\/n1\/wp-content\/uploads\/2025\/10\/WhatsApp-Image-2025-10-21-at-09.25.15-1-1024x768.jpeg",1024,768,true],"newsever-medium":["https:\/\/novosaopaulo.com.br\/n1\/wp-content\/uploads\/2025\/10\/WhatsApp-Image-2025-10-21-at-09.25.15-1-720x475.jpeg",720,475,true]},"author_info":{"display_name":"Reda\u00e7\u00e3o","author_link":"https:\/\/novosaopaulo.com.br\/n1\/author\/g5poa\/"},"category_info":"<a href=\"https:\/\/novosaopaulo.com.br\/n1\/category\/alto-tiete\/\" rel=\"category tag\">Alto Tiet\u00ea<\/a>","tag_info":"Alto Tiet\u00ea","comment_count":"0","_links":{"self":[{"href":"https:\/\/novosaopaulo.com.br\/n1\/wp-json\/wp\/v2\/posts\/26539"}],"collection":[{"href":"https:\/\/novosaopaulo.com.br\/n1\/wp-json\/wp\/v2\/posts"}],"about":[{"href":"https:\/\/novosaopaulo.com.br\/n1\/wp-json\/wp\/v2\/types\/post"}],"author":[{"embeddable":true,"href":"https:\/\/novosaopaulo.com.br\/n1\/wp-json\/wp\/v2\/users\/1"}],"replies":[{"embeddable":true,"href":"https:\/\/novosaopaulo.com.br\/n1\/wp-json\/wp\/v2\/comments?post=26539"}],"version-history":[{"count":1,"href":"https:\/\/novosaopaulo.com.br\/n1\/wp-json\/wp\/v2\/posts\/26539\/revisions"}],"predecessor-version":[{"id":26544,"href":"https:\/\/novosaopaulo.com.br\/n1\/wp-json\/wp\/v2\/posts\/26539\/revisions\/26544"}],"wp:featuredmedia":[{"embeddable":true,"href":"https:\/\/novosaopaulo.com.br\/n1\/wp-json\/wp\/v2\/media\/26543"}],"wp:attachment":[{"href":"https:\/\/novosaopaulo.com.br\/n1\/wp-json\/wp\/v2\/media?parent=26539"}],"wp:term":[{"taxonomy":"category","embeddable":true,"href":"https:\/\/novosaopaulo.com.br\/n1\/wp-json\/wp\/v2\/categories?post=26539"},{"taxonomy":"post_tag","embeddable":true,"href":"https:\/\/novosaopaulo.com.br\/n1\/wp-json\/wp\/v2\/tags?post=26539"}],"curies":[{"name":"wp","href":"https:\/\/api.w.org\/{rel}","templated":true}]}}