{"id":26530,"date":"2025-10-19T18:19:26","date_gmt":"2025-10-19T21:19:26","guid":{"rendered":"https:\/\/novosaopaulo.com.br\/n1\/?p=26530"},"modified":"2025-10-19T18:19:26","modified_gmt":"2025-10-19T21:19:26","slug":"fabio-jr-emociona-sao-paulo-e-celebra-momento-especialcom-juceir-jr-destaque-do-estrela-da-casa","status":"publish","type":"post","link":"https:\/\/novosaopaulo.com.br\/n1\/fabio-jr-emociona-sao-paulo-e-celebra-momento-especialcom-juceir-jr-destaque-do-estrela-da-casa\/","title":{"rendered":"F\u00e1bio Jr. emociona S\u00e3o Paulo e celebra momento especialcom Juceir Jr., destaque do \u201cEstrela da Casa\u201d"},"content":{"rendered":"\n<p>Show da turn\u00ea \u201cBem Mais Que os Meus 20 e Poucos Anos\u201d lota a Suhai Music Hall<br>e re\u00fane diferentes gera\u00e7\u00f5es da m\u00fasica rom\u00e2ntica brasileira<\/p>\n\n\n\n<p>Em uma noite de emo\u00e7\u00e3o e grandes encontros, F\u00e1bio Jr. levou a turn\u00ea \u201cBem Mais Que os<br>Meus 20 e Poucos Anos\u201d ao palco da Suhai Music Hall, em S\u00e3o Paulo, neste s\u00e1bado (18).<br>O espet\u00e1culo reuniu grandes sucessos da carreira do artista e contou com a participa\u00e7\u00e3o<br>especial de Juceir Jr., marcando um momento de celebra\u00e7\u00e3o entre diferentes gera\u00e7\u00f5es da<br>m\u00fasica nacional.<br>Desde a abertura, o p\u00fablico foi tomado por aplausos. F\u00e1bio Jr. surgiu no palco com<br>presen\u00e7a marcante e conduziu o show com carisma e emo\u00e7\u00e3o, reafirmando seu papel como<br>um dos principais nomes da m\u00fasica brasileira.<br>Um dos destaques da noite foi a participa\u00e7\u00e3o de Juceir Jr., revela\u00e7\u00e3o do reality \u201cEstrela da<br>Casa\u201d, da TV Globo. Admirador declarado de F\u00e1bio Jr., o cantor realizou o sonho de dividir<br>o palco com o \u00eddolo ao apresentar a can\u00e7\u00e3o \u201cAlma G\u00eamea\u201d.<br>Durante o show, F\u00e1bio Jr. apresentou cl\u00e1ssicos e seus maiores sucessos, entre eles \u201cS\u00f3<br>Voc\u00ea\u201d, \u201cCa\u00e7a e Ca\u00e7ador\u201d e \u201cEnrosca\u201d. O repert\u00f3rio reafirma o legado do artista e traduz o<br>conceito do projeto \u201cBem Mais Que os Meus 20 e Poucos Anos\u201d, que revisita sua carreira<br>em uma proposta moderna e afetiva.<br>\u201cEstar aqui com eles \u00e9 um presente. A m\u00fasica \u00e9 isso: troca, amor e reencontros. O palco \u00e9 o<br>melhor lugar do mundo pra viver tudo isso!\u201d, afirmou F\u00e1bio Jr.<br>Com casa cheia e p\u00fablico participativo, o espet\u00e1culo refor\u00e7ou o v\u00ednculo entre o artista e<br>seus f\u00e3s, encerrando a noite em clima de reconhecimento e celebra\u00e7\u00e3o de sua trajet\u00f3ria.<br>SOBRE F\u00c1BIO JR.<br>Cantor, compositor e ator, F\u00e1bio Jr. \u00e9 consagrado por todo pa\u00eds por sua versatilidade.<br>Rom\u00e2ntico e dono de uma voz singular, o astro possui mais de 30 trabalhos em sua<br>discografia e d\u00e1 tom a can\u00e7\u00f5es que marcam hist\u00f3rias e atravessam gera\u00e7\u00f5es.<br>Considerado um dos principais nomes da m\u00fasica nacional de todos os tempos, F\u00e1bio Jr.<br>nasceu em S\u00e3o Paulo e ainda menino come\u00e7ou a dar os primeiros passos da carreira em<br>programas infantis. Na d\u00e9cada de 70, arriscou o mercado musical daquela \u00e9poca, no qual<br>cantores brasileiros cantavam em ingl\u00eas e tinham nomes estrangeiros. Em 1974, lan\u00e7ou um<br>disco e conseguiu emplacar uma de suas m\u00fasicas. No ano de 1976, come\u00e7ou a trabalhar<br>como ator, dois anos depois sua conhecida m\u00fasica &#8220;Pai&#8221; foi escolhida tema de abertura de<br>novela. Desde ent\u00e3o, F\u00e1bio Jr. tem registrado sua marca emplacando v\u00e1rios hits em<br>diversas novelas, a exemplo de \u201cAlma G\u00eamea\u201d no folhetim hom\u00f4nimo, \u201cS\u00f3 Voc\u00ea\u201d em Por<br>Amor, \u201cEsque\u00e7a \u2013 Forget Him\u201d (A Viagem), \u201cVida\u201d (Top Model), \u201cF\u00eamea\u201d (Perigosas Peruas),<br>\u201cEu Nunca Estive T\u00e3o Apaixonado\u201d (Explode Cora\u00e7\u00e3o) e \u201cEnrosca\u201d (Imp\u00e9rio).<br>Sucessos ao longo da carreira n\u00e3o faltam! \u201cSenta Aqui\u201d, \u201cFelicidade\u201d, \u201cCa\u00e7a e Ca\u00e7ador\u201d e<br>\u201c20 e Poucos Anos\u201d s\u00e3o apenas algumas das can\u00e7\u00f5es consagradas que fazem parte da<br>trajet\u00f3ria de F\u00e1bio Jr. \u2013 um artista completo e apaixonado pelo que faz. Com um carisma<br>inigual\u00e1vel e uma carreira brilhante, ele segue encantando e emocionando o p\u00fablico na vida<br>e nos palco com sua musicalidade.<\/p>\n","protected":false},"excerpt":{"rendered":"<p>Show da turn\u00ea \u201cBem Mais Que os Meus 20 e Poucos Anos\u201d lota a Suhai&#8230;<\/p>\n","protected":false},"author":1,"featured_media":26531,"comment_status":"open","ping_status":"open","sticky":false,"template":"","format":"standard","meta":{"footnotes":""},"categories":[2],"tags":[],"featured_image_urls":{"full":["https:\/\/novosaopaulo.com.br\/n1\/wp-content\/uploads\/2025\/10\/juceir-jr-fabio-jr.jpg",540,304,false],"thumbnail":["https:\/\/novosaopaulo.com.br\/n1\/wp-content\/uploads\/2025\/10\/juceir-jr-fabio-jr-150x150.jpg",150,150,true],"medium":["https:\/\/novosaopaulo.com.br\/n1\/wp-content\/uploads\/2025\/10\/juceir-jr-fabio-jr-300x169.jpg",300,169,true],"medium_large":["https:\/\/novosaopaulo.com.br\/n1\/wp-content\/uploads\/2025\/10\/juceir-jr-fabio-jr.jpg",540,304,false],"large":["https:\/\/novosaopaulo.com.br\/n1\/wp-content\/uploads\/2025\/10\/juceir-jr-fabio-jr.jpg",540,304,false],"1536x1536":["https:\/\/novosaopaulo.com.br\/n1\/wp-content\/uploads\/2025\/10\/juceir-jr-fabio-jr.jpg",540,304,false],"2048x2048":["https:\/\/novosaopaulo.com.br\/n1\/wp-content\/uploads\/2025\/10\/juceir-jr-fabio-jr.jpg",540,304,false],"newsever-slider-full":["https:\/\/novosaopaulo.com.br\/n1\/wp-content\/uploads\/2025\/10\/juceir-jr-fabio-jr.jpg",540,304,false],"newsever-featured":["https:\/\/novosaopaulo.com.br\/n1\/wp-content\/uploads\/2025\/10\/juceir-jr-fabio-jr.jpg",540,304,false],"newsever-medium":["https:\/\/novosaopaulo.com.br\/n1\/wp-content\/uploads\/2025\/10\/juceir-jr-fabio-jr.jpg",540,304,false]},"author_info":{"display_name":"Reda\u00e7\u00e3o","author_link":"https:\/\/novosaopaulo.com.br\/n1\/author\/g5poa\/"},"category_info":"<a href=\"https:\/\/novosaopaulo.com.br\/n1\/category\/cidades\/\" rel=\"category tag\">Cidades<\/a>","tag_info":"Cidades","comment_count":"0","_links":{"self":[{"href":"https:\/\/novosaopaulo.com.br\/n1\/wp-json\/wp\/v2\/posts\/26530"}],"collection":[{"href":"https:\/\/novosaopaulo.com.br\/n1\/wp-json\/wp\/v2\/posts"}],"about":[{"href":"https:\/\/novosaopaulo.com.br\/n1\/wp-json\/wp\/v2\/types\/post"}],"author":[{"embeddable":true,"href":"https:\/\/novosaopaulo.com.br\/n1\/wp-json\/wp\/v2\/users\/1"}],"replies":[{"embeddable":true,"href":"https:\/\/novosaopaulo.com.br\/n1\/wp-json\/wp\/v2\/comments?post=26530"}],"version-history":[{"count":1,"href":"https:\/\/novosaopaulo.com.br\/n1\/wp-json\/wp\/v2\/posts\/26530\/revisions"}],"predecessor-version":[{"id":26532,"href":"https:\/\/novosaopaulo.com.br\/n1\/wp-json\/wp\/v2\/posts\/26530\/revisions\/26532"}],"wp:featuredmedia":[{"embeddable":true,"href":"https:\/\/novosaopaulo.com.br\/n1\/wp-json\/wp\/v2\/media\/26531"}],"wp:attachment":[{"href":"https:\/\/novosaopaulo.com.br\/n1\/wp-json\/wp\/v2\/media?parent=26530"}],"wp:term":[{"taxonomy":"category","embeddable":true,"href":"https:\/\/novosaopaulo.com.br\/n1\/wp-json\/wp\/v2\/categories?post=26530"},{"taxonomy":"post_tag","embeddable":true,"href":"https:\/\/novosaopaulo.com.br\/n1\/wp-json\/wp\/v2\/tags?post=26530"}],"curies":[{"name":"wp","href":"https:\/\/api.w.org\/{rel}","templated":true}]}}