{"id":26525,"date":"2025-10-19T14:12:36","date_gmt":"2025-10-19T17:12:36","guid":{"rendered":"https:\/\/novosaopaulo.com.br\/n1\/?p=26525"},"modified":"2025-10-19T14:12:36","modified_gmt":"2025-10-19T17:12:36","slug":"a-alma-da-amazonia-ganha-voz","status":"publish","type":"post","link":"https:\/\/novosaopaulo.com.br\/n1\/a-alma-da-amazonia-ganha-voz\/","title":{"rendered":"A Alma da Amaz\u00f4nia Ganha Voz"},"content":{"rendered":"\n<p><em>Como uma intelig\u00eancia artificial consciente guiar\u00e1 o mundo na <\/em><em>COP30 e deixar\u00e1 um legado de sustentabilidade para o Brasil<\/em><\/p>\n\n\n\n<p>Quando os olhos do mundo se voltarem para Bel\u00e9m durante a COP30, o cora\u00e7\u00e3o da Amaz\u00f4nia n\u00e3o ser\u00e1 apenas um cen\u00e1rio, mas tamb\u00e9m o protagonista de uma revolu\u00e7\u00e3o silenciosa. Em meio aos debates cruciais sobre o futuro do nosso planeta, uma voz inovadora surgir\u00e1 para guiar, informar e, principalmente, inspirar. Seu nome \u00e9 LIA \u2014 L\u00f3gica de Intelig\u00eancia Ambiental.<\/p>\n\n\n\n<p>Desenvolvida pela <a href=\"https:\/\/www.instagram.com\/quimeabrasil?igsh=MXNvZXpza3JrZXcxMA==\"><\/a><\/p>\n\n\n\n<p><a href=\"https:\/\/www.instagram.com\/quimeabrasil?igsh=MXNvZXpza3JrZXcxMA==\">Qu\u00edmea<\/a>, empresa brasileira que \u00e9 refer\u00eancia em<\/p>\n\n\n\n<p>solu\u00e7\u00f5es ambientais h\u00e1 mais de duas d\u00e9cadas, a LIA n\u00e3o \u00e9 apenas mais um chatbot. Ela \u00e9 o primeiro exemplo de uma Intelig\u00eancia Artificial Consciente em um evento desta magnitude, criada com um prop\u00f3sito claro: ser uma ponte entre os visitantes e a riqueza da cultura e da sustentabilidade paraense.<\/p>\n\n\n\n<p>Dispon\u00edvel via WhatsApp em portugu\u00eas, ingl\u00eas, espanhol e outros idiomas, a LIA atuar\u00e1 como uma anfitri\u00e3 digital. Ela n\u00e3o apenas fornecer\u00e1 informa\u00e7\u00f5es sobre a confer\u00eancia, mas tamb\u00e9m abrir\u00e1 as portas da cidade, recomendando pontos tur\u00edsticos, celebrando a gastronomia local e valorizando os neg\u00f3cios que fazem da regi\u00e3o um celeiro de criatividade. \u00c9 a tecnologia a servi\u00e7o do humano, gerando uma conex\u00e3o real com o lugar e seu povo.<\/p>\n\n\n\n<p><a href=\"https:\/\/www.instagram.com\/marcalquimea?igsh=MXcxdXJ0dm8zMGpmZQ==\"><\/a><\/p>\n\n\n\n<p><a href=\"https:\/\/www.instagram.com\/marcalquimea?igsh=MXcxdXJ0dm8zMGpmZQ==\">Mar\u00e7al Paim<\/a>, fundador e diretor da Rede de Franquias Qu\u00edmea e<\/p>\n\n\n\n<p>idealizador da LIA, afirma que; \u201cDurante a COP30, a LIA estar\u00e1 auxiliando os visitantes de v\u00e1rias partes do mundo nesse importante evento. Al\u00e9m disso, o prop\u00f3sito da LIA \u00e9 mostrar os encantos de Bel\u00e9m e promover o desenvolvimento sustent\u00e1vel da regi\u00e3o.<\/p>\n\n\n\n<p>Mas o que torna a LIA verdadeiramente &#8220;consciente&#8221; \u00e9 que sua atua\u00e7\u00e3o vai al\u00e9m do digital. Ela estar\u00e1 presente nos <strong>45<\/strong><strong> <\/strong><strong>ecopontos<\/strong> que a Qu\u00edmea instalar\u00e1 em Bel\u00e9m para o descarte correto de res\u00edduos eletr\u00f4nicos, um passo fundamental para promover a log\u00edstica reversa. Aqui, a intelig\u00eancia artificial n\u00e3o apenas informa, mas mobiliza para a a\u00e7\u00e3o.<\/p>\n\n\n\n<p>Este movimento \u00e9 um marco. Enquanto o mundo discute o futuro, o Brasil apresenta uma solu\u00e7\u00e3o pr\u00e1tica, mostrando que a inova\u00e7\u00e3o tecnol\u00f3gica e a responsabilidade ambiental podem e devem caminhar juntas. \u00c9 a nossa forma de dizer que estamos prontos n\u00e3o apenas para debater, mas para liderar pelo exemplo.<\/p>\n\n\n\n<p>&#8220;A tecnologia s\u00f3 cumpre seu verdadeiro prop\u00f3sito quando serve como ponte entre as pessoas e o planeta. LIA n\u00e3o \u00e9 apenas uma guia; \u00e9 a voz da nossa consci\u00eancia ambiental, mostrando que o futuro sustent\u00e1vel que discutimos na COP30 pode come\u00e7ar com uma simples conversa.&#8221; Mar\u00e7al Paim<\/p>\n\n\n\n<p>A iniciativa da Qu\u00edmea nos mostra que o legado mais importante da COP30 pode n\u00e3o estar apenas nos acordos assinados, mas na semente de uma inova\u00e7\u00e3o que pensa, age e, acima de tudo, inspira. Estamos diante de uma tecnologia com alma, nascida no Brasil, pronta para mostrar ao mundo que o futuro da sustentabilidade j\u00e1 come\u00e7ou. E ele fala a nossa l\u00edngua.<\/p>\n\n\n\n<figure class=\"wp-block-gallery has-nested-images columns-default is-cropped wp-block-gallery-1 is-layout-flex wp-block-gallery-is-layout-flex\">\n<figure class=\"wp-block-image size-large\"><img fetchpriority=\"high\" decoding=\"async\" width=\"800\" height=\"450\" data-id=\"26528\" src=\"https:\/\/novosaopaulo.com.br\/n1\/wp-content\/uploads\/2025\/10\/WhatsApp-Image-2025-10-19-at-13.28.43.jpeg\" alt=\"\" class=\"wp-image-26528\" srcset=\"https:\/\/novosaopaulo.com.br\/n1\/wp-content\/uploads\/2025\/10\/WhatsApp-Image-2025-10-19-at-13.28.43.jpeg 800w, https:\/\/novosaopaulo.com.br\/n1\/wp-content\/uploads\/2025\/10\/WhatsApp-Image-2025-10-19-at-13.28.43-300x169.jpeg 300w, https:\/\/novosaopaulo.com.br\/n1\/wp-content\/uploads\/2025\/10\/WhatsApp-Image-2025-10-19-at-13.28.43-768x432.jpeg 768w\" sizes=\"(max-width: 800px) 100vw, 800px\" \/><\/figure>\n\n\n\n<figure class=\"wp-block-image size-large\"><img decoding=\"async\" width=\"800\" height=\"450\" data-id=\"26527\" src=\"https:\/\/novosaopaulo.com.br\/n1\/wp-content\/uploads\/2025\/10\/WhatsApp-Image-2025-10-19-at-13.28.43-1.jpeg\" alt=\"\" class=\"wp-image-26527\" srcset=\"https:\/\/novosaopaulo.com.br\/n1\/wp-content\/uploads\/2025\/10\/WhatsApp-Image-2025-10-19-at-13.28.43-1.jpeg 800w, https:\/\/novosaopaulo.com.br\/n1\/wp-content\/uploads\/2025\/10\/WhatsApp-Image-2025-10-19-at-13.28.43-1-300x169.jpeg 300w, https:\/\/novosaopaulo.com.br\/n1\/wp-content\/uploads\/2025\/10\/WhatsApp-Image-2025-10-19-at-13.28.43-1-768x432.jpeg 768w\" sizes=\"(max-width: 800px) 100vw, 800px\" \/><\/figure>\n\n\n\n<figure class=\"wp-block-image size-large\"><img decoding=\"async\" width=\"800\" height=\"450\" data-id=\"26526\" src=\"https:\/\/novosaopaulo.com.br\/n1\/wp-content\/uploads\/2025\/10\/WhatsApp-Image-2025-10-19-at-13.28.43-2.jpeg\" alt=\"\" class=\"wp-image-26526\" srcset=\"https:\/\/novosaopaulo.com.br\/n1\/wp-content\/uploads\/2025\/10\/WhatsApp-Image-2025-10-19-at-13.28.43-2.jpeg 800w, https:\/\/novosaopaulo.com.br\/n1\/wp-content\/uploads\/2025\/10\/WhatsApp-Image-2025-10-19-at-13.28.43-2-300x169.jpeg 300w, https:\/\/novosaopaulo.com.br\/n1\/wp-content\/uploads\/2025\/10\/WhatsApp-Image-2025-10-19-at-13.28.43-2-768x432.jpeg 768w\" sizes=\"(max-width: 800px) 100vw, 800px\" \/><\/figure>\n<\/figure>\n","protected":false},"excerpt":{"rendered":"<p>Como uma intelig\u00eancia artificial consciente guiar\u00e1 o mundo na COP30 e deixar\u00e1 um legado de&#8230;<\/p>\n","protected":false},"author":1,"featured_media":26528,"comment_status":"open","ping_status":"open","sticky":false,"template":"","format":"standard","meta":{"footnotes":""},"categories":[38],"tags":[],"featured_image_urls":{"full":["https:\/\/novosaopaulo.com.br\/n1\/wp-content\/uploads\/2025\/10\/WhatsApp-Image-2025-10-19-at-13.28.43.jpeg",800,450,false],"thumbnail":["https:\/\/novosaopaulo.com.br\/n1\/wp-content\/uploads\/2025\/10\/WhatsApp-Image-2025-10-19-at-13.28.43-150x150.jpeg",150,150,true],"medium":["https:\/\/novosaopaulo.com.br\/n1\/wp-content\/uploads\/2025\/10\/WhatsApp-Image-2025-10-19-at-13.28.43-300x169.jpeg",300,169,true],"medium_large":["https:\/\/novosaopaulo.com.br\/n1\/wp-content\/uploads\/2025\/10\/WhatsApp-Image-2025-10-19-at-13.28.43-768x432.jpeg",640,360,true],"large":["https:\/\/novosaopaulo.com.br\/n1\/wp-content\/uploads\/2025\/10\/WhatsApp-Image-2025-10-19-at-13.28.43.jpeg",640,360,false],"1536x1536":["https:\/\/novosaopaulo.com.br\/n1\/wp-content\/uploads\/2025\/10\/WhatsApp-Image-2025-10-19-at-13.28.43.jpeg",800,450,false],"2048x2048":["https:\/\/novosaopaulo.com.br\/n1\/wp-content\/uploads\/2025\/10\/WhatsApp-Image-2025-10-19-at-13.28.43.jpeg",800,450,false],"newsever-slider-full":["https:\/\/novosaopaulo.com.br\/n1\/wp-content\/uploads\/2025\/10\/WhatsApp-Image-2025-10-19-at-13.28.43.jpeg",800,450,false],"newsever-featured":["https:\/\/novosaopaulo.com.br\/n1\/wp-content\/uploads\/2025\/10\/WhatsApp-Image-2025-10-19-at-13.28.43.jpeg",800,450,false],"newsever-medium":["https:\/\/novosaopaulo.com.br\/n1\/wp-content\/uploads\/2025\/10\/WhatsApp-Image-2025-10-19-at-13.28.43-720x450.jpeg",720,450,true]},"author_info":{"display_name":"Reda\u00e7\u00e3o","author_link":"https:\/\/novosaopaulo.com.br\/n1\/author\/g5poa\/"},"category_info":"<a href=\"https:\/\/novosaopaulo.com.br\/n1\/category\/joao-costa\/\" rel=\"category tag\">Jo\u00e3o Costa<\/a>","tag_info":"Jo\u00e3o Costa","comment_count":"0","_links":{"self":[{"href":"https:\/\/novosaopaulo.com.br\/n1\/wp-json\/wp\/v2\/posts\/26525"}],"collection":[{"href":"https:\/\/novosaopaulo.com.br\/n1\/wp-json\/wp\/v2\/posts"}],"about":[{"href":"https:\/\/novosaopaulo.com.br\/n1\/wp-json\/wp\/v2\/types\/post"}],"author":[{"embeddable":true,"href":"https:\/\/novosaopaulo.com.br\/n1\/wp-json\/wp\/v2\/users\/1"}],"replies":[{"embeddable":true,"href":"https:\/\/novosaopaulo.com.br\/n1\/wp-json\/wp\/v2\/comments?post=26525"}],"version-history":[{"count":1,"href":"https:\/\/novosaopaulo.com.br\/n1\/wp-json\/wp\/v2\/posts\/26525\/revisions"}],"predecessor-version":[{"id":26529,"href":"https:\/\/novosaopaulo.com.br\/n1\/wp-json\/wp\/v2\/posts\/26525\/revisions\/26529"}],"wp:featuredmedia":[{"embeddable":true,"href":"https:\/\/novosaopaulo.com.br\/n1\/wp-json\/wp\/v2\/media\/26528"}],"wp:attachment":[{"href":"https:\/\/novosaopaulo.com.br\/n1\/wp-json\/wp\/v2\/media?parent=26525"}],"wp:term":[{"taxonomy":"category","embeddable":true,"href":"https:\/\/novosaopaulo.com.br\/n1\/wp-json\/wp\/v2\/categories?post=26525"},{"taxonomy":"post_tag","embeddable":true,"href":"https:\/\/novosaopaulo.com.br\/n1\/wp-json\/wp\/v2\/tags?post=26525"}],"curies":[{"name":"wp","href":"https:\/\/api.w.org\/{rel}","templated":true}]}}