{"id":26500,"date":"2025-10-18T11:57:09","date_gmt":"2025-10-18T14:57:09","guid":{"rendered":"https:\/\/novosaopaulo.com.br\/n1\/?p=26500"},"modified":"2025-10-18T11:57:09","modified_gmt":"2025-10-18T14:57:09","slug":"os-1200-milionarios-retirantes-do-brasil","status":"publish","type":"post","link":"https:\/\/novosaopaulo.com.br\/n1\/os-1200-milionarios-retirantes-do-brasil\/","title":{"rendered":"Os 1200 milion\u00e1rios retirantes do Brasil"},"content":{"rendered":"\n<p>At\u00e9 o final do ano, nada menos que 1.200 milion\u00e1rios dever\u00e3o deixar o Brasil, levando n\u00f3s seus bolsos 8,4 bilh\u00f5es de d\u00f3lares que hoje interagem na nossa economia. Com eles tamb\u00e9m ir\u00e3o conhecimento, rede de relacionamentos, capacidade de investimento e gera\u00e7\u00e3o de empregos. Atribui-se o fen\u00f4meno \u00e0 inseguran\u00e7a jur\u00eddica, instabilidade pol\u00edtica e ao medo tribut\u00e1rio, requisitos que faltam ao Brasil de hoje em raz\u00e3o do grande embate pol\u00edtico-ideol\u00f3gico que torna o ambiente inseguro e ausente a previsibilidade. Se por um lado os juros anuais aqui praticados s\u00e3o da ordem de 15% &#8211; ao mesmo tempo em que nos Estados Unidos s\u00e3o de 4,5% &#8211; n\u00e3o h\u00e1 a confian\u00e7a dos investidores quanto \u00e0 liquidez do seu capital, que \u00e9 r\u00e1pido na imin\u00eancia de risco.<\/p>\n\n\n\n<pre class=\"wp-block-code\"><code>     Todo investidor quer ganhar o m\u00e1ximo poss\u00edvel em cima do seu capital. Mas n\u00e3o suporta a possibilidade de n\u00e3o conseguir realizar o desinvestimento quando decidir mudar para mercados mais seguros. O embate pol\u00edtico-econ\u00f4mico que assola a \u201cterra brasilis\u201d \u00e9 pernicioso. Independente de fatores pol\u00edtico-ideol\u00f3gicos, o embate entre o governo que prop\u00f5e a eleva\u00e7\u00e3o de tributos e encontra oposi\u00e7\u00e3o no Congresso Nacional, a cria\u00e7\u00e3o de despesas eleitoreiras dos programas sociais (bolsas, vales e outros repasses), cuja soma em algumas regi\u00f5es chega a ser maior do que a produ\u00e7\u00e3o econ\u00f4mica, ainda h\u00e1  informa\u00e7\u00e3o de que a d\u00edvida p\u00fablica \u2013 de R$ 7.6 trilh\u00f5es \u2013 \u00e9 impag\u00e1vel. Amedrontado, quem ainda tem dinheiro no bolso, vai embora antes que o capital possa desaparecer. E, para turvar ainda mais o ambiente, h\u00e1 o tarifa\u00e7o dos Estados Unidos \u00e0s exporta\u00e7\u00f5es que para l\u00e1 fazemos e outras dificuldades encontradas pela economia governamental.\n\n     O Brasil \u00e9 um grande pa\u00eds, de muitas potencialidades. No entanto, tem sofrido o processo da desindustrializa\u00e7\u00e3o e s\u00f3 se mant\u00e9m em p\u00e9 gra\u00e7as aos bons resultados do Agroneg\u00f3cio que fornece alimentos ao Mundo, apesar da concorr\u00eancia muitas vezes predat\u00f3ria de outras regi\u00f5es n\u00e3o t\u00e3o eficiente quanto os nossos produtores.  Tanto que, apesar dos esfor\u00e7os de d\u00e9cadas, o Mercosul (organismo regional do continente) ainda n\u00e3o conseguiu decolar. At\u00e9 agora foi mais propaganda do que resultados e sequer consegue a unidade de pensamento dos pa\u00edses-membros.\n\n     Quando os militares de 1964 devolveram o poder aos civis \u2013 muitos deles voltando do ex\u00edlio \u2013 pensava-se na reconcilia\u00e7\u00e3o nacional e no desenvolvimento. No entanto, a diversidade de posturas pol\u00edtico-administrativas acabaram gerando as diverg\u00eancias pol\u00edticas, econ\u00f4micas e sociais que hoje fazem sofrer o povo, preocupam o empresariado e afugentam aqueles que possuem liquidez e s\u00e3o capazes de procurar por\u00e7\u00f5es do planeta mais est\u00e1veis. O est\u00fapido debate entre esquerda e direita e intermedi\u00e1rios em nada contribui para a estabilidade nacional. Pelo contr\u00e1rio, traz dificuldades. As acusa\u00e7\u00f5es m\u00fatuas de cometimento de crimes e infra\u00e7\u00f5es (verdadeiros ou imagin\u00e1rios) serve de combust\u00edvel \u00e0 desagrega\u00e7\u00e3o e \u00e0 falta de perspectivas.\n\n     Um dos fatores que levam ao quadro de instabilidade \u00e9 a reelei\u00e7\u00e3o de presidente da Rep\u00fablica, governador de Estado e prefeito municipal. Desde que essa possibilidade tornou-se real \u2013 no fim dos anos 90 \u2013 vivemos em permanente campanha eleitoral. Ao assumir o mandato, na primeira elei\u00e7\u00e3o, o governante, em vez de priorizar a administra\u00e7\u00e3o p\u00fablica, come\u00e7a a campanha para garantir a reelei\u00e7\u00e3o quatro anos depois. E, de acordo com os objetivos de cada um, estabelece-se o inferno das acusa\u00e7\u00f5es ao advers\u00e1rio e \u2013 se poss\u00edvel \u2013 at\u00e9 a sua criminaliza\u00e7\u00e3o e encarceramento. As coisas do governo, via-de-regra, ficam em segundo plano e nem sempre s\u00e3o tratadas como deveriam. O resultado \u00e9 a bancarrota que o meio pol\u00edtico atenta e atribui culpa aos advers\u00e1rios. O fim da reelei\u00e7\u00e3o para cargos executivos est\u00e1 para ser votado no Congresso Nacional. Se o projeto for aprovado, o atual presidente e os 27 governadores estaduais ainda poder\u00e3o ser reeleitos na pr\u00f3xima elei\u00e7\u00e3o (2026). Os atuais prefeitos tamb\u00e9m poder\u00e3o concorrer a mais uma reelei\u00e7\u00e3o (2028), quando os eleitos adquirir\u00e3o o direito de governar por seus anos. A partir de ent\u00e3o, deixaremos de ter elei\u00e7\u00f5es a cada dois anos. Os mandatos ser\u00e3o de cinco anos e, num s\u00f3 dia, o eleitorado comparecer\u00e1 \u00e0s urnas para eleger presidente, governador, prefeito, senador, deputados e vereadores. Sem vislumbrar reelei\u00e7\u00e3o, os governantes surgidos do processo ter\u00e3o, finalmente, o tempo integral do seu mandato para governar o Pa\u00eds, seu Estado ou munic\u00edpio. Poder\u00e1 ser o come\u00e7o da recupera\u00e7\u00e3o pol\u00edtica nacional degradada durante as \u00faltimas d\u00e9cadas. Todos os brasileiros t\u00eam o dever de trabalhar pela recupera\u00e7\u00e3o e estabilidade do Pa\u00eds. Governantes, parlamentares e ocupantes de altos postos devem usar seu preparo e compet\u00eancia para manter a Na\u00e7\u00e3o em p\u00e9 e em condi\u00e7\u00f5es de servir e proteger o povo. Precisam deixar as desaven\u00e7as e lutar pela estabilidade nacional antes que, por falta de estimulo e raz\u00f5es para crer, a popula\u00e7\u00e3o se revolte e o nosso gigante caminhe para o caos. Temos excelente potencial. Os homens (e mulheres) p\u00fablicos n\u00e3o podem negligenciar se quiserem deixar para as novas gera\u00e7\u00f5es um legado de progresso e bem-estar. Abandonem todos as contendas e priorizem a melhora das condi\u00e7\u00f5es de vida aos 215 milh\u00f5es de brasileiros e aos que por eles ser\u00e3o sucedidos nas pr\u00f3ximas gera\u00e7\u00f5es...<\/code><\/pre>\n\n\n\n<p>Tenente e Dirceu Cardoso Gon\u00e7alves &#8211; dirigente da ASPOMIL (Associa\u00e7\u00e3o de Assist. Social dos Policiais Militares de S\u00e3o Paulo).<\/p>\n","protected":false},"excerpt":{"rendered":"<p>At\u00e9 o final do ano, nada menos que 1.200 milion\u00e1rios dever\u00e3o deixar o Brasil, levando&#8230;<\/p>\n","protected":false},"author":1,"featured_media":23327,"comment_status":"open","ping_status":"open","sticky":false,"template":"","format":"standard","meta":{"footnotes":""},"categories":[2],"tags":[],"featured_image_urls":{"full":["https:\/\/novosaopaulo.com.br\/n1\/wp-content\/uploads\/2025\/04\/Tenente-Dirceu-Cardoso-Goncalves.jpg",600,564,false],"thumbnail":["https:\/\/novosaopaulo.com.br\/n1\/wp-content\/uploads\/2025\/04\/Tenente-Dirceu-Cardoso-Goncalves-150x150.jpg",150,150,true],"medium":["https:\/\/novosaopaulo.com.br\/n1\/wp-content\/uploads\/2025\/04\/Tenente-Dirceu-Cardoso-Goncalves-300x282.jpg",300,282,true],"medium_large":["https:\/\/novosaopaulo.com.br\/n1\/wp-content\/uploads\/2025\/04\/Tenente-Dirceu-Cardoso-Goncalves.jpg",600,564,false],"large":["https:\/\/novosaopaulo.com.br\/n1\/wp-content\/uploads\/2025\/04\/Tenente-Dirceu-Cardoso-Goncalves.jpg",600,564,false],"1536x1536":["https:\/\/novosaopaulo.com.br\/n1\/wp-content\/uploads\/2025\/04\/Tenente-Dirceu-Cardoso-Goncalves.jpg",600,564,false],"2048x2048":["https:\/\/novosaopaulo.com.br\/n1\/wp-content\/uploads\/2025\/04\/Tenente-Dirceu-Cardoso-Goncalves.jpg",600,564,false],"newsever-slider-full":["https:\/\/novosaopaulo.com.br\/n1\/wp-content\/uploads\/2025\/04\/Tenente-Dirceu-Cardoso-Goncalves.jpg",600,564,false],"newsever-featured":["https:\/\/novosaopaulo.com.br\/n1\/wp-content\/uploads\/2025\/04\/Tenente-Dirceu-Cardoso-Goncalves.jpg",600,564,false],"newsever-medium":["https:\/\/novosaopaulo.com.br\/n1\/wp-content\/uploads\/2025\/04\/Tenente-Dirceu-Cardoso-Goncalves-600x475.jpg",600,475,true]},"author_info":{"display_name":"Reda\u00e7\u00e3o","author_link":"https:\/\/novosaopaulo.com.br\/n1\/author\/g5poa\/"},"category_info":"<a href=\"https:\/\/novosaopaulo.com.br\/n1\/category\/cidades\/\" rel=\"category tag\">Cidades<\/a>","tag_info":"Cidades","comment_count":"0","_links":{"self":[{"href":"https:\/\/novosaopaulo.com.br\/n1\/wp-json\/wp\/v2\/posts\/26500"}],"collection":[{"href":"https:\/\/novosaopaulo.com.br\/n1\/wp-json\/wp\/v2\/posts"}],"about":[{"href":"https:\/\/novosaopaulo.com.br\/n1\/wp-json\/wp\/v2\/types\/post"}],"author":[{"embeddable":true,"href":"https:\/\/novosaopaulo.com.br\/n1\/wp-json\/wp\/v2\/users\/1"}],"replies":[{"embeddable":true,"href":"https:\/\/novosaopaulo.com.br\/n1\/wp-json\/wp\/v2\/comments?post=26500"}],"version-history":[{"count":1,"href":"https:\/\/novosaopaulo.com.br\/n1\/wp-json\/wp\/v2\/posts\/26500\/revisions"}],"predecessor-version":[{"id":26501,"href":"https:\/\/novosaopaulo.com.br\/n1\/wp-json\/wp\/v2\/posts\/26500\/revisions\/26501"}],"wp:featuredmedia":[{"embeddable":true,"href":"https:\/\/novosaopaulo.com.br\/n1\/wp-json\/wp\/v2\/media\/23327"}],"wp:attachment":[{"href":"https:\/\/novosaopaulo.com.br\/n1\/wp-json\/wp\/v2\/media?parent=26500"}],"wp:term":[{"taxonomy":"category","embeddable":true,"href":"https:\/\/novosaopaulo.com.br\/n1\/wp-json\/wp\/v2\/categories?post=26500"},{"taxonomy":"post_tag","embeddable":true,"href":"https:\/\/novosaopaulo.com.br\/n1\/wp-json\/wp\/v2\/tags?post=26500"}],"curies":[{"name":"wp","href":"https:\/\/api.w.org\/{rel}","templated":true}]}}