{"id":26476,"date":"2025-10-16T18:49:31","date_gmt":"2025-10-16T21:49:31","guid":{"rendered":"https:\/\/novosaopaulo.com.br\/n1\/?p=26476"},"modified":"2025-10-16T18:49:32","modified_gmt":"2025-10-16T21:49:32","slug":"gestran-lanca-modulo-de-gestao-de-documentos-durante-o-parar-summit-2025-em-sao-paulo","status":"publish","type":"post","link":"https:\/\/novosaopaulo.com.br\/n1\/gestran-lanca-modulo-de-gestao-de-documentos-durante-o-parar-summit-2025-em-sao-paulo\/","title":{"rendered":"Gestran lan\u00e7a m\u00f3dulo de Gest\u00e3o de Documentos durante o PARAR Summit 2025 em S\u00e3o Paulo"},"content":{"rendered":"\n<p>Centralizar os documentos da opera\u00e7\u00e3o torna a empresa mais segura e eficiente<\/p>\n\n\n\n<p>A Gestran, desenvolvedora de tecnologias para a gest\u00e3o de frotas no Brasil, anuncia o lan\u00e7amento de seu novo m\u00f3dulo de Gest\u00e3o de Documentos durante o Parar Summit 2025. O evento, que \u00e9 a maior confer\u00eancia latino-americana dedicada \u00e0 gest\u00e3o eficiente da frota, ocorrer\u00e1 nos dias 21 e 22 de outubro em S\u00e3o Paulo, na Amcham Brasil.<\/p>\n\n\n\n<p>A novidade se adiciona aos demais dez m\u00f3dulos j\u00e1 dispon\u00edveis no sistema especialista em gest\u00e3o de frotas oferecido pela empresa no mercado nacional e \u00e9 direcionado a transportadoras ou empresas que possuem frota pr\u00f3pria, como ind\u00fastrias, mineradoras, construtoras e distribuidores atacadistas em geral.<\/p>\n\n\n\n<p>&#8220;Em um mundo onde a falta de documentos pode afetar opera\u00e7\u00f5es inteiras, centralizar essa gest\u00e3o n\u00e3o \u00e9 apenas uma conveni\u00eancia; \u00e9 uma necessidade estrat\u00e9gica&#8221;, disse Raphael Aguiar, s\u00f3cio e Diretor de Mercado e Expans\u00e3o Comercial da empresa. &#8220;Com o novo m\u00f3dulo, estamos alavancando nossa experi\u00eancia para transformar desafios operacionais em vantagens competitivas tang\u00edveis&#8221;.<\/p>\n\n\n\n<p>Tecnologia<\/p>\n\n\n\n<p>Segundo Raphael, a tecnologia da Gestran nasceu da escuta ativa \u00e0s necessidades dos clientes que demandavam solu\u00e7\u00f5es completas e integradas \u00e0 seguran\u00e7a operacional das frotas. A novidade garante precis\u00e3o ao gerenciar documentos essenciais, sejam eles de motoristas dos ve\u00edculos ou da pr\u00f3pria organiza\u00e7\u00e3o, a fim de evitar perdas financeiras na opera\u00e7\u00e3o, com interrup\u00e7\u00f5es desnecess\u00e1rias nas atividades log\u00edsticas, al\u00e9m de proporcionar maior seguran\u00e7a com a organiza\u00e7\u00e3o de dados que assegurem a conformidade com a lei.<\/p>\n\n\n\n<p>&#8220;Por exemplo, o novo m\u00f3dulo auxilia os setores de Frotas, Seguran\u00e7a e Recursos Humanos das empresas na gest\u00e3o dos documentos dos motoristas, sejam eles pr\u00f3prios ou terceirizados. Isso inclui CNHs, exames m\u00e9dicos, certificados de cursos, treinamentos obrigat\u00f3rios e outras documenta\u00e7\u00f5es importantes para a sua condu\u00e7\u00e3o. \u00c9 poss\u00edvel acompanhar a jornada de cada documento quando expira e receber alertas para a renova\u00e7\u00e3o\u201d, complementa.<\/p>\n\n\n\n<p>O m\u00f3dulo tamb\u00e9m centraliza toda a documenta\u00e7\u00e3o dos ve\u00edculos, como IPVA, cronotac\u00f3grafo, seguros, contratos e licen\u00e7as obrigat\u00f3rias. Ao manter esses registros sempre atualizados, as empresas evitam multas, reten\u00e7\u00f5es e outros riscos que comprometem as suas atividades.<\/p>\n\n\n\n<p>\u201cUm caminh\u00e3o sem licen\u00e7as de transporte corretas, por exemplo, pode ser autuado, o que pode gerar atrasos e custos extras com a carga parada. Da mesma forma, licen\u00e7as estaduais exigem documenta\u00e7\u00f5es espec\u00edficas para determinados tipos de ve\u00edculos e, se n\u00e3o estiverem em dia, a empresa pode enfrentar n\u00e3o apenas atrasos na entrega, mas tamb\u00e9m despesas adicionais, como di\u00e1rias de motoristas, combust\u00edvel desperdi\u00e7ado e, principalmente, danos \u00e0 reputa\u00e7\u00e3o\u201d, explica o diretor.<\/p>\n\n\n\n<p>O sistema possui outros m\u00f3dulos que permitem registrar e acompanhar todos os procedimentos relacionados \u00e0s manuten\u00e7\u00f5es preventivas, pneus, consumo de combust\u00edvel e pe\u00e7as, telemetria. Essas informa\u00e7\u00f5es ficam centralizadas e organizadas, facilitando consultas futuras como tamb\u00e9m possibilita a integra\u00e7\u00e3o com tecnologias inteligentes capazes de analisar o estado de cada ve\u00edculo. &#8220;A solu\u00e7\u00e3o analisar\u00e1 os dados coletados para gerar insights baseados em intelig\u00eancia de dados. Essa integra\u00e7\u00e3o ajudar\u00e1 as empresas a tomar decis\u00f5es mais precisas, reduzir custos e aumentar efici\u00eancia, sugerindo manuten\u00e7\u00f5es antes mesmo de o ve\u00edculo voltar \u00e0 estrada. Isso evita falhas e reduz significativamente os riscos de acidentes\u201d.<\/p>\n\n\n\n<p>\u201cEstamos ansiosos para mostrar essa nova tecnologia no evento. A participa\u00e7\u00e3o no PARAR Awards 2025 \u00e9 uma oportunidade de aproxima\u00e7\u00e3o, escuta do mercado e conex\u00e3o com novos parceiros, continuando a nossa busca em oferecer tecnologia pr\u00e1tica, eficiente e inteligente para o setor de transporte e log\u00edstica\u201d, conclui Raphael.<\/p>\n\n\n\n<p>N\u00fameros do setor<\/p>\n\n\n\n<p>A previs\u00e3o para 2025, segundo a Fenabrave, \u00e9 de crescimento de aproximadamente 5% nas vendas de autom\u00f3veis e comerciais leves, chegando a cerca de 2,6 milh\u00f5es de unidades vendidas no ano.<\/p>\n\n\n\n<p>O transporte rodovi\u00e1rio responde por cerca de 60% do transporte terrestre de cargas no Brasil, sendo o modal dominante na movimenta\u00e7\u00e3o de mercadorias do agroneg\u00f3cio, ind\u00fastria, com\u00e9rcio e constru\u00e7\u00e3o civil.<\/p>\n\n\n\n<p>Sobre a Gestran<\/p>\n\n\n\n<p>Fundada em 1999 e sediada em Curitiba, a Gestran tem transformado a gest\u00e3o de frotas e log\u00edstica no Brasil com solu\u00e7\u00f5es que conectam dados, processos e resultados, simplificando opera\u00e7\u00f5es, reduzindo custos e impulsionando neg\u00f3cios. Atende mais de 7.000 empresas em todo o pa\u00eds, oferecendo sistemas digitais personalizados, que garantem controle total e efici\u00eancia na opera\u00e7\u00e3o das frotas.<\/p>\n\n\n\n<p>Acesse: https:\/\/www.gestran.com.br\/<\/p>\n\n\n\n<p>Servi\u00e7o<\/p>\n\n\n\n<p>PARAR Summit 2025<\/p>\n\n\n\n<p>Data: 21 e 22 de outubro de 2025<\/p>\n\n\n\n<p>Local: Amcham Business Center &#8211; S\u00e3o Paulo, SP<\/p>\n\n\n\n<p>Mais informa\u00e7\u00f5es: https:\/\/conteudo.institutoparar.com.br\/parar-summit-25<\/p>\n\n\n\n<p>Legenda capa: Raphael Aguiar, s\u00f3cio e Diretor de Mercado e Expans\u00e3o Comercial da Gestran<\/p>\n","protected":false},"excerpt":{"rendered":"<p>Centralizar os documentos da opera\u00e7\u00e3o torna a empresa mais segura e eficiente A Gestran, desenvolvedora&#8230;<\/p>\n","protected":false},"author":1,"featured_media":26477,"comment_status":"open","ping_status":"open","sticky":false,"template":"","format":"standard","meta":{"footnotes":""},"categories":[2],"tags":[],"featured_image_urls":{"full":["https:\/\/novosaopaulo.com.br\/n1\/wp-content\/uploads\/2025\/10\/WhatsApp-Image-2025-10-16-at-18.00.54.jpeg",518,560,false],"thumbnail":["https:\/\/novosaopaulo.com.br\/n1\/wp-content\/uploads\/2025\/10\/WhatsApp-Image-2025-10-16-at-18.00.54-150x150.jpeg",150,150,true],"medium":["https:\/\/novosaopaulo.com.br\/n1\/wp-content\/uploads\/2025\/10\/WhatsApp-Image-2025-10-16-at-18.00.54-278x300.jpeg",278,300,true],"medium_large":["https:\/\/novosaopaulo.com.br\/n1\/wp-content\/uploads\/2025\/10\/WhatsApp-Image-2025-10-16-at-18.00.54.jpeg",518,560,false],"large":["https:\/\/novosaopaulo.com.br\/n1\/wp-content\/uploads\/2025\/10\/WhatsApp-Image-2025-10-16-at-18.00.54.jpeg",518,560,false],"1536x1536":["https:\/\/novosaopaulo.com.br\/n1\/wp-content\/uploads\/2025\/10\/WhatsApp-Image-2025-10-16-at-18.00.54.jpeg",518,560,false],"2048x2048":["https:\/\/novosaopaulo.com.br\/n1\/wp-content\/uploads\/2025\/10\/WhatsApp-Image-2025-10-16-at-18.00.54.jpeg",518,560,false],"newsever-slider-full":["https:\/\/novosaopaulo.com.br\/n1\/wp-content\/uploads\/2025\/10\/WhatsApp-Image-2025-10-16-at-18.00.54.jpeg",518,560,false],"newsever-featured":["https:\/\/novosaopaulo.com.br\/n1\/wp-content\/uploads\/2025\/10\/WhatsApp-Image-2025-10-16-at-18.00.54.jpeg",518,560,false],"newsever-medium":["https:\/\/novosaopaulo.com.br\/n1\/wp-content\/uploads\/2025\/10\/WhatsApp-Image-2025-10-16-at-18.00.54-518x475.jpeg",518,475,true]},"author_info":{"display_name":"Reda\u00e7\u00e3o","author_link":"https:\/\/novosaopaulo.com.br\/n1\/author\/g5poa\/"},"category_info":"<a href=\"https:\/\/novosaopaulo.com.br\/n1\/category\/cidades\/\" rel=\"category tag\">Cidades<\/a>","tag_info":"Cidades","comment_count":"0","_links":{"self":[{"href":"https:\/\/novosaopaulo.com.br\/n1\/wp-json\/wp\/v2\/posts\/26476"}],"collection":[{"href":"https:\/\/novosaopaulo.com.br\/n1\/wp-json\/wp\/v2\/posts"}],"about":[{"href":"https:\/\/novosaopaulo.com.br\/n1\/wp-json\/wp\/v2\/types\/post"}],"author":[{"embeddable":true,"href":"https:\/\/novosaopaulo.com.br\/n1\/wp-json\/wp\/v2\/users\/1"}],"replies":[{"embeddable":true,"href":"https:\/\/novosaopaulo.com.br\/n1\/wp-json\/wp\/v2\/comments?post=26476"}],"version-history":[{"count":1,"href":"https:\/\/novosaopaulo.com.br\/n1\/wp-json\/wp\/v2\/posts\/26476\/revisions"}],"predecessor-version":[{"id":26478,"href":"https:\/\/novosaopaulo.com.br\/n1\/wp-json\/wp\/v2\/posts\/26476\/revisions\/26478"}],"wp:featuredmedia":[{"embeddable":true,"href":"https:\/\/novosaopaulo.com.br\/n1\/wp-json\/wp\/v2\/media\/26477"}],"wp:attachment":[{"href":"https:\/\/novosaopaulo.com.br\/n1\/wp-json\/wp\/v2\/media?parent=26476"}],"wp:term":[{"taxonomy":"category","embeddable":true,"href":"https:\/\/novosaopaulo.com.br\/n1\/wp-json\/wp\/v2\/categories?post=26476"},{"taxonomy":"post_tag","embeddable":true,"href":"https:\/\/novosaopaulo.com.br\/n1\/wp-json\/wp\/v2\/tags?post=26476"}],"curies":[{"name":"wp","href":"https:\/\/api.w.org\/{rel}","templated":true}]}}