{"id":26462,"date":"2025-10-15T19:07:29","date_gmt":"2025-10-15T22:07:29","guid":{"rendered":"https:\/\/novosaopaulo.com.br\/n1\/?p=26462"},"modified":"2025-10-15T19:07:30","modified_gmt":"2025-10-15T22:07:30","slug":"espaco-opereta-participa-do-dia-internacional-de-animacao-pela-1a-vez","status":"publish","type":"post","link":"https:\/\/novosaopaulo.com.br\/n1\/espaco-opereta-participa-do-dia-internacional-de-animacao-pela-1a-vez\/","title":{"rendered":"Espa\u00e7o Opereta participa do Dia Internacional de Anima\u00e7\u00e3o pela 1\u00aa vez"},"content":{"rendered":"\n<p>Filmes ser\u00e3o exibidos nos dias 21 e 28 de outubro com entrada gratuita<\/p>\n\n\n\n<p>O Espa\u00e7o Cultural Opereta, em Po\u00e1-SP, por meio de seu projeto \u201cCineclube de Hist\u00f3rias\u201d, participa pela primeira vez da programa\u00e7\u00e3o do Dia Internacional da Anima\u00e7\u00e3o. Nos dias 21 e 28 de outubro ser\u00e3o exibidos curtas-metragens nacionais e internacionais em duas mostras selecionadas para atender todos os p\u00fablicos. A entrada \u00e9 gratuita.<\/p>\n\n\n\n<p>Na pr\u00f3xima ter\u00e7a-feira, dia 21, haver\u00e1 a Mostra Infantil, com produ\u00e7\u00f5es nacionais de diversas regi\u00f5es brasileiras como Minas Gerais, Cear\u00e1, Rio de Janeiro, Bahia, entre outros. A primeira sess\u00e3o acontece \u00e0s 9h30 e a segunda \u00e0s 14h30. Crian\u00e7as e adolescentes do Servi\u00e7o de Conviv\u00eancia e Fortalecimento de V\u00ednculos Batu\u00edra participam desta mostra com classifica\u00e7\u00e3o Livre.<\/p>\n\n\n\n<p>No dia 28, \u00e0s 19h, haver\u00e1 duas mostras, a Nacional e a Internacional, no qual al\u00e9m das produ\u00e7\u00f5es brasileiras haver\u00e1 a exibi\u00e7\u00e3o de curtas-metragens de anima\u00e7\u00e3o de pa\u00edses como Argentina, Estados Unidos, Uruguai, Est\u00f4nia e Ir\u00e3. Para esta sess\u00e3o, os filmes tem classifica\u00e7\u00e3o a partir de 14 anos. Para ver a programa\u00e7\u00e3o completa dos filmes e a sinopse, o site opereta.com.br preparou um conte\u00fado exclusivo sobre as mostras.<\/p>\n\n\n\n<p>22\u00aa Edi\u00e7\u00e3o<\/p>\n\n\n\n<p>Em 2025 o Dia Internacional da Anima\u00e7\u00e3o (DIA) completa 22 anos da sua primeira realiza\u00e7\u00e3o no Brasil. A primeira edi\u00e7\u00e3o aconteceu apenas na cidade de S\u00e3o Paulo e nos anos seguintes a Mostra expandiu gradativamente seu territ\u00f3rio, chegando a mais de 200 cidades, de todos os cantos do pa\u00eds.<\/p>\n\n\n\n<figure class=\"wp-block-gallery has-nested-images columns-default is-cropped wp-block-gallery-1 is-layout-flex wp-block-gallery-is-layout-flex\">\n<figure class=\"wp-block-image size-large\"><a href=\"https:\/\/novosaopaulo.com.br\/n1\/wp-content\/uploads\/2025\/10\/WhatsApp-Image-2025-10-15-at-18.55.34.jpeg\" target=\"_blank\" rel=\"noopener\"><img fetchpriority=\"high\" decoding=\"async\" width=\"1024\" height=\"576\" data-id=\"26465\" src=\"https:\/\/novosaopaulo.com.br\/n1\/wp-content\/uploads\/2025\/10\/WhatsApp-Image-2025-10-15-at-18.55.34-1024x576.jpeg\" alt=\"\" class=\"wp-image-26465\" srcset=\"https:\/\/novosaopaulo.com.br\/n1\/wp-content\/uploads\/2025\/10\/WhatsApp-Image-2025-10-15-at-18.55.34-1024x576.jpeg 1024w, https:\/\/novosaopaulo.com.br\/n1\/wp-content\/uploads\/2025\/10\/WhatsApp-Image-2025-10-15-at-18.55.34-300x169.jpeg 300w, https:\/\/novosaopaulo.com.br\/n1\/wp-content\/uploads\/2025\/10\/WhatsApp-Image-2025-10-15-at-18.55.34-768x432.jpeg 768w, https:\/\/novosaopaulo.com.br\/n1\/wp-content\/uploads\/2025\/10\/WhatsApp-Image-2025-10-15-at-18.55.34.jpeg 1368w\" sizes=\"(max-width: 1024px) 100vw, 1024px\" \/><\/a><\/figure>\n\n\n\n<figure class=\"wp-block-image size-large\"><a href=\"https:\/\/novosaopaulo.com.br\/n1\/wp-content\/uploads\/2025\/10\/WhatsApp-Image-2025-10-15-at-18.54.10.jpeg\" target=\"_blank\" rel=\"noopener\"><img decoding=\"async\" width=\"960\" height=\"540\" data-id=\"26463\" src=\"https:\/\/novosaopaulo.com.br\/n1\/wp-content\/uploads\/2025\/10\/WhatsApp-Image-2025-10-15-at-18.54.10.jpeg\" alt=\"\" class=\"wp-image-26463\" srcset=\"https:\/\/novosaopaulo.com.br\/n1\/wp-content\/uploads\/2025\/10\/WhatsApp-Image-2025-10-15-at-18.54.10.jpeg 960w, https:\/\/novosaopaulo.com.br\/n1\/wp-content\/uploads\/2025\/10\/WhatsApp-Image-2025-10-15-at-18.54.10-300x169.jpeg 300w, https:\/\/novosaopaulo.com.br\/n1\/wp-content\/uploads\/2025\/10\/WhatsApp-Image-2025-10-15-at-18.54.10-768x432.jpeg 768w\" sizes=\"(max-width: 960px) 100vw, 960px\" \/><\/a><\/figure>\n<\/figure>\n","protected":false},"excerpt":{"rendered":"<p>Filmes ser\u00e3o exibidos nos dias 21 e 28 de outubro com entrada gratuita O Espa\u00e7o&#8230;<\/p>\n","protected":false},"author":1,"featured_media":26464,"comment_status":"open","ping_status":"open","sticky":false,"template":"","format":"standard","meta":{"footnotes":""},"categories":[2,45],"tags":[],"featured_image_urls":{"full":["https:\/\/novosaopaulo.com.br\/n1\/wp-content\/uploads\/2025\/10\/WhatsApp-Image-2025-10-15-at-18.54.46.jpeg",960,540,false],"thumbnail":["https:\/\/novosaopaulo.com.br\/n1\/wp-content\/uploads\/2025\/10\/WhatsApp-Image-2025-10-15-at-18.54.46-150x150.jpeg",150,150,true],"medium":["https:\/\/novosaopaulo.com.br\/n1\/wp-content\/uploads\/2025\/10\/WhatsApp-Image-2025-10-15-at-18.54.46-300x169.jpeg",300,169,true],"medium_large":["https:\/\/novosaopaulo.com.br\/n1\/wp-content\/uploads\/2025\/10\/WhatsApp-Image-2025-10-15-at-18.54.46-768x432.jpeg",640,360,true],"large":["https:\/\/novosaopaulo.com.br\/n1\/wp-content\/uploads\/2025\/10\/WhatsApp-Image-2025-10-15-at-18.54.46.jpeg",640,360,false],"1536x1536":["https:\/\/novosaopaulo.com.br\/n1\/wp-content\/uploads\/2025\/10\/WhatsApp-Image-2025-10-15-at-18.54.46.jpeg",960,540,false],"2048x2048":["https:\/\/novosaopaulo.com.br\/n1\/wp-content\/uploads\/2025\/10\/WhatsApp-Image-2025-10-15-at-18.54.46.jpeg",960,540,false],"newsever-slider-full":["https:\/\/novosaopaulo.com.br\/n1\/wp-content\/uploads\/2025\/10\/WhatsApp-Image-2025-10-15-at-18.54.46.jpeg",960,540,false],"newsever-featured":["https:\/\/novosaopaulo.com.br\/n1\/wp-content\/uploads\/2025\/10\/WhatsApp-Image-2025-10-15-at-18.54.46.jpeg",960,540,false],"newsever-medium":["https:\/\/novosaopaulo.com.br\/n1\/wp-content\/uploads\/2025\/10\/WhatsApp-Image-2025-10-15-at-18.54.46-720x475.jpeg",720,475,true]},"author_info":{"display_name":"Reda\u00e7\u00e3o","author_link":"https:\/\/novosaopaulo.com.br\/n1\/author\/g5poa\/"},"category_info":"<a href=\"https:\/\/novosaopaulo.com.br\/n1\/category\/cidades\/\" rel=\"category tag\">Cidades<\/a> <a href=\"https:\/\/novosaopaulo.com.br\/n1\/category\/cultura\/\" rel=\"category tag\">Cultura<\/a>","tag_info":"Cultura","comment_count":"0","_links":{"self":[{"href":"https:\/\/novosaopaulo.com.br\/n1\/wp-json\/wp\/v2\/posts\/26462"}],"collection":[{"href":"https:\/\/novosaopaulo.com.br\/n1\/wp-json\/wp\/v2\/posts"}],"about":[{"href":"https:\/\/novosaopaulo.com.br\/n1\/wp-json\/wp\/v2\/types\/post"}],"author":[{"embeddable":true,"href":"https:\/\/novosaopaulo.com.br\/n1\/wp-json\/wp\/v2\/users\/1"}],"replies":[{"embeddable":true,"href":"https:\/\/novosaopaulo.com.br\/n1\/wp-json\/wp\/v2\/comments?post=26462"}],"version-history":[{"count":1,"href":"https:\/\/novosaopaulo.com.br\/n1\/wp-json\/wp\/v2\/posts\/26462\/revisions"}],"predecessor-version":[{"id":26466,"href":"https:\/\/novosaopaulo.com.br\/n1\/wp-json\/wp\/v2\/posts\/26462\/revisions\/26466"}],"wp:featuredmedia":[{"embeddable":true,"href":"https:\/\/novosaopaulo.com.br\/n1\/wp-json\/wp\/v2\/media\/26464"}],"wp:attachment":[{"href":"https:\/\/novosaopaulo.com.br\/n1\/wp-json\/wp\/v2\/media?parent=26462"}],"wp:term":[{"taxonomy":"category","embeddable":true,"href":"https:\/\/novosaopaulo.com.br\/n1\/wp-json\/wp\/v2\/categories?post=26462"},{"taxonomy":"post_tag","embeddable":true,"href":"https:\/\/novosaopaulo.com.br\/n1\/wp-json\/wp\/v2\/tags?post=26462"}],"curies":[{"name":"wp","href":"https:\/\/api.w.org\/{rel}","templated":true}]}}