{"id":26459,"date":"2025-10-15T19:06:13","date_gmt":"2025-10-15T22:06:13","guid":{"rendered":"https:\/\/novosaopaulo.com.br\/n1\/?p=26459"},"modified":"2025-10-15T19:06:14","modified_gmt":"2025-10-15T22:06:14","slug":"poa-realiza-caminhada-do-outubro-rosa-neste-sabado-18","status":"publish","type":"post","link":"https:\/\/novosaopaulo.com.br\/n1\/poa-realiza-caminhada-do-outubro-rosa-neste-sabado-18\/","title":{"rendered":"Po\u00e1 realiza caminhada do Outubro Rosa neste s\u00e1bado (18)"},"content":{"rendered":"\n<p>A\u00e7\u00e3o, promovida pela Secretaria da Mulher, convida a popula\u00e7\u00e3o para um ato simb\u00f3lico em prol da preven\u00e7\u00e3o e diagn\u00f3stico precoce do c\u00e2ncer de mama<\/p>\n\n\n\n<p>A cidade de Po\u00e1 se vestir\u00e1 de rosa neste s\u00e1bado (18) para a tradicional caminhada do Outubro Rosa, promovida pela Secretaria da Mulher. O evento, aberto ao p\u00fablico, tem concentra\u00e7\u00e3o marcada para \u00e0s 9 horas, em frente \u00e0 C\u00e2mara Municipal, na rua Vereador Jos\u00e9 Calil, 100, no Centro. Durante a atividade, ser\u00e3o distribu\u00eddas camisetas aos participantes, que percorrer\u00e3o a regi\u00e3o central em um ato simb\u00f3lico pela valoriza\u00e7\u00e3o da sa\u00fade feminina.<\/p>\n\n\n\n<p>A a\u00e7\u00e3o faz parte da campanha de conscientiza\u00e7\u00e3o sobre a preven\u00e7\u00e3o e o diagn\u00f3stico precoce do c\u00e2ncer de mama. O prefeito Saulo Souza destacou a import\u00e2ncia da mobiliza\u00e7\u00e3o e o envolvimento da popula\u00e7\u00e3o poaense. \u201cA caminhada do Outubro Rosa \u00e9 uma a\u00e7\u00e3o que vai envolver toda a popula\u00e7\u00e3o para tratar de um tema de grande import\u00e2ncia, que \u00e9 a sa\u00fade da mulher. N\u00e3o fique de fora e participe voc\u00ea tamb\u00e9m desta a\u00e7\u00e3o de valoriza\u00e7\u00e3o da vida\u201d, afirmou o prefeito.<\/p>\n\n\n\n<p>A secret\u00e1ria da Mulher, Laudjane Ferreira, refor\u00e7ou o convite \u00e0 comunidade. \u201cO Outubro Rosa \u00e9 uma campanha mundial de conscientiza\u00e7\u00e3o sobre a sa\u00fade feminina. Em Po\u00e1, a nossa caminhada ser\u00e1 um momento de mobiliza\u00e7\u00e3o e incentivo \u00e0 preven\u00e7\u00e3o. O evento \u00e9 aberto ao p\u00fablico e no dia ser\u00e3o distribu\u00eddas camisetas para os participantes\u201d, ressaltou.<\/p>\n\n\n\n<p>Centro de Sa\u00fade da Mulher<\/p>\n\n\n\n<p>O m\u00eas de outubro tem sido especial para a sa\u00fade feminina em Po\u00e1. No \u00faltimo dia 4, Saulo Souza inaugurou o Centro de Sa\u00fade da Mulher Poaense Vanessa Valente, na Alameda Pedro Calil, 140, no Centro. O espa\u00e7o, in\u00e9dito na cidade, representa um marco na pol\u00edtica p\u00fablica de aten\u00e7\u00e3o integral \u00e0s mulheres e promete ser refer\u00eancia regional.<\/p>\n\n\n\n<p>Com estrutura moderna e equipe multidisciplinar, o centro oferece atendimento completo em todas as fases da vida da mulher. No local, s\u00e3o realizados exames preventivos e de acompanhamento, como mamografia, papanicolau, ultrassonografia e colposcopia, al\u00e9m de atendimento especializado para gestantes de alto risco.<\/p>\n\n\n\n<p>Segundo o prefeito, a cria\u00e7\u00e3o do espa\u00e7o atende a uma antiga demanda da popula\u00e7\u00e3o e simboliza o compromisso da administra\u00e7\u00e3o com a sa\u00fade da mulher. \u201c\u00c9 um avan\u00e7o hist\u00f3rico. Po\u00e1 agora conta com um centro de refer\u00eancia totalmente voltado ao cuidado feminino, oferecendo acolhimento e diagn\u00f3stico precoce. Na nossa cidade o c\u00e2ncer n\u00e3o ter\u00e1 vez\u201d, destacou o prefeito.<\/p>\n\n\n\n<p>Auriculoterapia gratuita<\/p>\n\n\n\n<p>Al\u00e9m da caminhada e da inaugura\u00e7\u00e3o do novo centro, a cidade tamb\u00e9m promove atividades complementares dentro da programa\u00e7\u00e3o do Outubro Rosa. Uma das iniciativas de destaque \u00e9 a oferta de sess\u00f5es gratuitas de auriculoterapia no Centro de Fisioterapia Albert Sabin, administrado pela Secretaria de Sa\u00fade.<\/p>\n\n\n\n<p>O atendimento acontece de segunda a sexta-feira, das 8h \u00e0s 16h, na rua Jair de Godoy, 275, na Vila A\u00e7oreana, e n\u00e3o requer agendamento pr\u00e9vio ou encaminhamento m\u00e9dico. A a\u00e7\u00e3o \u00e9 aberta a toda a popula\u00e7\u00e3o e busca integrar pr\u00e1ticas alternativas de bem-estar ao cuidado com a sa\u00fade f\u00edsica e mental.<\/p>\n","protected":false},"excerpt":{"rendered":"<p>A\u00e7\u00e3o, promovida pela Secretaria da Mulher, convida a popula\u00e7\u00e3o para um ato simb\u00f3lico em prol&#8230;<\/p>\n","protected":false},"author":1,"featured_media":26460,"comment_status":"open","ping_status":"open","sticky":false,"template":"","format":"standard","meta":{"footnotes":""},"categories":[8],"tags":[],"featured_image_urls":{"full":["https:\/\/novosaopaulo.com.br\/n1\/wp-content\/uploads\/2025\/10\/WhatsApp-Image-2025-10-15-at-18.51.21.jpeg",1080,1350,false],"thumbnail":["https:\/\/novosaopaulo.com.br\/n1\/wp-content\/uploads\/2025\/10\/WhatsApp-Image-2025-10-15-at-18.51.21-150x150.jpeg",150,150,true],"medium":["https:\/\/novosaopaulo.com.br\/n1\/wp-content\/uploads\/2025\/10\/WhatsApp-Image-2025-10-15-at-18.51.21-240x300.jpeg",240,300,true],"medium_large":["https:\/\/novosaopaulo.com.br\/n1\/wp-content\/uploads\/2025\/10\/WhatsApp-Image-2025-10-15-at-18.51.21-768x960.jpeg",640,800,true],"large":["https:\/\/novosaopaulo.com.br\/n1\/wp-content\/uploads\/2025\/10\/WhatsApp-Image-2025-10-15-at-18.51.21-819x1024.jpeg",640,800,true],"1536x1536":["https:\/\/novosaopaulo.com.br\/n1\/wp-content\/uploads\/2025\/10\/WhatsApp-Image-2025-10-15-at-18.51.21.jpeg",1080,1350,false],"2048x2048":["https:\/\/novosaopaulo.com.br\/n1\/wp-content\/uploads\/2025\/10\/WhatsApp-Image-2025-10-15-at-18.51.21.jpeg",1080,1350,false],"newsever-slider-full":["https:\/\/novosaopaulo.com.br\/n1\/wp-content\/uploads\/2025\/10\/WhatsApp-Image-2025-10-15-at-18.51.21-1080x845.jpeg",1080,845,true],"newsever-featured":["https:\/\/novosaopaulo.com.br\/n1\/wp-content\/uploads\/2025\/10\/WhatsApp-Image-2025-10-15-at-18.51.21-1024x1280.jpeg",1024,1280,true],"newsever-medium":["https:\/\/novosaopaulo.com.br\/n1\/wp-content\/uploads\/2025\/10\/WhatsApp-Image-2025-10-15-at-18.51.21-720x475.jpeg",720,475,true]},"author_info":{"display_name":"Reda\u00e7\u00e3o","author_link":"https:\/\/novosaopaulo.com.br\/n1\/author\/g5poa\/"},"category_info":"<a href=\"https:\/\/novosaopaulo.com.br\/n1\/category\/poa\/\" rel=\"category tag\">Po\u00e1<\/a>","tag_info":"Po\u00e1","comment_count":"0","_links":{"self":[{"href":"https:\/\/novosaopaulo.com.br\/n1\/wp-json\/wp\/v2\/posts\/26459"}],"collection":[{"href":"https:\/\/novosaopaulo.com.br\/n1\/wp-json\/wp\/v2\/posts"}],"about":[{"href":"https:\/\/novosaopaulo.com.br\/n1\/wp-json\/wp\/v2\/types\/post"}],"author":[{"embeddable":true,"href":"https:\/\/novosaopaulo.com.br\/n1\/wp-json\/wp\/v2\/users\/1"}],"replies":[{"embeddable":true,"href":"https:\/\/novosaopaulo.com.br\/n1\/wp-json\/wp\/v2\/comments?post=26459"}],"version-history":[{"count":1,"href":"https:\/\/novosaopaulo.com.br\/n1\/wp-json\/wp\/v2\/posts\/26459\/revisions"}],"predecessor-version":[{"id":26461,"href":"https:\/\/novosaopaulo.com.br\/n1\/wp-json\/wp\/v2\/posts\/26459\/revisions\/26461"}],"wp:featuredmedia":[{"embeddable":true,"href":"https:\/\/novosaopaulo.com.br\/n1\/wp-json\/wp\/v2\/media\/26460"}],"wp:attachment":[{"href":"https:\/\/novosaopaulo.com.br\/n1\/wp-json\/wp\/v2\/media?parent=26459"}],"wp:term":[{"taxonomy":"category","embeddable":true,"href":"https:\/\/novosaopaulo.com.br\/n1\/wp-json\/wp\/v2\/categories?post=26459"},{"taxonomy":"post_tag","embeddable":true,"href":"https:\/\/novosaopaulo.com.br\/n1\/wp-json\/wp\/v2\/tags?post=26459"}],"curies":[{"name":"wp","href":"https:\/\/api.w.org\/{rel}","templated":true}]}}