{"id":26455,"date":"2025-10-15T17:48:43","date_gmt":"2025-10-15T20:48:43","guid":{"rendered":"https:\/\/novosaopaulo.com.br\/n1\/?p=26455"},"modified":"2025-10-15T17:48:44","modified_gmt":"2025-10-15T20:48:44","slug":"fim-da-guerra-e-a-volta-dos-refens-no-oriente-medio-2","status":"publish","type":"post","link":"https:\/\/novosaopaulo.com.br\/n1\/fim-da-guerra-e-a-volta-dos-refens-no-oriente-medio-2\/","title":{"rendered":"Fim da guerra e a volta dos ref\u00e9ns no Oriente M\u00e9dio"},"content":{"rendered":"\n<p>O Hamas libertou hoje os \u00faltimos ref\u00e9ns da guerra travada com Israel. Eles passaram 738 dias em cativeiro, sofrendo todas as agruras do conflito, inclusive morte de companheiros. Dentro do acordo patrocinado pelo presidente Donald Trump, dos Estados Unidos, Israel j\u00e1 libertou 2 mil prisioneiros palestinos nos \u00faltimos dias. Todos voltam para casa \u2013 nas zonas que n\u00e3o foram transformadas em \u00e1reas de exclus\u00e3o &#8211; para enfrentar a destrui\u00e7\u00e3o e reconstruir o que for poss\u00edvel e vi\u00e1vel.<\/p>\n\n\n\n<p>Trump desembarcou em Israel na noite de ontem (domingo) e, junto com o l\u00edder do Egito Abdel Fattah al Sissi \u2013 que participou das negocia\u00e7\u00f5es de paz \u2013 vai presidir a c\u00fapula pela paz em Gaza. Ao chegar, declarou: \u201ca guerra acabou\u201d. Os dois lados do conflito dever\u00e3o ser ajudados a recompor a estabilidade regional e a criar boas condi\u00e7\u00f5es ao relacionamento dos pa\u00edses da \u00e1rea com o restante do mundo. O presidente americano agora seguir\u00e1 empenhado em convencer seu colega russo, Vladimir Putin, a encerrar o conflito com a Ucr\u00e2nia. Da mesma forma que continuar\u00e1 sua cruzada pela estabilidade pol\u00edtica da Am\u00e9rica Latina \u2013 especialmente a Venezuela \u2013 que hoje \u00e9 cercada por embarca\u00e7\u00f5es militares e tropas norte-americanas e, se n\u00e3o houver outra solu\u00e7\u00e3o, poder\u00e1 ser ocupada.<\/p>\n\n\n\n<p>Apesar de n\u00e3o ter ganho o Pr\u00eamio Nobel da Paz \u2013 vencido pela opositora venezuelana Maria Corina Machado, o presidente dos EUA tem uma \u00e1rdua tarefa pela frente. Busca equil\u00edbrio do seu pa\u00eds com a pol\u00edtica econ\u00f4mica da China, usa a chave tarif\u00e1ria para enfrentar a pol\u00edtica econ\u00f4mica dos pelo menos 180 pa\u00edses com que comercia e ainda tem quest\u00f5es mais intrincadas, como as diverg\u00eancias ideol\u00f3gicas e sociais com diferentes pa\u00edses, inclusive o Brasil. O mundo espera que o peso da maior economia do planeta seja suficiente para conseguir bons acordos e finalmente todos possam desfrutar de melhores condi\u00e7\u00f5es de vida.<\/p>\n\n\n\n<p>Brasil espera que Trump (representado por Marco Rubio) e Lula (nas a\u00e7\u00f5es de Geraldo Alckmin, Mauro Vieira e Fernando Haddad) cheguem ao melhor entendimento e este favore\u00e7a tanto brasileiros quanto norte-americanos. Que a estabilidade auferida seja capaz de criar for\u00e7as aos grupos pol\u00edticos locais para, em vez da polariza\u00e7\u00e3o e retalia\u00e7\u00e3o, atuarem pela paz e desenvolvimento. \u00c9 preciso compreender que todo pol\u00edtico, independente de sua bandeira ideol\u00f3gica, pode fazer muito bem para seu pa\u00eds quando trabalha no p\u00f3lo positivo.<\/p>\n\n\n\n<p>O cidad\u00e3o comum tem apenas um desejo: que seu pa\u00eds v\u00e1 bem e isso reflita em melhores condi\u00e7\u00f5es de vida \u00e0 popula\u00e7\u00e3o. Todo pol\u00edtico, pela natureza de sua forma\u00e7\u00e3o e atividade, tem condi\u00e7\u00f5es de trabalhar nesse sentido, seja ele de direita, centro ou esquerda. O dia-a-dia do trabalho \u2013 principalmente do governante \u2013 \u00e9 que deve decidir qual a bandeira ideol\u00f3gica ele deve empunhar. Evidente que deve ser aquela que mais favore\u00e7a ao seu governo e aos governados. O ideal \u00e9 que todos os pa\u00edses do mundo, cada um dentro de sua hist\u00f3ria e interesses, se respeitem e atuem economicamente da forma mais pac\u00edfica e aproveit\u00e1vel. Que os governantes atuais tenham maturidade suficiente para conviver dentro de suas possibilidade e no interesse geral, sem que os mais fortes tenham de exercer press\u00f5es indevidas ou recorrerem \u00e0 guerra, o mais injusto e ins\u00f3lito procedimento que, no atual n\u00edvel tecnol\u00f3gico de nosso planeta, se for t\u00e3o violentas quanto a Primeira e a Segunda Guerra Mundial, poder\u00e3o dizimar toda a humanidade. Que a Terceira Guerra Mundial jamais seja deflagrada\u2026<\/p>\n\n\n\n<p>Tenente e Dirceu Cardoso Gon\u00e7alves &#8211; dirigente da ASPOMIL (Associa\u00e7\u00e3o de Assist. Social dos Policiais Militares de S\u00e3o Paulo).<\/p>\n","protected":false},"excerpt":{"rendered":"<p>O Hamas libertou hoje os \u00faltimos ref\u00e9ns da guerra travada com Israel. Eles passaram 738&#8230;<\/p>\n","protected":false},"author":1,"featured_media":23327,"comment_status":"open","ping_status":"open","sticky":false,"template":"","format":"standard","meta":{"footnotes":""},"categories":[2],"tags":[],"featured_image_urls":{"full":["https:\/\/novosaopaulo.com.br\/n1\/wp-content\/uploads\/2025\/04\/Tenente-Dirceu-Cardoso-Goncalves.jpg",600,564,false],"thumbnail":["https:\/\/novosaopaulo.com.br\/n1\/wp-content\/uploads\/2025\/04\/Tenente-Dirceu-Cardoso-Goncalves-150x150.jpg",150,150,true],"medium":["https:\/\/novosaopaulo.com.br\/n1\/wp-content\/uploads\/2025\/04\/Tenente-Dirceu-Cardoso-Goncalves-300x282.jpg",300,282,true],"medium_large":["https:\/\/novosaopaulo.com.br\/n1\/wp-content\/uploads\/2025\/04\/Tenente-Dirceu-Cardoso-Goncalves.jpg",600,564,false],"large":["https:\/\/novosaopaulo.com.br\/n1\/wp-content\/uploads\/2025\/04\/Tenente-Dirceu-Cardoso-Goncalves.jpg",600,564,false],"1536x1536":["https:\/\/novosaopaulo.com.br\/n1\/wp-content\/uploads\/2025\/04\/Tenente-Dirceu-Cardoso-Goncalves.jpg",600,564,false],"2048x2048":["https:\/\/novosaopaulo.com.br\/n1\/wp-content\/uploads\/2025\/04\/Tenente-Dirceu-Cardoso-Goncalves.jpg",600,564,false],"newsever-slider-full":["https:\/\/novosaopaulo.com.br\/n1\/wp-content\/uploads\/2025\/04\/Tenente-Dirceu-Cardoso-Goncalves.jpg",600,564,false],"newsever-featured":["https:\/\/novosaopaulo.com.br\/n1\/wp-content\/uploads\/2025\/04\/Tenente-Dirceu-Cardoso-Goncalves.jpg",600,564,false],"newsever-medium":["https:\/\/novosaopaulo.com.br\/n1\/wp-content\/uploads\/2025\/04\/Tenente-Dirceu-Cardoso-Goncalves-600x475.jpg",600,475,true]},"author_info":{"display_name":"Reda\u00e7\u00e3o","author_link":"https:\/\/novosaopaulo.com.br\/n1\/author\/g5poa\/"},"category_info":"<a href=\"https:\/\/novosaopaulo.com.br\/n1\/category\/cidades\/\" rel=\"category tag\">Cidades<\/a>","tag_info":"Cidades","comment_count":"0","_links":{"self":[{"href":"https:\/\/novosaopaulo.com.br\/n1\/wp-json\/wp\/v2\/posts\/26455"}],"collection":[{"href":"https:\/\/novosaopaulo.com.br\/n1\/wp-json\/wp\/v2\/posts"}],"about":[{"href":"https:\/\/novosaopaulo.com.br\/n1\/wp-json\/wp\/v2\/types\/post"}],"author":[{"embeddable":true,"href":"https:\/\/novosaopaulo.com.br\/n1\/wp-json\/wp\/v2\/users\/1"}],"replies":[{"embeddable":true,"href":"https:\/\/novosaopaulo.com.br\/n1\/wp-json\/wp\/v2\/comments?post=26455"}],"version-history":[{"count":1,"href":"https:\/\/novosaopaulo.com.br\/n1\/wp-json\/wp\/v2\/posts\/26455\/revisions"}],"predecessor-version":[{"id":26456,"href":"https:\/\/novosaopaulo.com.br\/n1\/wp-json\/wp\/v2\/posts\/26455\/revisions\/26456"}],"wp:featuredmedia":[{"embeddable":true,"href":"https:\/\/novosaopaulo.com.br\/n1\/wp-json\/wp\/v2\/media\/23327"}],"wp:attachment":[{"href":"https:\/\/novosaopaulo.com.br\/n1\/wp-json\/wp\/v2\/media?parent=26455"}],"wp:term":[{"taxonomy":"category","embeddable":true,"href":"https:\/\/novosaopaulo.com.br\/n1\/wp-json\/wp\/v2\/categories?post=26455"},{"taxonomy":"post_tag","embeddable":true,"href":"https:\/\/novosaopaulo.com.br\/n1\/wp-json\/wp\/v2\/tags?post=26455"}],"curies":[{"name":"wp","href":"https:\/\/api.w.org\/{rel}","templated":true}]}}