{"id":26450,"date":"2025-10-15T17:47:50","date_gmt":"2025-10-15T20:47:50","guid":{"rendered":"https:\/\/novosaopaulo.com.br\/n1\/?p=26450"},"modified":"2025-10-15T17:47:50","modified_gmt":"2025-10-15T20:47:50","slug":"especialista-do-imot-explica-lesao-no-joelho-sofrida-pela-musa-fitness-gracyanne-barbosa","status":"publish","type":"post","link":"https:\/\/novosaopaulo.com.br\/n1\/especialista-do-imot-explica-lesao-no-joelho-sofrida-pela-musa-fitness-gracyanne-barbosa\/","title":{"rendered":"Especialista do Imot explica les\u00e3o no joelho sofrida pela musa fitness Gracyanne Barbosa"},"content":{"rendered":"\n<p>Ortopedista, especialista em Joelho do Imot, Marcos Nali afirma que \u00e9 um caso de longa recupera\u00e7\u00e3o; forte musculatura contribuiu para o rompimento do tend\u00e3o<\/p>\n\n\n\n<p>A influenciadora e musa fitness Gracyanne Barbosa, de 42 anos, rompeu por completo o tend\u00e3o do m\u00fasculo quadr\u00edceps do joelho durante apresenta\u00e7\u00e3o no quadro Dan\u00e7a dos Famosos, da TV Globo. O acidente surpreendeu em raz\u00e3o de seu porte f\u00edsico. O ortopedista e especialista em Joelho do Imot de Mogi das Cruzes, Marcos Nali, explicou, por\u00e9m, que atletas e fisiculturistas s\u00e3o mais suscept\u00edveis a este tipo de les\u00e3o, justamente, devido \u00e0 forte musculatura. Em casos como o da influenciadora, a recupera\u00e7\u00e3o \u00e9 longa, cerca de seis meses, e requer procedimento cir\u00fargico.<\/p>\n\n\n\n<p>Gracyanne j\u00e1 foi operada e segue em recupera\u00e7\u00e3o em casa. O acidente aconteceu quando realizava sua apresenta\u00e7\u00e3o no ritmo lambada. No fim da coreografia, o tend\u00e3o, que conecta o m\u00fasculo quadr\u00edceps \u00e0 patela, sofreu uma ruptura. Em 2000, Ronaldo Fen\u00f4meno sofreu les\u00e3o semelhante, no entanto o tend\u00e3o acometido foi o patelar \u2013 que conecta a patela \u00e0 t\u00edbia. Como regra, a rotura do tend\u00e3o patelar ocorre em indiv\u00edduos abaixo de 40 anos e a rotura do tend\u00e3o quadricipital, como o da Gracyane, em pacientes acima dos 40.<\/p>\n\n\n\n<p>O ortopedista Marcos Nali, chefe do Grupo de Cirurgia de Joelho do Imot, membro da Sociedade Brasileira de Cirurgia do Joelho (SBCJ) e da Sociedade Brasileira de Artroscopia e Traumatologia do Esporte (SBRATE), explica que em casos com o perfil de Gracyanne, fisiculturistas ou pessoas com alto grau de hipertrofia muscular, o rompimento do tend\u00e3o \u00e9 mais frequente. Isso ocorre porque a musculatura \u00e9 t\u00e3o forte que o ligamento n\u00e3o \u201cacompanha\u201d e, ao passar por movimentos mais bruscos, pode romper.<\/p>\n\n\n\n<p>O uso prolongado de cortic\u00f3ides e subst\u00e2ncias para hipertrofia tamb\u00e9m contribuem para deixar o tend\u00e3o mais vulner\u00e1vel. Isso tamb\u00e9m acontece com pacientes com doen\u00e7as cr\u00f4nicas, que t\u00eam comprometimento no suprimento sangu\u00edneo do tend\u00e3o. \u00c9 o caso de quem possui insufici\u00eancia renal, artrite reumat\u00f3ide, l\u00fapus e diabetes.<\/p>\n\n\n\n<p>Segundo Nali, o rompimento tamb\u00e9m pode ocorrer no dia-a-dia das pessoas em caso de traumas ou movimentos bruscos. Em todas as situa\u00e7\u00f5es, como explica o especialista do Imot, a recupera\u00e7\u00e3o requer cirurgia para religamento do tend\u00e3o:<\/p>\n\n\n\n<p>\u201cO m\u00e9dico reposiciona o tend\u00e3o quadricipital fixando novamente \u00e0 patela. Depois da cirurgia, \u00e9 preciso manter imobiliza\u00e7\u00e3o por algumas semanas e fazer uso de muletas para aliviar a carga dessa regi\u00e3o. O tratamento tamb\u00e9m requer fisioterapia intensiva e a recupera\u00e7\u00e3o \u00e9 de cerca de seis meses. \u00c9 um caso de longa recupera\u00e7\u00e3o e que necessita de cuidados intensivos\u201d, apontou.<\/p>\n\n\n\n<p>Sobre o Imot<\/p>\n\n\n\n<p>Fundado em 1976, o Imot \u00e9 um dos maiores institutos especializados em ortopedia e traumatologia do Brasil, com pronto atendimento diariamente na unidade de Mogi das Cruzes, consultas, fisioterapia e diversos tratamentos especializados, al\u00e9m da Imot Care, com cuidados inter e multidisciplinares, e o Imot MovSa\u00fade, com servi\u00e7os exclusivos e inovadores.<\/p>\n\n\n\n<p>O Imot fica na rua Otto Unger, 433, Centro, Mogi das Cruzes. Mais informa\u00e7\u00f5es: telefone (11) 4728-3420, no site e redes sociais (@clinicaimot). Em Suzano, o endere\u00e7o \u00e9 rua Augusta Aparecida Carvalho Morais, 250 Jardim Santa Helena. Telefone (11) 4741-3333.<\/p>\n\n\n\n<figure class=\"wp-block-gallery has-nested-images columns-default is-cropped wp-block-gallery-1 is-layout-flex wp-block-gallery-is-layout-flex\">\n<figure class=\"wp-block-image size-large\"><a href=\"https:\/\/novosaopaulo.com.br\/n1\/wp-content\/uploads\/2025\/10\/WhatsApp-Image-2025-10-15-at-16.53.29-2.jpeg\" target=\"_blank\" rel=\"noopener\"><img fetchpriority=\"high\" decoding=\"async\" width=\"1024\" height=\"1024\" data-id=\"26453\" src=\"https:\/\/novosaopaulo.com.br\/n1\/wp-content\/uploads\/2025\/10\/WhatsApp-Image-2025-10-15-at-16.53.29-2-1024x1024.jpeg\" alt=\"\" class=\"wp-image-26453\" srcset=\"https:\/\/novosaopaulo.com.br\/n1\/wp-content\/uploads\/2025\/10\/WhatsApp-Image-2025-10-15-at-16.53.29-2-1024x1024.jpeg 1024w, https:\/\/novosaopaulo.com.br\/n1\/wp-content\/uploads\/2025\/10\/WhatsApp-Image-2025-10-15-at-16.53.29-2-300x300.jpeg 300w, https:\/\/novosaopaulo.com.br\/n1\/wp-content\/uploads\/2025\/10\/WhatsApp-Image-2025-10-15-at-16.53.29-2-150x150.jpeg 150w, https:\/\/novosaopaulo.com.br\/n1\/wp-content\/uploads\/2025\/10\/WhatsApp-Image-2025-10-15-at-16.53.29-2-768x768.jpeg 768w, https:\/\/novosaopaulo.com.br\/n1\/wp-content\/uploads\/2025\/10\/WhatsApp-Image-2025-10-15-at-16.53.29-2.jpeg 1280w\" sizes=\"(max-width: 1024px) 100vw, 1024px\" \/><\/a><\/figure>\n\n\n\n<figure class=\"wp-block-image size-large\"><a href=\"https:\/\/novosaopaulo.com.br\/n1\/wp-content\/uploads\/2025\/10\/WhatsApp-Image-2025-10-15-at-16.53.29.jpeg\" target=\"_blank\" rel=\"noopener\"><img decoding=\"async\" width=\"1024\" height=\"684\" data-id=\"26452\" src=\"https:\/\/novosaopaulo.com.br\/n1\/wp-content\/uploads\/2025\/10\/WhatsApp-Image-2025-10-15-at-16.53.29-1024x684.jpeg\" alt=\"\" class=\"wp-image-26452\" srcset=\"https:\/\/novosaopaulo.com.br\/n1\/wp-content\/uploads\/2025\/10\/WhatsApp-Image-2025-10-15-at-16.53.29-1024x684.jpeg 1024w, https:\/\/novosaopaulo.com.br\/n1\/wp-content\/uploads\/2025\/10\/WhatsApp-Image-2025-10-15-at-16.53.29-300x201.jpeg 300w, https:\/\/novosaopaulo.com.br\/n1\/wp-content\/uploads\/2025\/10\/WhatsApp-Image-2025-10-15-at-16.53.29-768x513.jpeg 768w, https:\/\/novosaopaulo.com.br\/n1\/wp-content\/uploads\/2025\/10\/WhatsApp-Image-2025-10-15-at-16.53.29.jpeg 1200w\" sizes=\"(max-width: 1024px) 100vw, 1024px\" \/><\/a><\/figure>\n<\/figure>\n","protected":false},"excerpt":{"rendered":"<p>Ortopedista, especialista em Joelho do Imot, Marcos Nali afirma que \u00e9 um caso de longa&#8230;<\/p>\n","protected":false},"author":1,"featured_media":26451,"comment_status":"open","ping_status":"open","sticky":false,"template":"","format":"standard","meta":{"footnotes":""},"categories":[2,43],"tags":[],"featured_image_urls":{"full":["https:\/\/novosaopaulo.com.br\/n1\/wp-content\/uploads\/2025\/10\/WhatsApp-Image-2025-10-15-at-16.53.29-1.jpeg",790,584,false],"thumbnail":["https:\/\/novosaopaulo.com.br\/n1\/wp-content\/uploads\/2025\/10\/WhatsApp-Image-2025-10-15-at-16.53.29-1-150x150.jpeg",150,150,true],"medium":["https:\/\/novosaopaulo.com.br\/n1\/wp-content\/uploads\/2025\/10\/WhatsApp-Image-2025-10-15-at-16.53.29-1-300x222.jpeg",300,222,true],"medium_large":["https:\/\/novosaopaulo.com.br\/n1\/wp-content\/uploads\/2025\/10\/WhatsApp-Image-2025-10-15-at-16.53.29-1-768x568.jpeg",640,473,true],"large":["https:\/\/novosaopaulo.com.br\/n1\/wp-content\/uploads\/2025\/10\/WhatsApp-Image-2025-10-15-at-16.53.29-1.jpeg",640,473,false],"1536x1536":["https:\/\/novosaopaulo.com.br\/n1\/wp-content\/uploads\/2025\/10\/WhatsApp-Image-2025-10-15-at-16.53.29-1.jpeg",790,584,false],"2048x2048":["https:\/\/novosaopaulo.com.br\/n1\/wp-content\/uploads\/2025\/10\/WhatsApp-Image-2025-10-15-at-16.53.29-1.jpeg",790,584,false],"newsever-slider-full":["https:\/\/novosaopaulo.com.br\/n1\/wp-content\/uploads\/2025\/10\/WhatsApp-Image-2025-10-15-at-16.53.29-1.jpeg",790,584,false],"newsever-featured":["https:\/\/novosaopaulo.com.br\/n1\/wp-content\/uploads\/2025\/10\/WhatsApp-Image-2025-10-15-at-16.53.29-1.jpeg",790,584,false],"newsever-medium":["https:\/\/novosaopaulo.com.br\/n1\/wp-content\/uploads\/2025\/10\/WhatsApp-Image-2025-10-15-at-16.53.29-1-720x475.jpeg",720,475,true]},"author_info":{"display_name":"Reda\u00e7\u00e3o","author_link":"https:\/\/novosaopaulo.com.br\/n1\/author\/g5poa\/"},"category_info":"<a href=\"https:\/\/novosaopaulo.com.br\/n1\/category\/cidades\/\" rel=\"category tag\">Cidades<\/a> <a href=\"https:\/\/novosaopaulo.com.br\/n1\/category\/saude\/\" rel=\"category tag\">Sa\u00fade<\/a>","tag_info":"Sa\u00fade","comment_count":"0","_links":{"self":[{"href":"https:\/\/novosaopaulo.com.br\/n1\/wp-json\/wp\/v2\/posts\/26450"}],"collection":[{"href":"https:\/\/novosaopaulo.com.br\/n1\/wp-json\/wp\/v2\/posts"}],"about":[{"href":"https:\/\/novosaopaulo.com.br\/n1\/wp-json\/wp\/v2\/types\/post"}],"author":[{"embeddable":true,"href":"https:\/\/novosaopaulo.com.br\/n1\/wp-json\/wp\/v2\/users\/1"}],"replies":[{"embeddable":true,"href":"https:\/\/novosaopaulo.com.br\/n1\/wp-json\/wp\/v2\/comments?post=26450"}],"version-history":[{"count":1,"href":"https:\/\/novosaopaulo.com.br\/n1\/wp-json\/wp\/v2\/posts\/26450\/revisions"}],"predecessor-version":[{"id":26454,"href":"https:\/\/novosaopaulo.com.br\/n1\/wp-json\/wp\/v2\/posts\/26450\/revisions\/26454"}],"wp:featuredmedia":[{"embeddable":true,"href":"https:\/\/novosaopaulo.com.br\/n1\/wp-json\/wp\/v2\/media\/26451"}],"wp:attachment":[{"href":"https:\/\/novosaopaulo.com.br\/n1\/wp-json\/wp\/v2\/media?parent=26450"}],"wp:term":[{"taxonomy":"category","embeddable":true,"href":"https:\/\/novosaopaulo.com.br\/n1\/wp-json\/wp\/v2\/categories?post=26450"},{"taxonomy":"post_tag","embeddable":true,"href":"https:\/\/novosaopaulo.com.br\/n1\/wp-json\/wp\/v2\/tags?post=26450"}],"curies":[{"name":"wp","href":"https:\/\/api.w.org\/{rel}","templated":true}]}}