{"id":26433,"date":"2025-10-15T11:47:08","date_gmt":"2025-10-15T14:47:08","guid":{"rendered":"https:\/\/novosaopaulo.com.br\/n1\/?p=26433"},"modified":"2025-10-15T11:47:09","modified_gmt":"2025-10-15T14:47:09","slug":"os-jovens-neuro-divergentes-querem-e-precisam-trabalhar-basta-que-as-empresas-olhem-para-eles","status":"publish","type":"post","link":"https:\/\/novosaopaulo.com.br\/n1\/os-jovens-neuro-divergentes-querem-e-precisam-trabalhar-basta-que-as-empresas-olhem-para-eles\/","title":{"rendered":"Os jovens neuro divergentes querem (e precisam) trabalhar. Basta que as empresas olhem para eles"},"content":{"rendered":"\n<p>O evento Conex\u00e3o COG Autismo e Arte celebrou inclus\u00e3o e diversidade com cultura e sa\u00fade. E falou dos desafios dos jovens com Transtorno do Espectro Autista. Exposi\u00e7\u00e3o de obras de artistas autistas segue at\u00e9 30 de outubro, no Shopping Flamingo (Alphaville, SP)<\/p>\n\n\n\n<p>Uma em cada 38 crian\u00e7as tem Transtorno do Espectro Autista (TEA) no Brasil. Segundo o Censo Demogr\u00e1fico de 2022 do IBGE, 1,2% da popula\u00e7\u00e3o foi diagnosticada com autismo. Em n\u00fameros: 2,4 milh\u00f5es de jovens.<br>Os dados, que s\u00e3o expressivos, trazem consigo diversos desafios para os jovens e suas fam\u00edlias. Um, em especial, foi discutido com intensidade no evento Conex\u00e3o COG Autismo e Arte, promovido pela COG Life Arts, em Alphaville, nos dias 3 e 4 de outubro: o mercado de trabalho. Mas n\u00e3o somente este: a inclus\u00e3o e a diversidade foram temas recorrentes no evento.<br>Durante a pandemia, Flavia Gusm\u00e3o criou o Instituto COG Life Arts com o objetivo de valoriza\u00e7\u00e3o dos jovens at\u00edpicos. Ela abriu um espa\u00e7o on-line para comercializar camisetas com artes de artistas autistas. Em pouco tempo, mais de 60 jovens passaram a usar a plataforma.<br>\u201cConex\u00e3o COG Autismo e Arte \u00e9 mais um passo para valoriza\u00e7\u00e3o dos jovens com TEA, refor\u00e7ando que esse tema merece muita aten\u00e7\u00e3o e os jovens precisam de espa\u00e7o para mostrar o que s\u00e3o capazes de fazer. Eles t\u00eam compet\u00eancia sim\u201d, ressalta Flavia.<br>Em dois dias de palestras, o Conex\u00e3o COG Autismo e Arte discutiu v\u00e1rios temas relevantes sobre os jovens com TEA e o seu mundo.<br>O evento teve apoio do Minist\u00e9rio da Cultura, via Lei Rouanet, e patroc\u00ednio da Total Express. A programa\u00e7\u00e3o foi regada a informa\u00e7\u00e3o e conscientiza\u00e7\u00e3o sobre o tema, refor\u00e7ando o papel da arte e da cultura como ferramentas de transforma\u00e7\u00e3o e inclus\u00e3o social de pessoas neuro divergentes.<br>Participaram diversos especialistas, artistas e representantes do setor corporativo com um \u00fanico objetivo: promover di\u00e1logo pr\u00e1tico e sens\u00edvel sobre inclus\u00e3o nas empresas e na sociedade.<br>Rodrigo de Aquino, comunic\u00f3logo e apresentador, falou sobre \u201cFelicidade At\u00edpica nas Organiza\u00e7\u00f5es\u201d, destacando que a base da sa\u00fade mental est\u00e1 nas conex\u00f5es humanas. Ruth Rodrigues, da Specialisterne, compartilhou resultados de inclus\u00e3o de pessoas autistas no mercado de trabalho, inclusive com casos de sucesso \u2013 que s\u00e3o poucos, mas est\u00e3o aumentando. Carla Bertin, fundadora do projeto Autismo Legal, trouxe o olhar jur\u00eddico sobre o tema, ressaltando que muitos autistas adultos deixam de revelar o diagn\u00f3stico por medo do preconceito.<br>A psic\u00f3loga Daniela Bordini trouxe uma an\u00e1lise profunda sobre os avan\u00e7os e desafios do diagn\u00f3stico do autismo no Brasil, destacando que o olhar multiprofissional e os ajustes individualizados s\u00e3o essenciais para o desenvolvimento das pessoas do espectro. A participa\u00e7\u00e3o da jornalista Amanda Prada, do Fant\u00e1stico, revelou os bastidores da cria\u00e7\u00e3o do quadro \u201cPode Perguntar\u201d. Tati Moraes, Julia Malc e Jorge Calixto que fazem parte do COG Life Arts deram depoimentos sens\u00edveis sobre como o Instituto mudou suas vidas a partir da comercializa\u00e7\u00e3o de sua arte.<br>Um dos momentos mais emocionantes foi a participa\u00e7\u00e3o de Marco T\u00falio Lara, cofundador da banda Jota Quest, que uniu m\u00fasica e emo\u00e7\u00e3o ao compartilhar sua experi\u00eancia pessoal com o filho Theo, que tem s\u00edndrome de Down. As apresenta\u00e7\u00f5es musicais de JP Gusm\u00e3o e Paulo Henrique foram ovacionados pelo p\u00fablico e encerram os semin\u00e1rios de forma emocionante.<br>\u201cO Conex\u00e3o COG \u00e9 mais do que um evento. \u00c9 um movimento vivo de empatia, express\u00e3o e transforma\u00e7\u00e3o. Queremos mostrar que com as ferramentas certas o hiperfoco \u00e9 sim um ponto forte e pode brilhar\u201d, destacou Fl\u00e1via Gusm\u00e3o.<br>No dia 5, o Parque Ecol\u00f3gico de Alphaville foi tomado pela Corrida Cultural, que tamb\u00e9m fez parte do Conex\u00e3o COG. No total, mais de 300 pessoas participaram de corrida e caminhada. A iniciativa uniu sa\u00fade, lazer e conscientiza\u00e7\u00e3o, mostrando que o movimento tamb\u00e9m \u00e9 uma forma de inclus\u00e3o. O p\u00fablico foi envolvido por uma programa\u00e7\u00e3o voltada para o bem-estar, com a Tenda Sensorial do N\u00facleo Kaya, viv\u00eancia de barre &amp; Yoga aberta ao p\u00fablico conduzida pela B.Barre e o som contagiante da DJ Tabbi, que animou o evento. A Total Express tamb\u00e9m levou uma equipe de colaboradores para o evento, refor\u00e7ando o compromisso com a inclus\u00e3o, disse a gerente Priscila Mazoni.<\/p>\n\n\n\n<p>Exposi\u00e7\u00e3o de artes de jovens autistas at\u00e9 30 de outubro, no Shopping Flamingo, em Alphaville \u2013 Cerca de 60 obras de artistas autistas que participam do COG Life Arts est\u00e3o na Exposi\u00e7\u00e3o de Arte com Acessibilidade, no Shopping Flamingo, em Alphaville. O tema central \u00e9 \u201cHiperfoco\u201d.<br>A exposi\u00e7\u00e3o inclui recursos de acessibilidade e oficinas gratuitas, oferecendo uma oportunidade \u00fanica de conectar arte, diversidade e sensibiliza\u00e7\u00e3o da comunidade. \u201cO que vivemos nesses dias \u00e9 uma demonstra\u00e7\u00e3o de que a inclus\u00e3o \u00e9 poss\u00edvel, concreta e bonita. Cada palestra, cada obra, cada passo na corrida simbolizaram a for\u00e7a de uma sociedade que aprende com as diferen\u00e7as e se transforma por meio delas\u201d, completa Fl\u00e1via Gusm\u00e3o.<br>Mais informa\u00e7\u00f5es: @coglifearts<\/p>\n\n\n\n<figure class=\"wp-block-gallery has-nested-images columns-default is-cropped wp-block-gallery-1 is-layout-flex wp-block-gallery-is-layout-flex\">\n<figure class=\"wp-block-image size-large\"><a href=\"https:\/\/novosaopaulo.com.br\/n1\/wp-content\/uploads\/2025\/10\/WhatsApp-Image-2025-10-15-at-10.02.31-1.jpeg\" target=\"_blank\" rel=\"noopener\"><img fetchpriority=\"high\" decoding=\"async\" width=\"394\" height=\"343\" data-id=\"26434\" src=\"https:\/\/novosaopaulo.com.br\/n1\/wp-content\/uploads\/2025\/10\/WhatsApp-Image-2025-10-15-at-10.02.31-1.jpeg\" alt=\"\" class=\"wp-image-26434\" srcset=\"https:\/\/novosaopaulo.com.br\/n1\/wp-content\/uploads\/2025\/10\/WhatsApp-Image-2025-10-15-at-10.02.31-1.jpeg 394w, https:\/\/novosaopaulo.com.br\/n1\/wp-content\/uploads\/2025\/10\/WhatsApp-Image-2025-10-15-at-10.02.31-1-300x261.jpeg 300w\" sizes=\"(max-width: 394px) 100vw, 394px\" \/><\/a><\/figure>\n\n\n\n<figure class=\"wp-block-image size-large\"><a href=\"https:\/\/novosaopaulo.com.br\/n1\/wp-content\/uploads\/2025\/10\/WhatsApp-Image-2025-10-15-at-10.02.31.jpeg\" target=\"_blank\" rel=\"noopener\"><img decoding=\"async\" width=\"385\" height=\"343\" data-id=\"26436\" src=\"https:\/\/novosaopaulo.com.br\/n1\/wp-content\/uploads\/2025\/10\/WhatsApp-Image-2025-10-15-at-10.02.31.jpeg\" alt=\"\" class=\"wp-image-26436\" srcset=\"https:\/\/novosaopaulo.com.br\/n1\/wp-content\/uploads\/2025\/10\/WhatsApp-Image-2025-10-15-at-10.02.31.jpeg 385w, https:\/\/novosaopaulo.com.br\/n1\/wp-content\/uploads\/2025\/10\/WhatsApp-Image-2025-10-15-at-10.02.31-300x267.jpeg 300w\" sizes=\"(max-width: 385px) 100vw, 385px\" \/><\/a><\/figure>\n<\/figure>\n","protected":false},"excerpt":{"rendered":"<p>O evento Conex\u00e3o COG Autismo e Arte celebrou inclus\u00e3o e diversidade com cultura e sa\u00fade&#8230;.<\/p>\n","protected":false},"author":1,"featured_media":26435,"comment_status":"open","ping_status":"open","sticky":false,"template":"","format":"standard","meta":{"footnotes":""},"categories":[2],"tags":[],"featured_image_urls":{"full":["https:\/\/novosaopaulo.com.br\/n1\/wp-content\/uploads\/2025\/10\/WhatsApp-Image-2025-10-15-at-10.02.30.jpeg",406,345,false],"thumbnail":["https:\/\/novosaopaulo.com.br\/n1\/wp-content\/uploads\/2025\/10\/WhatsApp-Image-2025-10-15-at-10.02.30-150x150.jpeg",150,150,true],"medium":["https:\/\/novosaopaulo.com.br\/n1\/wp-content\/uploads\/2025\/10\/WhatsApp-Image-2025-10-15-at-10.02.30-300x255.jpeg",300,255,true],"medium_large":["https:\/\/novosaopaulo.com.br\/n1\/wp-content\/uploads\/2025\/10\/WhatsApp-Image-2025-10-15-at-10.02.30.jpeg",406,345,false],"large":["https:\/\/novosaopaulo.com.br\/n1\/wp-content\/uploads\/2025\/10\/WhatsApp-Image-2025-10-15-at-10.02.30.jpeg",406,345,false],"1536x1536":["https:\/\/novosaopaulo.com.br\/n1\/wp-content\/uploads\/2025\/10\/WhatsApp-Image-2025-10-15-at-10.02.30.jpeg",406,345,false],"2048x2048":["https:\/\/novosaopaulo.com.br\/n1\/wp-content\/uploads\/2025\/10\/WhatsApp-Image-2025-10-15-at-10.02.30.jpeg",406,345,false],"newsever-slider-full":["https:\/\/novosaopaulo.com.br\/n1\/wp-content\/uploads\/2025\/10\/WhatsApp-Image-2025-10-15-at-10.02.30.jpeg",406,345,false],"newsever-featured":["https:\/\/novosaopaulo.com.br\/n1\/wp-content\/uploads\/2025\/10\/WhatsApp-Image-2025-10-15-at-10.02.30.jpeg",406,345,false],"newsever-medium":["https:\/\/novosaopaulo.com.br\/n1\/wp-content\/uploads\/2025\/10\/WhatsApp-Image-2025-10-15-at-10.02.30.jpeg",406,345,false]},"author_info":{"display_name":"Reda\u00e7\u00e3o","author_link":"https:\/\/novosaopaulo.com.br\/n1\/author\/g5poa\/"},"category_info":"<a href=\"https:\/\/novosaopaulo.com.br\/n1\/category\/cidades\/\" rel=\"category tag\">Cidades<\/a>","tag_info":"Cidades","comment_count":"0","_links":{"self":[{"href":"https:\/\/novosaopaulo.com.br\/n1\/wp-json\/wp\/v2\/posts\/26433"}],"collection":[{"href":"https:\/\/novosaopaulo.com.br\/n1\/wp-json\/wp\/v2\/posts"}],"about":[{"href":"https:\/\/novosaopaulo.com.br\/n1\/wp-json\/wp\/v2\/types\/post"}],"author":[{"embeddable":true,"href":"https:\/\/novosaopaulo.com.br\/n1\/wp-json\/wp\/v2\/users\/1"}],"replies":[{"embeddable":true,"href":"https:\/\/novosaopaulo.com.br\/n1\/wp-json\/wp\/v2\/comments?post=26433"}],"version-history":[{"count":1,"href":"https:\/\/novosaopaulo.com.br\/n1\/wp-json\/wp\/v2\/posts\/26433\/revisions"}],"predecessor-version":[{"id":26437,"href":"https:\/\/novosaopaulo.com.br\/n1\/wp-json\/wp\/v2\/posts\/26433\/revisions\/26437"}],"wp:featuredmedia":[{"embeddable":true,"href":"https:\/\/novosaopaulo.com.br\/n1\/wp-json\/wp\/v2\/media\/26435"}],"wp:attachment":[{"href":"https:\/\/novosaopaulo.com.br\/n1\/wp-json\/wp\/v2\/media?parent=26433"}],"wp:term":[{"taxonomy":"category","embeddable":true,"href":"https:\/\/novosaopaulo.com.br\/n1\/wp-json\/wp\/v2\/categories?post=26433"},{"taxonomy":"post_tag","embeddable":true,"href":"https:\/\/novosaopaulo.com.br\/n1\/wp-json\/wp\/v2\/tags?post=26433"}],"curies":[{"name":"wp","href":"https:\/\/api.w.org\/{rel}","templated":true}]}}