{"id":26416,"date":"2025-10-14T16:52:37","date_gmt":"2025-10-14T19:52:37","guid":{"rendered":"https:\/\/novosaopaulo.com.br\/n1\/?p=26416"},"modified":"2025-10-14T16:52:40","modified_gmt":"2025-10-14T19:52:40","slug":"matheus-mare-a-nova-proposta-da-mpb-volta-aos-palcos-com-o-show-tributos-adoniran-barbosa-e-cartola","status":"publish","type":"post","link":"https:\/\/novosaopaulo.com.br\/n1\/matheus-mare-a-nova-proposta-da-mpb-volta-aos-palcos-com-o-show-tributos-adoniran-barbosa-e-cartola\/","title":{"rendered":"Matheus Mar\u00ea \u2013 A nova proposta da MPB volta aos palcos com o show Tributos, Adoniran Barbosa e Cartola"},"content":{"rendered":"\n<p>O cantor e compositor Matheus Mar\u00ea, uma das vozes promissoras da nova gera\u00e7\u00e3o da MPB, retorna aos palcos com seu mais novo espet\u00e1culo: \u201cTributos\u201d.<\/p>\n\n\n\n<p>A apresenta\u00e7\u00e3o acontece no pr\u00f3ximo dia 23 de outubro de 2025, \u00e0s 20h, no aconchegante Espa\u00e7o Cultural 321, localizado na Rua Morato Coelho, 1224 \u2013 Pinheiros, S\u00e3o Paulo.<\/p>\n\n\n\n<p>Neste show especial, Matheus homenageia dois grandes \u00edcones da m\u00fasica popular brasileira: Adoniran Barbosa e Cartola. Com uma performance intimista, o artista ser\u00e1 acompanhado por Paulo Ribeiro ao viol\u00e3o e China Cunha na percuss\u00e3o, formando um trio afinado que promete emocionar o p\u00fablico.<\/p>\n\n\n\n<p>Al\u00e9m das interpreta\u00e7\u00f5es sens\u00edveis e cheias de personalidade de cl\u00e1ssicos desses mestres do samba, Matheus tamb\u00e9m compartilha hist\u00f3rias e curiosidades sobre a vida e a obra dos homenageados, criando um espet\u00e1culo que \u00e9 ao mesmo tempo musical e narrativo, uma verdadeira celebra\u00e7\u00e3o \u00e0 mem\u00f3ria da m\u00fasica brasileira.<\/p>\n\n\n\n<p>Com passagens por diversas cidades do pa\u00eds em turn\u00eas recentes, Matheus Mar\u00ea tem conquistado admiradores por onde passa, encantando com sua voz marcante, sua entrega art\u00edstica e a capacidade de manter viva a tradi\u00e7\u00e3o da MPB enquanto imprime seu estilo \u00fanico e contempor\u00e2neo.<\/p>\n\n\n\n<p>N\u00e3o perca essa oportunidade de vivenciar uma noite de pura emo\u00e7\u00e3o, m\u00fasica de qualidade e homenagem \u00e0 cultura brasileira.<\/p>\n\n\n\n<p>siga: https:\/\/www.instagram.com\/matheusmareoficial\/<\/p>\n\n\n\n<figure class=\"wp-block-embed\"><div class=\"wp-block-embed__wrapper\">\nhttps:\/\/www.instagram.com\/pauloribeiroviolao\/\n<\/div><\/figure>\n\n\n\n<figure class=\"wp-block-embed\"><div class=\"wp-block-embed__wrapper\">\nhttps:\/\/www.instagram.com\/chinacunhapercussao\/\n<\/div><\/figure>\n\n\n\n<figure class=\"wp-block-embed\"><div class=\"wp-block-embed__wrapper\">\nhttps:\/\/www.instagram.com\/321clubbar\/\n<\/div><\/figure>\n\n\n\n<p>Convites a venda no Sympla<\/p>\n\n\n\n<figure class=\"wp-block-embed\"><div class=\"wp-block-embed__wrapper\">\nhttps:\/\/www.sympla.com.br\/evento\/tributo-a-adoniran-barbosa-e-cartola-por-matheus-mare\/3125021?fbclid=PAZXh0bgNhZW0CMTEAAae3U90h9gIB4-Siv5Ldb3D6qwINxdG__XN48DDXz4rEWOm8DTM8YU59XA1Cpg_aem_4X9lLGsTtKjb7hNXYqjQog&#038;referrer=l.instagram.com&#038;referrer=l.instagram.com\n<\/div><\/figure>\n\n\n\n<p>SERVI\u00c7O<br>Data: 23 de outubro de 2025<br>Hor\u00e1rio: 20h<br>Local: Espa\u00e7o Cultural 321 \u2013 Rua Morato Coelho, 1224 \u2013 Pinheiros, S\u00e3o Paulo \u2013 SP<\/p>\n\n\n\n<p>Assessoria: Rosilene Bejarano<\/p>\n\n\n\n<p>(reg.prof. 6925\/ SC)<\/p>\n\n\n\n<figure class=\"wp-block-embed\"><div class=\"wp-block-embed__wrapper\">\nhttps:\/\/www.instagram.com\/rosilenebejarano\/\n<\/div><\/figure>\n","protected":false},"excerpt":{"rendered":"<p>O cantor e compositor Matheus Mar\u00ea, uma das vozes promissoras da nova gera\u00e7\u00e3o da MPB,&#8230;<\/p>\n","protected":false},"author":1,"featured_media":26417,"comment_status":"open","ping_status":"open","sticky":false,"template":"","format":"standard","meta":{"footnotes":""},"categories":[2],"tags":[],"featured_image_urls":{"full":["https:\/\/novosaopaulo.com.br\/n1\/wp-content\/uploads\/2025\/10\/WhatsApp-Image-2025-10-14-at-12.47.46.jpeg",1080,1210,false],"thumbnail":["https:\/\/novosaopaulo.com.br\/n1\/wp-content\/uploads\/2025\/10\/WhatsApp-Image-2025-10-14-at-12.47.46-150x150.jpeg",150,150,true],"medium":["https:\/\/novosaopaulo.com.br\/n1\/wp-content\/uploads\/2025\/10\/WhatsApp-Image-2025-10-14-at-12.47.46-268x300.jpeg",268,300,true],"medium_large":["https:\/\/novosaopaulo.com.br\/n1\/wp-content\/uploads\/2025\/10\/WhatsApp-Image-2025-10-14-at-12.47.46-768x860.jpeg",640,717,true],"large":["https:\/\/novosaopaulo.com.br\/n1\/wp-content\/uploads\/2025\/10\/WhatsApp-Image-2025-10-14-at-12.47.46-914x1024.jpeg",640,717,true],"1536x1536":["https:\/\/novosaopaulo.com.br\/n1\/wp-content\/uploads\/2025\/10\/WhatsApp-Image-2025-10-14-at-12.47.46.jpeg",1080,1210,false],"2048x2048":["https:\/\/novosaopaulo.com.br\/n1\/wp-content\/uploads\/2025\/10\/WhatsApp-Image-2025-10-14-at-12.47.46.jpeg",1080,1210,false],"newsever-slider-full":["https:\/\/novosaopaulo.com.br\/n1\/wp-content\/uploads\/2025\/10\/WhatsApp-Image-2025-10-14-at-12.47.46-1080x845.jpeg",1080,845,true],"newsever-featured":["https:\/\/novosaopaulo.com.br\/n1\/wp-content\/uploads\/2025\/10\/WhatsApp-Image-2025-10-14-at-12.47.46-1024x1147.jpeg",1024,1147,true],"newsever-medium":["https:\/\/novosaopaulo.com.br\/n1\/wp-content\/uploads\/2025\/10\/WhatsApp-Image-2025-10-14-at-12.47.46-720x475.jpeg",720,475,true]},"author_info":{"display_name":"Reda\u00e7\u00e3o","author_link":"https:\/\/novosaopaulo.com.br\/n1\/author\/g5poa\/"},"category_info":"<a href=\"https:\/\/novosaopaulo.com.br\/n1\/category\/cidades\/\" rel=\"category tag\">Cidades<\/a>","tag_info":"Cidades","comment_count":"0","_links":{"self":[{"href":"https:\/\/novosaopaulo.com.br\/n1\/wp-json\/wp\/v2\/posts\/26416"}],"collection":[{"href":"https:\/\/novosaopaulo.com.br\/n1\/wp-json\/wp\/v2\/posts"}],"about":[{"href":"https:\/\/novosaopaulo.com.br\/n1\/wp-json\/wp\/v2\/types\/post"}],"author":[{"embeddable":true,"href":"https:\/\/novosaopaulo.com.br\/n1\/wp-json\/wp\/v2\/users\/1"}],"replies":[{"embeddable":true,"href":"https:\/\/novosaopaulo.com.br\/n1\/wp-json\/wp\/v2\/comments?post=26416"}],"version-history":[{"count":1,"href":"https:\/\/novosaopaulo.com.br\/n1\/wp-json\/wp\/v2\/posts\/26416\/revisions"}],"predecessor-version":[{"id":26418,"href":"https:\/\/novosaopaulo.com.br\/n1\/wp-json\/wp\/v2\/posts\/26416\/revisions\/26418"}],"wp:featuredmedia":[{"embeddable":true,"href":"https:\/\/novosaopaulo.com.br\/n1\/wp-json\/wp\/v2\/media\/26417"}],"wp:attachment":[{"href":"https:\/\/novosaopaulo.com.br\/n1\/wp-json\/wp\/v2\/media?parent=26416"}],"wp:term":[{"taxonomy":"category","embeddable":true,"href":"https:\/\/novosaopaulo.com.br\/n1\/wp-json\/wp\/v2\/categories?post=26416"},{"taxonomy":"post_tag","embeddable":true,"href":"https:\/\/novosaopaulo.com.br\/n1\/wp-json\/wp\/v2\/tags?post=26416"}],"curies":[{"name":"wp","href":"https:\/\/api.w.org\/{rel}","templated":true}]}}