{"id":26411,"date":"2025-10-13T21:28:28","date_gmt":"2025-10-14T00:28:28","guid":{"rendered":"https:\/\/novosaopaulo.com.br\/n1\/?p=26411"},"modified":"2025-10-13T21:28:29","modified_gmt":"2025-10-14T00:28:29","slug":"saulo-souza-valoriza-guardas-municipais-com-nova-progressao-de-carreira-e-anuncia-investimentos-em-seguranca","status":"publish","type":"post","link":"https:\/\/novosaopaulo.com.br\/n1\/saulo-souza-valoriza-guardas-municipais-com-nova-progressao-de-carreira-e-anuncia-investimentos-em-seguranca\/","title":{"rendered":"Saulo Souza valoriza guardas municipais com nova progress\u00e3o de carreira e anuncia investimentos em seguran\u00e7a"},"content":{"rendered":"\n<p>Cerim\u00f4nia realizada nesta sexta-feira (10) marcou promo\u00e7\u00e3o de 16 profissionais no Dia Nacional da Guarda Civil Municipal<\/p>\n\n\n\n<p>No Dia Nacional da Guarda Civil Municipal (GCM), comemorado na \u00faltima sexta-feira (10), a Prefeitura de Po\u00e1 promoveu a solenidade de promo\u00e7\u00e3o de 16 agentes da corpora\u00e7\u00e3o, oficializando a progress\u00e3o dos profissionais do posto de 3\u00aa para 2\u00aa classe. A cerim\u00f4nia, promovida pela Secretaria de Seguran\u00e7a, contou com a presen\u00e7a do prefeito Saulo Souza e do chefe da pasta, Comandante Ferreira. Em mar\u00e7o deste ano, outros 53 agentes j\u00e1 haviam sido promovidos, consolidando uma pol\u00edtica de valoriza\u00e7\u00e3o dos policiais municipais.<\/p>\n\n\n\n<p>Durante o evento, o prefeito Saulo Souza ressaltou o simbolismo da data e o compromisso da atual gest\u00e3o com a seguran\u00e7a p\u00fablica. \u201cHoje \u00e9 um dia de celebra\u00e7\u00e3o e de gratid\u00e3o pela vida. Os nossos verdadeiros her\u00f3is an\u00f4nimos, que enfrentam situa\u00e7\u00f5es de risco, merecem esse reconhecimento. \u00c9 imposs\u00edvel elevar a seguran\u00e7a da nossa cidade sem valorizar o ser humano que est\u00e1 por tr\u00e1s dessa entrega\u201d, afirmou.<\/p>\n\n\n\n<p>O prefeito destacou ainda que, desde o in\u00edcio da atual gest\u00e3o, os \u00edndices de roubos e furtos ca\u00edram quase 40% em Po\u00e1 gra\u00e7as ao trabalho conjunto das for\u00e7as policiais. Segundo ele, o objetivo \u00e9 continuar investindo em tecnologia, infraestrutura e capacita\u00e7\u00e3o dos agentes. Entre as a\u00e7\u00f5es futuras, Saulo Souza anunciou um amplo plano de moderniza\u00e7\u00e3o da seguran\u00e7a.<\/p>\n\n\n\n<p>\u201cVamos instalar 150 c\u00e2meras de monitoramento com tecnologia de reconhecimento facial, que v\u00e3o refor\u00e7ar o trabalho de vigil\u00e2ncia e preven\u00e7\u00e3o. Paralelamente, uma verdadeira revolu\u00e7\u00e3o ocorrer\u00e1 no parque de ilumina\u00e7\u00e3o p\u00fablica, com a substitui\u00e7\u00e3o de todos os pontos de luz por l\u00e2mpadas de LED, garantindo mais efici\u00eancia e seguran\u00e7a nas vias. A corpora\u00e7\u00e3o tamb\u00e9m ser\u00e1 fortalecida com a aquisi\u00e7\u00e3o de novos coletes, armamentos, muni\u00e7\u00e3o, al\u00e9m da renova\u00e7\u00e3o total da frota de viaturas. Outro destaque \u00e9 a amplia\u00e7\u00e3o e o fortalecimento dos treinamentos dos agentes, assegurando uma atua\u00e7\u00e3o cada vez mais preparada e moderna\u201d, completou o prefeito.<\/p>\n\n\n\n<p>O secret\u00e1rio de Seguran\u00e7a, Comandante Ferreira, destacou o trabalho conjunto entre as institui\u00e7\u00f5es de seguran\u00e7a, como as pol\u00edcias Civil e Militar, e o empenho da atual gest\u00e3o na valoriza\u00e7\u00e3o dos guardas municipais. \u201cGostaria de parabenizar todos os guardas por esse momento e agradecer ao nosso prefeito. Em pouco tempo, ele acolheu os servidores da guarda e mostrou compromisso com a categoria\u201d, afirmou.<\/p>\n\n\n\n<p>Ferreira tamb\u00e9m enalteceu o simbolismo do Dia Nacional das Guardas Municipais. \u201cEsse \u00e9 um momento de esperan\u00e7a e de confian\u00e7a. A valoriza\u00e7\u00e3o dos nossos profissionais reflete diretamente na qualidade do servi\u00e7o prestado \u00e0 popula\u00e7\u00e3o\u201d, concluiu.<\/p>\n\n\n\n<p>O comandante geral da GCM de Po\u00e1, Inspetor Vieira, classificou a progress\u00e3o de carreira como uma conquista hist\u00f3rica para a institui\u00e7\u00e3o. \u201cHoje \u00e9 um dia de realiza\u00e7\u00e3o, de conquista e de celebra\u00e7\u00e3o de um sonho esperado h\u00e1 muitos anos. Essa evolu\u00e7\u00e3o de carreira \u00e9 motivo de orgulho para todos n\u00f3s\u201d, afirmou.<\/p>\n\n\n\n<p>A cerim\u00f4nia contou com a presen\u00e7a dos secret\u00e1rios e vereadores municipais, de familiares dos GCMs homenageados, al\u00e9m do delegado titular de Po\u00e1, Carlos Em\u00edlio Pernambuco, do presidente do Conselho de Seguran\u00e7a (Conseg), Claudio Machado, e do Pastor Universal das For\u00e7as Policiais, Luis de Souza.<\/p>\n\n\n\n<p>Fotos: Nivaldo Alves e Irineu J\u00fanior<\/p>\n","protected":false},"excerpt":{"rendered":"<p>Cerim\u00f4nia realizada nesta sexta-feira (10) marcou promo\u00e7\u00e3o de 16 profissionais no Dia Nacional da Guarda&#8230;<\/p>\n","protected":false},"author":1,"featured_media":26412,"comment_status":"open","ping_status":"open","sticky":false,"template":"","format":"standard","meta":{"footnotes":""},"categories":[8],"tags":[],"featured_image_urls":{"full":["https:\/\/novosaopaulo.com.br\/n1\/wp-content\/uploads\/2025\/10\/WhatsApp-Image-2025-10-13-at-20.51.58.jpeg",1000,563,false],"thumbnail":["https:\/\/novosaopaulo.com.br\/n1\/wp-content\/uploads\/2025\/10\/WhatsApp-Image-2025-10-13-at-20.51.58-150x150.jpeg",150,150,true],"medium":["https:\/\/novosaopaulo.com.br\/n1\/wp-content\/uploads\/2025\/10\/WhatsApp-Image-2025-10-13-at-20.51.58-300x169.jpeg",300,169,true],"medium_large":["https:\/\/novosaopaulo.com.br\/n1\/wp-content\/uploads\/2025\/10\/WhatsApp-Image-2025-10-13-at-20.51.58-768x432.jpeg",640,360,true],"large":["https:\/\/novosaopaulo.com.br\/n1\/wp-content\/uploads\/2025\/10\/WhatsApp-Image-2025-10-13-at-20.51.58.jpeg",640,360,false],"1536x1536":["https:\/\/novosaopaulo.com.br\/n1\/wp-content\/uploads\/2025\/10\/WhatsApp-Image-2025-10-13-at-20.51.58.jpeg",1000,563,false],"2048x2048":["https:\/\/novosaopaulo.com.br\/n1\/wp-content\/uploads\/2025\/10\/WhatsApp-Image-2025-10-13-at-20.51.58.jpeg",1000,563,false],"newsever-slider-full":["https:\/\/novosaopaulo.com.br\/n1\/wp-content\/uploads\/2025\/10\/WhatsApp-Image-2025-10-13-at-20.51.58.jpeg",1000,563,false],"newsever-featured":["https:\/\/novosaopaulo.com.br\/n1\/wp-content\/uploads\/2025\/10\/WhatsApp-Image-2025-10-13-at-20.51.58.jpeg",1000,563,false],"newsever-medium":["https:\/\/novosaopaulo.com.br\/n1\/wp-content\/uploads\/2025\/10\/WhatsApp-Image-2025-10-13-at-20.51.58-720x475.jpeg",720,475,true]},"author_info":{"display_name":"Reda\u00e7\u00e3o","author_link":"https:\/\/novosaopaulo.com.br\/n1\/author\/g5poa\/"},"category_info":"<a href=\"https:\/\/novosaopaulo.com.br\/n1\/category\/poa\/\" rel=\"category tag\">Po\u00e1<\/a>","tag_info":"Po\u00e1","comment_count":"0","_links":{"self":[{"href":"https:\/\/novosaopaulo.com.br\/n1\/wp-json\/wp\/v2\/posts\/26411"}],"collection":[{"href":"https:\/\/novosaopaulo.com.br\/n1\/wp-json\/wp\/v2\/posts"}],"about":[{"href":"https:\/\/novosaopaulo.com.br\/n1\/wp-json\/wp\/v2\/types\/post"}],"author":[{"embeddable":true,"href":"https:\/\/novosaopaulo.com.br\/n1\/wp-json\/wp\/v2\/users\/1"}],"replies":[{"embeddable":true,"href":"https:\/\/novosaopaulo.com.br\/n1\/wp-json\/wp\/v2\/comments?post=26411"}],"version-history":[{"count":1,"href":"https:\/\/novosaopaulo.com.br\/n1\/wp-json\/wp\/v2\/posts\/26411\/revisions"}],"predecessor-version":[{"id":26413,"href":"https:\/\/novosaopaulo.com.br\/n1\/wp-json\/wp\/v2\/posts\/26411\/revisions\/26413"}],"wp:featuredmedia":[{"embeddable":true,"href":"https:\/\/novosaopaulo.com.br\/n1\/wp-json\/wp\/v2\/media\/26412"}],"wp:attachment":[{"href":"https:\/\/novosaopaulo.com.br\/n1\/wp-json\/wp\/v2\/media?parent=26411"}],"wp:term":[{"taxonomy":"category","embeddable":true,"href":"https:\/\/novosaopaulo.com.br\/n1\/wp-json\/wp\/v2\/categories?post=26411"},{"taxonomy":"post_tag","embeddable":true,"href":"https:\/\/novosaopaulo.com.br\/n1\/wp-json\/wp\/v2\/tags?post=26411"}],"curies":[{"name":"wp","href":"https:\/\/api.w.org\/{rel}","templated":true}]}}