{"id":26408,"date":"2025-10-13T21:24:19","date_gmt":"2025-10-14T00:24:19","guid":{"rendered":"https:\/\/novosaopaulo.com.br\/n1\/?p=26408"},"modified":"2025-10-13T21:24:20","modified_gmt":"2025-10-14T00:24:20","slug":"prefeitura-de-poa-firma-parceria-com-unipiaget-no-dia-nacional-do-fisioterapeuta","status":"publish","type":"post","link":"https:\/\/novosaopaulo.com.br\/n1\/prefeitura-de-poa-firma-parceria-com-unipiaget-no-dia-nacional-do-fisioterapeuta\/","title":{"rendered":"Prefeitura de Po\u00e1 firma parceria com UniPiaget no Dia Nacional do Fisioterapeuta"},"content":{"rendered":"\n<p>Conv\u00eanio amplia oportunidades de est\u00e1gio para universit\u00e1rios e oferece benef\u00edcios a servidores municipais<\/p>\n\n\n\n<p>Em comemora\u00e7\u00e3o ao Dia Nacional do Fisioterapeuta e do Terapeuta Ocupacional, celebrado nesta segunda-feira (13), a Prefeitura de Po\u00e1 firmou um importante Termo de Coopera\u00e7\u00e3o T\u00e9cnica com o Centro Universit\u00e1rio Piaget (UniPiaget). A assinatura do conv\u00eanio, realizada pelo prefeito Saulo Souza na C\u00e2mara Municipal, tem como objetivo fortalecer a parceria entre o munic\u00edpio e a institui\u00e7\u00e3o, ampliando a atua\u00e7\u00e3o no campo da fisioterapia e da terapia ocupacional.<\/p>\n\n\n\n<p>O acordo permitir\u00e1 que estudantes do UniPiaget realizem est\u00e1gios supervisionados nas unidades de sa\u00fade de Po\u00e1, contribuindo para a forma\u00e7\u00e3o pr\u00e1tica dos futuros profissionais e para o atendimento \u00e0 popula\u00e7\u00e3o. Al\u00e9m disso, o conv\u00eanio garante descontos especiais para funcion\u00e1rios p\u00fablicos e seus dependentes em cursos de gradua\u00e7\u00e3o e p\u00f3s-gradua\u00e7\u00e3o oferecidos pela institui\u00e7\u00e3o.<\/p>\n\n\n\n<p>O evento contou com a presen\u00e7a do secret\u00e1rio de Sa\u00fade, Silvanei Mamed, do reitor do UniPiaget, Marcus Vin\u00edcius Herbst Rodrigues, da pr\u00f3-reitora Poliana Lima, da coordenadora do curso de Fisioterapia, Ma\u00edra Campos, e da coordenadora do Centro de Fisioterapia de Po\u00e1, Ana Paula Gatti. Tamb\u00e9m esteve presente a fisioterapeuta Claudia de Deus, servidora concursada do munic\u00edpio com 32 anos de carreira, que foi homenageada junto aos profissionais do Centro de Fisioterapia Albert Sabin. A celebra\u00e7\u00e3o contou ainda com palestra do fisioterapeuta Eduardo Filoni.<\/p>\n\n\n\n<p>Durante a cerim\u00f4nia, o prefeito Saulo Souza destacou a import\u00e2ncia da data e os investimentos na \u00e1rea. \u201cHoje \u00e9 um dia de alegria, de estarmos juntos para celebrar essa profiss\u00e3o t\u00e3o desafiadora, que devolve ao paciente o movimento, a independ\u00eancia e a qualidade de vida. \u00c9 uma profiss\u00e3o que transforma vidas e devolve a esperan\u00e7a. Esses profissionais merecem todo o reconhecimento por sua dedica\u00e7\u00e3o e amor ao pr\u00f3ximo. De nossa parte, estamos iniciando uma reforma no Centro de Fisioterapia para melhorar a estrutura oferecida e garantir mais conforto para pacientes e servidores\u201d<\/p>\n\n\n\n<p>O secret\u00e1rio de Sa\u00fade de Po\u00e1, Silvanei Mamed, tamb\u00e9m destacou o papel essencial dos fisioterapeutas e terapeutas ocupacionais na rede p\u00fablica. \u201cS\u00e3o profiss\u00f5es nobres, que valorizam a vida e acolhem as fam\u00edlias poaenses. Tenho muito orgulho da nossa equipe. Quando assumimos a gest\u00e3o, havia mais de seis meses de atraso nos atendimentos e uma longa fila de espera. Com planejamento e trabalho conjunto, conseguimos reduzir esse tempo e oferecer acolhimento mais \u00e1gil para casos urgentes\u201d, afirmou.<\/p>\n\n\n\n<p>Segundo Mamed, 2025 foi um ano de avan\u00e7os significativos com a implementa\u00e7\u00e3o da terapia ocupacional e do pilates cl\u00ednico nas unidades. \u201cEssas novas modalidades ampliam o cuidado com os pacientes e refor\u00e7am o compromisso da administra\u00e7\u00e3o com a humaniza\u00e7\u00e3o do atendimento. E vamos avan\u00e7ar muito mais nesse setor\u201d, completou o secret\u00e1rio.<\/p>\n\n\n\n<p>O reitor do UniPiaget, Marcus Vin\u00edcius Herbst Rodrigues, que tamb\u00e9m \u00e9 fisioterapeuta, ressaltou o valor da coopera\u00e7\u00e3o com a Prefeitura de Po\u00e1. \u201cA universidade est\u00e1 de portas abertas para a cidade. Essa parceria refor\u00e7a nossa miss\u00e3o de contribuir para o desenvolvimento da sa\u00fade p\u00fablica e da forma\u00e7\u00e3o dos nossos alunos. Quero agradecer ao prefeito Saulo Souza pela confian\u00e7a e aproveitar para parabenizar todos os fisioterapeutas e terapeutas ocupacionais\u201d, declarou.<\/p>\n\n\n\n<p>A coordenadora do Centro de Fisioterapia de Po\u00e1, Ana Paula Gatti, expressou gratid\u00e3o e reconhecimento aos colegas de profiss\u00e3o. \u201cHoje \u00e9 um dia muito especial, de gratid\u00e3o por termos a chance de transformar vidas por meio da nossa profiss\u00e3o. Ser fisioterapeuta ou terapeuta ocupacional \u00e9 uma miss\u00e3o de empatia. Parabenizo todos os profissionais que, diariamente, dedicam seu tempo e conhecimento para cuidar da popula\u00e7\u00e3o com tanto amor e responsabilidade\u201d, afirmou.<\/p>\n\n\n\n<p>Fotos: Nivaldo Alves<\/p>\n","protected":false},"excerpt":{"rendered":"<p>Conv\u00eanio amplia oportunidades de est\u00e1gio para universit\u00e1rios e oferece benef\u00edcios a servidores municipais Em comemora\u00e7\u00e3o&#8230;<\/p>\n","protected":false},"author":1,"featured_media":26409,"comment_status":"open","ping_status":"open","sticky":false,"template":"","format":"standard","meta":{"footnotes":""},"categories":[8],"tags":[],"featured_image_urls":{"full":["https:\/\/novosaopaulo.com.br\/n1\/wp-content\/uploads\/2025\/10\/WhatsApp-Image-2025-10-13-at-20.50.33.jpeg",1500,1000,false],"thumbnail":["https:\/\/novosaopaulo.com.br\/n1\/wp-content\/uploads\/2025\/10\/WhatsApp-Image-2025-10-13-at-20.50.33-150x150.jpeg",150,150,true],"medium":["https:\/\/novosaopaulo.com.br\/n1\/wp-content\/uploads\/2025\/10\/WhatsApp-Image-2025-10-13-at-20.50.33-300x200.jpeg",300,200,true],"medium_large":["https:\/\/novosaopaulo.com.br\/n1\/wp-content\/uploads\/2025\/10\/WhatsApp-Image-2025-10-13-at-20.50.33-768x512.jpeg",640,427,true],"large":["https:\/\/novosaopaulo.com.br\/n1\/wp-content\/uploads\/2025\/10\/WhatsApp-Image-2025-10-13-at-20.50.33-1024x683.jpeg",640,427,true],"1536x1536":["https:\/\/novosaopaulo.com.br\/n1\/wp-content\/uploads\/2025\/10\/WhatsApp-Image-2025-10-13-at-20.50.33.jpeg",1500,1000,false],"2048x2048":["https:\/\/novosaopaulo.com.br\/n1\/wp-content\/uploads\/2025\/10\/WhatsApp-Image-2025-10-13-at-20.50.33.jpeg",1500,1000,false],"newsever-slider-full":["https:\/\/novosaopaulo.com.br\/n1\/wp-content\/uploads\/2025\/10\/WhatsApp-Image-2025-10-13-at-20.50.33-1280x845.jpeg",1280,845,true],"newsever-featured":["https:\/\/novosaopaulo.com.br\/n1\/wp-content\/uploads\/2025\/10\/WhatsApp-Image-2025-10-13-at-20.50.33-1024x683.jpeg",1024,683,true],"newsever-medium":["https:\/\/novosaopaulo.com.br\/n1\/wp-content\/uploads\/2025\/10\/WhatsApp-Image-2025-10-13-at-20.50.33-720x475.jpeg",720,475,true]},"author_info":{"display_name":"Reda\u00e7\u00e3o","author_link":"https:\/\/novosaopaulo.com.br\/n1\/author\/g5poa\/"},"category_info":"<a href=\"https:\/\/novosaopaulo.com.br\/n1\/category\/poa\/\" rel=\"category tag\">Po\u00e1<\/a>","tag_info":"Po\u00e1","comment_count":"0","_links":{"self":[{"href":"https:\/\/novosaopaulo.com.br\/n1\/wp-json\/wp\/v2\/posts\/26408"}],"collection":[{"href":"https:\/\/novosaopaulo.com.br\/n1\/wp-json\/wp\/v2\/posts"}],"about":[{"href":"https:\/\/novosaopaulo.com.br\/n1\/wp-json\/wp\/v2\/types\/post"}],"author":[{"embeddable":true,"href":"https:\/\/novosaopaulo.com.br\/n1\/wp-json\/wp\/v2\/users\/1"}],"replies":[{"embeddable":true,"href":"https:\/\/novosaopaulo.com.br\/n1\/wp-json\/wp\/v2\/comments?post=26408"}],"version-history":[{"count":1,"href":"https:\/\/novosaopaulo.com.br\/n1\/wp-json\/wp\/v2\/posts\/26408\/revisions"}],"predecessor-version":[{"id":26410,"href":"https:\/\/novosaopaulo.com.br\/n1\/wp-json\/wp\/v2\/posts\/26408\/revisions\/26410"}],"wp:featuredmedia":[{"embeddable":true,"href":"https:\/\/novosaopaulo.com.br\/n1\/wp-json\/wp\/v2\/media\/26409"}],"wp:attachment":[{"href":"https:\/\/novosaopaulo.com.br\/n1\/wp-json\/wp\/v2\/media?parent=26408"}],"wp:term":[{"taxonomy":"category","embeddable":true,"href":"https:\/\/novosaopaulo.com.br\/n1\/wp-json\/wp\/v2\/categories?post=26408"},{"taxonomy":"post_tag","embeddable":true,"href":"https:\/\/novosaopaulo.com.br\/n1\/wp-json\/wp\/v2\/tags?post=26408"}],"curies":[{"name":"wp","href":"https:\/\/api.w.org\/{rel}","templated":true}]}}