{"id":26404,"date":"2025-10-13T21:23:02","date_gmt":"2025-10-14T00:23:02","guid":{"rendered":"https:\/\/novosaopaulo.com.br\/n1\/?p=26404"},"modified":"2025-10-13T21:23:03","modified_gmt":"2025-10-14T00:23:03","slug":"analice-nicolau-se-reinventa-apos-crise-do-climaterio-e-lanca-e-book-no-programa-de-daniela-albuquerque","status":"publish","type":"post","link":"https:\/\/novosaopaulo.com.br\/n1\/analice-nicolau-se-reinventa-apos-crise-do-climaterio-e-lanca-e-book-no-programa-de-daniela-albuquerque\/","title":{"rendered":"Analice Nicolau se Reinventa Ap\u00f3s Crise do Climat\u00e9rio e Lan\u00e7a E-book no Programa de Daniela Albuquerque"},"content":{"rendered":"\n<p>Ap\u00f3s enfrentar uma severa &#8220;n\u00e9voa cognitiva&#8221; que abalou sua carreira, a jornalista e colunista do Jornal de Bras\u00edlia lan\u00e7a o e-book &#8220;Transi\u00e7\u00e3o&#8221;, um convite para acolher a maturidade com mais leveza e autoconhecimento.<\/p>\n\n\n\n<p>A jornalista e colunista Analice Nicolau, conhecida por sua comunica\u00e7\u00e3o assertiva e en\u00e9rgica, revela uma de suas jornadas mais \u00edntimas e desafiadoras no lan\u00e7amento do seu novo E-book, &#8220;Transi\u00e7\u00e3o&#8221;.<br>A obra nasceu de uma crise pessoal vivida nos \u00faltimos cinco meses, quando a chegada do climat\u00e9rio trouxe consigo um d\u00e9ficit cognitivo que colocou em xeque sua identidade profissional.<br>O que a comunicadora descreve como uma &#8220;n\u00e9voa mental&#8221; impactou diretamente sua capacidade de trabalho, trazendo lapsos de mem\u00f3ria e dificuldade de concentra\u00e7\u00e3o, um cen\u00e1rio assustador para quem vive da palavra. No entanto, o que parecia um obst\u00e1culo intranspon\u00edvel se tornou o catalisador de uma profunda mudan\u00e7a. For\u00e7ada a desacelerar, Analice encontrou na escrita n\u00e3o apenas uma ferramenta de trabalho, mas um caminho de cura e reencontro.<br>Foi nesse processo de vulnerabilidade e redescoberta que a jornalista deu forma \u00e0 &#8220;Transi\u00e7\u00e3o&#8221;. O e-book se afasta dos manuais t\u00e9cnicos sobre a menopausa para oferecer uma conversa franca e acolhedora, de mulher para mulher. A proposta \u00e9 compartilhar uma experi\u00eancia real, mostrando que \u00e9 poss\u00edvel atravessar essa fase com mais leveza, transformando o medo e a incerteza em uma oportunidade para o autocuidado e o fortalecimento da autoestima feminina.<br>O lan\u00e7amento oficial da obra aconteceu no palco do programa Sensacional, da RedeTV, comandado por Daniela Albuquerque, uma apoiadora de temas relevantes para o universo feminino. Ao lado de nomes como Gloria Vanique, Nani Ven\u00e2ncio, Adriana Colin e do especialista Dr. Andr\u00e9 Vinicius,<br>Analice Nicolau apresentou seu projeto, que simboliza a resili\u00eancia e a capacidade de transformar a dor em prop\u00f3sito. \u201cTransi\u00e7\u00e3o&#8221; surge, assim, como uma contribui\u00e7\u00e3o valiosa e necess\u00e1ria. Em um momento em que a sa\u00fade da mulher e o debate sobre o etarismo ganham for\u00e7a, a coragem de Analice Nicolau em expor sua fragilidade inspira e abre um di\u00e1logo fundamental sobre uma das fases mais significativas da<br>vida de uma mulher. A obra \u00e9 um lembrete de que, mesmo em meio ao caos, sempre \u00e9 poss\u00edvel se reencontrar.<\/p>\n\n\n\n<p>Assista https:\/\/www.youtube.com\/redetv<\/p>\n\n\n\n<figure class=\"wp-block-image size-large\"><img fetchpriority=\"high\" decoding=\"async\" width=\"683\" height=\"1024\" src=\"https:\/\/novosaopaulo.com.br\/n1\/wp-content\/uploads\/2025\/10\/WhatsApp-Image-2025-10-13-at-16.25.05-683x1024.jpeg\" alt=\"\" class=\"wp-image-26406\" srcset=\"https:\/\/novosaopaulo.com.br\/n1\/wp-content\/uploads\/2025\/10\/WhatsApp-Image-2025-10-13-at-16.25.05-683x1024.jpeg 683w, https:\/\/novosaopaulo.com.br\/n1\/wp-content\/uploads\/2025\/10\/WhatsApp-Image-2025-10-13-at-16.25.05-200x300.jpeg 200w, https:\/\/novosaopaulo.com.br\/n1\/wp-content\/uploads\/2025\/10\/WhatsApp-Image-2025-10-13-at-16.25.05-768x1151.jpeg 768w, https:\/\/novosaopaulo.com.br\/n1\/wp-content\/uploads\/2025\/10\/WhatsApp-Image-2025-10-13-at-16.25.05.jpeg 854w\" sizes=\"(max-width: 683px) 100vw, 683px\" \/><\/figure>\n","protected":false},"excerpt":{"rendered":"<p>Ap\u00f3s enfrentar uma severa &#8220;n\u00e9voa cognitiva&#8221; que abalou sua carreira, a jornalista e colunista do&#8230;<\/p>\n","protected":false},"author":1,"featured_media":26405,"comment_status":"open","ping_status":"open","sticky":false,"template":"","format":"standard","meta":{"footnotes":""},"categories":[38],"tags":[],"featured_image_urls":{"full":["https:\/\/novosaopaulo.com.br\/n1\/wp-content\/uploads\/2025\/10\/WhatsApp-Image-2025-10-13-at-16.25.05-1.jpeg",1280,854,false],"thumbnail":["https:\/\/novosaopaulo.com.br\/n1\/wp-content\/uploads\/2025\/10\/WhatsApp-Image-2025-10-13-at-16.25.05-1-150x150.jpeg",150,150,true],"medium":["https:\/\/novosaopaulo.com.br\/n1\/wp-content\/uploads\/2025\/10\/WhatsApp-Image-2025-10-13-at-16.25.05-1-300x200.jpeg",300,200,true],"medium_large":["https:\/\/novosaopaulo.com.br\/n1\/wp-content\/uploads\/2025\/10\/WhatsApp-Image-2025-10-13-at-16.25.05-1-768x512.jpeg",640,427,true],"large":["https:\/\/novosaopaulo.com.br\/n1\/wp-content\/uploads\/2025\/10\/WhatsApp-Image-2025-10-13-at-16.25.05-1-1024x683.jpeg",640,427,true],"1536x1536":["https:\/\/novosaopaulo.com.br\/n1\/wp-content\/uploads\/2025\/10\/WhatsApp-Image-2025-10-13-at-16.25.05-1.jpeg",1280,854,false],"2048x2048":["https:\/\/novosaopaulo.com.br\/n1\/wp-content\/uploads\/2025\/10\/WhatsApp-Image-2025-10-13-at-16.25.05-1.jpeg",1280,854,false],"newsever-slider-full":["https:\/\/novosaopaulo.com.br\/n1\/wp-content\/uploads\/2025\/10\/WhatsApp-Image-2025-10-13-at-16.25.05-1-1280x845.jpeg",1280,845,true],"newsever-featured":["https:\/\/novosaopaulo.com.br\/n1\/wp-content\/uploads\/2025\/10\/WhatsApp-Image-2025-10-13-at-16.25.05-1-1024x683.jpeg",1024,683,true],"newsever-medium":["https:\/\/novosaopaulo.com.br\/n1\/wp-content\/uploads\/2025\/10\/WhatsApp-Image-2025-10-13-at-16.25.05-1-720x475.jpeg",720,475,true]},"author_info":{"display_name":"Reda\u00e7\u00e3o","author_link":"https:\/\/novosaopaulo.com.br\/n1\/author\/g5poa\/"},"category_info":"<a href=\"https:\/\/novosaopaulo.com.br\/n1\/category\/joao-costa\/\" rel=\"category tag\">Jo\u00e3o Costa<\/a>","tag_info":"Jo\u00e3o Costa","comment_count":"0","_links":{"self":[{"href":"https:\/\/novosaopaulo.com.br\/n1\/wp-json\/wp\/v2\/posts\/26404"}],"collection":[{"href":"https:\/\/novosaopaulo.com.br\/n1\/wp-json\/wp\/v2\/posts"}],"about":[{"href":"https:\/\/novosaopaulo.com.br\/n1\/wp-json\/wp\/v2\/types\/post"}],"author":[{"embeddable":true,"href":"https:\/\/novosaopaulo.com.br\/n1\/wp-json\/wp\/v2\/users\/1"}],"replies":[{"embeddable":true,"href":"https:\/\/novosaopaulo.com.br\/n1\/wp-json\/wp\/v2\/comments?post=26404"}],"version-history":[{"count":1,"href":"https:\/\/novosaopaulo.com.br\/n1\/wp-json\/wp\/v2\/posts\/26404\/revisions"}],"predecessor-version":[{"id":26407,"href":"https:\/\/novosaopaulo.com.br\/n1\/wp-json\/wp\/v2\/posts\/26404\/revisions\/26407"}],"wp:featuredmedia":[{"embeddable":true,"href":"https:\/\/novosaopaulo.com.br\/n1\/wp-json\/wp\/v2\/media\/26405"}],"wp:attachment":[{"href":"https:\/\/novosaopaulo.com.br\/n1\/wp-json\/wp\/v2\/media?parent=26404"}],"wp:term":[{"taxonomy":"category","embeddable":true,"href":"https:\/\/novosaopaulo.com.br\/n1\/wp-json\/wp\/v2\/categories?post=26404"},{"taxonomy":"post_tag","embeddable":true,"href":"https:\/\/novosaopaulo.com.br\/n1\/wp-json\/wp\/v2\/tags?post=26404"}],"curies":[{"name":"wp","href":"https:\/\/api.w.org\/{rel}","templated":true}]}}