{"id":26319,"date":"2025-10-09T16:59:03","date_gmt":"2025-10-09T19:59:03","guid":{"rendered":"https:\/\/novosaopaulo.com.br\/n1\/?p=26319"},"modified":"2025-10-09T16:59:04","modified_gmt":"2025-10-09T19:59:04","slug":"unicef-lanca-novo-mascote-no-brasil-criado-pela-africa-creative","status":"publish","type":"post","link":"https:\/\/novosaopaulo.com.br\/n1\/unicef-lanca-novo-mascote-no-brasil-criado-pela-africa-creative\/","title":{"rendered":"UNICEF lan\u00e7a novo mascote no Brasil, criado pela Africa Creative"},"content":{"rendered":"\n<p><em>Batizado de \u2018Unicefito\u2019, personagem simboliza a presen\u00e7a invis\u00edvel e essencial da organiza\u00e7\u00e3o, que celebra 75 anos no Pa\u00eds, trabalhando pelos direitos de crian\u00e7as e adolescentes<\/em><\/p>\n\n\n\n<p>Bras\u00edlia, 01 de outubro de 2025 \u2013 Dando in\u00edcio ao m\u00eas da crian\u00e7a, o UNICEF lan\u00e7a um novo personagem ao p\u00fablico: o Unicefito. Criado pela Africa Creative, uma das ag\u00eancias de publicidade mais criativas e inovadoras do mundo, o novo mascote \u00e9 o protagonista da campanha \u201cAmigo Invis\u00edvel\u201d \u2013 desenvolvida para mostrar o trabalho silencioso, por\u00e9m fundamental, que o UNICEF realiza no Brasil, impactando a vida de mais de milh\u00f5es de meninas e meninos.<\/p>\n\n\n\n<p>Seguindo a cor azul cyan, marca registrada do UNICEF, o personagem surge como um amigo invis\u00edvel, que acompanha uma menina em momentos importantes do seu dia a dia \u2013 da sala de aula ao posto de sa\u00fade, do di\u00e1logo com o conselho tutelar \u00e0 conviv\u00eancia com outras crian\u00e7as. O enredo busca mostrar que o Unicefito \u00e9 a materializa\u00e7\u00e3o simb\u00f3lica da presen\u00e7a do UNICEF no Brasil. Por meio de seus funcion\u00e1rios e parceiros, a organiza\u00e7\u00e3o trabalha diariamente junto a agentes p\u00fablicos de 2.266 munic\u00edpios e 9 capitais, onde vivem mais 24 milh\u00f5es de crian\u00e7as e adolescentes, para que cada menina e menino tenha seus direitos assegurados.<\/p>\n\n\n\n<p>A campanha refor\u00e7a o conceito \u201cOnde quase ningu\u00e9m v\u00ea, o UNICEF est\u00e1 h\u00e1 75 anos\u201d, destacando a atua\u00e7\u00e3o da organiza\u00e7\u00e3o em territ\u00f3rios vulner\u00e1veis e o impacto real de suas a\u00e7\u00f5es em comunidades quase invis\u00edveis.<\/p>\n\n\n\n<p>\u201cO UNICEF est\u00e1 no Brasil desde 1950, trabalhando nos bastidores, l\u00e1 na ponta, junto com os agentes p\u00fablicos, para garantir que cada crian\u00e7a e adolescente possa ir para a escola e aprender, crescer de forma saud\u00e1vel, ser protegido contra as viol\u00eancias, viver em um planeta sustent\u00e1vel, com \u00e1gua, saneamento e higiene, e ter acesso a boas pol\u00edticas p\u00fablicas\u201d, explica Joaquin Gonzalez-Aleman, Representante do UNICEF no Brasil.<\/p>\n\n\n\n<p>\u201cO Unicefito \u00e9 uma forma sens\u00edvel e criativa de mostrar que o UNICEF est\u00e1 presente de maneira cont\u00ednua e transformadora na vida das crian\u00e7as. Mesmo que muitas vezes n\u00e3o seja visto, seu impacto \u00e9 real e constante\u201d, afirma Sergio Gordilho, CCO da Africa Creative.<\/p>\n\n\n\n<p>O mascote j\u00e1 havia aparecido em julho de 2025, como um teaser em Bras\u00edlia, agu\u00e7ando a curiosidade do p\u00fablico, durante a celebra\u00e7\u00e3o dos 75 anos da organiza\u00e7\u00e3o no Pal\u00e1cio do Itamaraty.<\/p>\n\n\n\n<p>UNICEF, 75 anos de hist\u00f3ria no Brasil<br>Quando o UNICEF iniciou suas atividades no Pa\u00eds, em 1950, a inf\u00e2ncia brasileira era marcada por altos \u00edndices de mortalidade infantil e baixa cobertura vacinal, o acesso \u00e0 escola ainda n\u00e3o era para todos e havia muitos desafios.<\/p>\n\n\n\n<p>O UNICEF contribui para mudar essa realidade, trabalhando ativamente para a melhoria das pol\u00edticas p\u00fablicas de educa\u00e7\u00e3o, sa\u00fade e assist\u00eancia social. Prova disso \u00e9 que, em 1950, a cada 100 crian\u00e7as que nasciam no Brasil, 16 morriam antes de completar um ano de vida. Hoje, \u00e9 apenas uma. Em 1950, a taxa de alfabetiza\u00e7\u00e3o da popula\u00e7\u00e3o adulta era de apenas 49,5%. Em 2022, esse \u00edndice chegou a 93%. S\u00e3o todos resultados de mudan\u00e7as estruturais no Pa\u00eds, em cada Estado e cidade, que vem acontecendo com o apoio do UNICEF e de outras organiza\u00e7\u00f5es.<\/p>\n\n\n\n<p>Os desafios, no entanto, n\u00e3o est\u00e3o terminados. As inf\u00e2ncias e adolesc\u00eancias mudaram, o mundo mudou, h\u00e1 novas oportunidades, direitos que ainda n\u00e3o foram consolidados e novos desafios que emergiram e demandam aten\u00e7\u00e3o urgente.<\/p>\n\n\n\n<p>Por isso, o UNICEF segue firme em seu prop\u00f3sito de trabalhar, diariamente, pelos direitos de cada menina e menino no Brasil, em especial aqueles em situa\u00e7\u00e3o de maior vulnerabilidade. E agora conta com o Unicefito para tamb\u00e9m ajudar nessa grande miss\u00e3o.<\/p>\n\n\n\n<p>Ficha t\u00e9cnica:<\/p>\n\n\n\n<p>AG\u00caNCIA: AFRICA CREATIVE<br>CLIENTE: UNICEF<br>PRODUTO: Institucional<br>CAMPANHA: 75 anos de Unicef no Brasil<br>T\u00cdTULO: Amigo Invis\u00edvel<br>PE\u00c7A: Filme<br>CCO: Sergio Gordilho<br>CO-CCO: Angerson Vieria<br>Cria\u00e7\u00e3o: Caio Ver\u00e7osa, Mateus Souza, Cristine Costa<br>CEO: M\u00e1rcio Santoro<br>Diretor de Rela\u00e7\u00f5es Institucionais: Raphael Vandystadt<br>Diretora de Atendimento: Fl\u00e1via Mesquita<br>Atendimento: Yuri Paternostro e Isabelle Lodetti<br>Planejamento: Lucas Zem, Juliana Castro<br>Diretora de Conte\u00fado: Cristiana Uehara<br>M\u00eddia: Haroldo Paro, Ademir Camargo<br>Head de Produ\u00e7\u00e3o Rodrigo Ferrari<br>Produ\u00e7\u00e3o RTV: Rodrigo Ferrari, Ana Mello, Jair Perez<br>Diretor do Filme: Ferrari e Passaro<br>Diretor Anima\u00e7\u00e3o: Paulo Eduardo Cezareto Passaro<br>Diretor Tecnico: Gustavo Minicucci<br>Coordenador de Pos: Fernando Vellosa<br>Ass de Coord P\u00f3s: Hugo Ferriolli<br>Assistente de Dire\u00e7\u00e3o: Ana Fuschini<br>Atendimento: Isabela Hana e Betania Menardi<br>Finalizador 1: Douglas Terciano<br>Finalizador 2: Pablo Polo<br>Montagem: Akira<br>Assistente Montagem: Jos\u00e9 Bozicanin<br>Colorista: Psycho<br>Lead Compositor: Edu Nascimento<br>Compositores: Eduardo Rios Andrade, Rogerio Merlino<br>Conform: Guilherme Villa<br>Motion: Caio Vinicius, Raphael Enes<br>Head IA: Andr\u00e9 Ferezini<br>IA: Leandro Lemos, Duda Ara\u00fajo, Mauro Almeida, Paulo Cipriano<br>Desenho Shooting: Luiz Gonzaga<br>Produtora de \u00c1udio: Antfood Music &amp; Sound Design<br>Dire\u00e7\u00e3o Criativa: Lou Schmidt, Fernando Rojo e Tiago Mago<br>Produ\u00e7\u00e3o Executiva: Renato Castro e Christiane Rachel<br>Produ\u00e7\u00e3o Musical: Lou Schmidt, Fernando Rojo, Tiago Mago, Luis Bergmann, Vinicius Nunes e Lucas Baldin<br>Coordena\u00e7\u00e3o de produ\u00e7\u00e3o: Monique Munhoz e Pablo Mello<br>Finaliza\u00e7\u00e3o: Bruno Broaska, Fabian Jorge e Pedro Macedo<br>Aprova\u00e7\u00e3o do cliente: Camilo Leon, Ericka Galindo, Marina Massote De Moura E Sousa<\/p>\n\n\n\n<p>SOBRE O UNICEF<br>O UNICEF, Fundo das Na\u00e7\u00f5es Unidas para a Inf\u00e2ncia, trabalha para proteger os direitos de cada crian\u00e7a e adolescente, em todos os lugares, especialmente os mais vulner\u00e1veis, nos locais mais remotos. Em mais de 190 pa\u00edses e territ\u00f3rios, fazemos o que for preciso para ajudar crian\u00e7as e adolescentes a sobreviver, prosperar e alcan\u00e7ar seu pleno potencial. Em 2025, o UNICEF comemora 75 anos no Brasil.<br>O trabalho do UNICEF \u00e9 financiado inteiramente por contribui\u00e7\u00f5es volunt\u00e1rias.<\/p>\n\n\n\n<p>Acompanhe nossas a\u00e7\u00f5es no Facebook, Twitter, Instagram, YouTube e LinkedIn.<br>Voc\u00ea tamb\u00e9m pode ajudar o UNICEF em suas a\u00e7\u00f5es. Fa\u00e7a uma doa\u00e7\u00e3o agora.<\/p>\n\n\n\n<p>Informa\u00e7\u00f5es para a Imprensa \u2013 UNICEF:<br>Trama<br>Paula Bueno \u2013 pbueno@tramaweb.com.br \u2013 11 96407-7538<br>Jo\u00e3o Vitor Zotini \u2013 jzotini@tramaweb.com.br \u2013 11 99813-0151<\/p>\n\n\n\n<p>SOBRE AFRICA CREATIVE:<br>Com mais de 20 anos de hist\u00f3ria, a \u00c1frica Creative \u00e9 uma das ag\u00eancias de publicidade mais criativas e inovadoras do mundo, respons\u00e1vel pela comunica\u00e7\u00e3o de grandes marcas nacionais e internacionais. Reconhecida por transformar ideias em resultados memor\u00e1veis, acumula diversos pr\u00eamios em festivais renomados, sendo a \u00fanica ag\u00eancia brasileira no Top 10 mundial de Cannes por tr\u00eas anos consecutivos e no Top 20 do Warc Creative 100 de 2024. Tendo a criatividade como DNA e sendo disruptiva por natureza, lidera h\u00e1 duas d\u00e9cadas todas as 10 edi\u00e7\u00f5es do ranking bianual do Agency Scopen, que avalia ag\u00eancias no mundo inteiro.<\/p>\n","protected":false},"excerpt":{"rendered":"<p>Batizado de \u2018Unicefito\u2019, personagem simboliza a presen\u00e7a invis\u00edvel e essencial da organiza\u00e7\u00e3o, que celebra 75&#8230;<\/p>\n","protected":false},"author":1,"featured_media":26320,"comment_status":"open","ping_status":"open","sticky":false,"template":"","format":"standard","meta":{"footnotes":""},"categories":[2],"tags":[],"featured_image_urls":{"full":["https:\/\/novosaopaulo.com.br\/n1\/wp-content\/uploads\/2025\/10\/mascote.jpg",624,349,false],"thumbnail":["https:\/\/novosaopaulo.com.br\/n1\/wp-content\/uploads\/2025\/10\/mascote-150x150.jpg",150,150,true],"medium":["https:\/\/novosaopaulo.com.br\/n1\/wp-content\/uploads\/2025\/10\/mascote-300x168.jpg",300,168,true],"medium_large":["https:\/\/novosaopaulo.com.br\/n1\/wp-content\/uploads\/2025\/10\/mascote.jpg",624,349,false],"large":["https:\/\/novosaopaulo.com.br\/n1\/wp-content\/uploads\/2025\/10\/mascote.jpg",624,349,false],"1536x1536":["https:\/\/novosaopaulo.com.br\/n1\/wp-content\/uploads\/2025\/10\/mascote.jpg",624,349,false],"2048x2048":["https:\/\/novosaopaulo.com.br\/n1\/wp-content\/uploads\/2025\/10\/mascote.jpg",624,349,false],"newsever-slider-full":["https:\/\/novosaopaulo.com.br\/n1\/wp-content\/uploads\/2025\/10\/mascote.jpg",624,349,false],"newsever-featured":["https:\/\/novosaopaulo.com.br\/n1\/wp-content\/uploads\/2025\/10\/mascote.jpg",624,349,false],"newsever-medium":["https:\/\/novosaopaulo.com.br\/n1\/wp-content\/uploads\/2025\/10\/mascote.jpg",624,349,false]},"author_info":{"display_name":"Reda\u00e7\u00e3o","author_link":"https:\/\/novosaopaulo.com.br\/n1\/author\/g5poa\/"},"category_info":"<a href=\"https:\/\/novosaopaulo.com.br\/n1\/category\/cidades\/\" rel=\"category tag\">Cidades<\/a>","tag_info":"Cidades","comment_count":"0","_links":{"self":[{"href":"https:\/\/novosaopaulo.com.br\/n1\/wp-json\/wp\/v2\/posts\/26319"}],"collection":[{"href":"https:\/\/novosaopaulo.com.br\/n1\/wp-json\/wp\/v2\/posts"}],"about":[{"href":"https:\/\/novosaopaulo.com.br\/n1\/wp-json\/wp\/v2\/types\/post"}],"author":[{"embeddable":true,"href":"https:\/\/novosaopaulo.com.br\/n1\/wp-json\/wp\/v2\/users\/1"}],"replies":[{"embeddable":true,"href":"https:\/\/novosaopaulo.com.br\/n1\/wp-json\/wp\/v2\/comments?post=26319"}],"version-history":[{"count":1,"href":"https:\/\/novosaopaulo.com.br\/n1\/wp-json\/wp\/v2\/posts\/26319\/revisions"}],"predecessor-version":[{"id":26321,"href":"https:\/\/novosaopaulo.com.br\/n1\/wp-json\/wp\/v2\/posts\/26319\/revisions\/26321"}],"wp:featuredmedia":[{"embeddable":true,"href":"https:\/\/novosaopaulo.com.br\/n1\/wp-json\/wp\/v2\/media\/26320"}],"wp:attachment":[{"href":"https:\/\/novosaopaulo.com.br\/n1\/wp-json\/wp\/v2\/media?parent=26319"}],"wp:term":[{"taxonomy":"category","embeddable":true,"href":"https:\/\/novosaopaulo.com.br\/n1\/wp-json\/wp\/v2\/categories?post=26319"},{"taxonomy":"post_tag","embeddable":true,"href":"https:\/\/novosaopaulo.com.br\/n1\/wp-json\/wp\/v2\/tags?post=26319"}],"curies":[{"name":"wp","href":"https:\/\/api.w.org\/{rel}","templated":true}]}}