{"id":26301,"date":"2025-10-09T16:50:17","date_gmt":"2025-10-09T19:50:17","guid":{"rendered":"https:\/\/novosaopaulo.com.br\/n1\/?p=26301"},"modified":"2025-10-09T20:17:28","modified_gmt":"2025-10-09T23:17:28","slug":"16a-contemporaneo-na-caixa-cultural-sao-paulo-destaca-a-arte-textil-como-expessao-do-feminino","status":"publish","type":"post","link":"https:\/\/novosaopaulo.com.br\/n1\/16a-contemporaneo-na-caixa-cultural-sao-paulo-destaca-a-arte-textil-como-expessao-do-feminino\/","title":{"rendered":"16\u00aa Contempor\u00e2neo na caixa cultural S\u00e3o Paulo destaca a arte t\u00eaxtil como expess\u00e3o do feminino"},"content":{"rendered":"\n<p>A 16\u00aa edi\u00e7\u00e3o da exposi\u00e7\u00e3o CONTEMPOR\u00c2NEO ser\u00e1 inaugurada no dia 14 de outubro na Caixa Cultural S\u00e3o Paulo trazendo uma proposta ousada e necess\u00e1ria: apresentar obras que t\u00eam o feminino como eixo central, abordando quest\u00f5es urgentes como feminic\u00eddio, explora\u00e7\u00e3o da for\u00e7a de trabalho das mulheres nas din\u00e2micas globais e reflex\u00f5es que atravessam corpo, cotidiano e identidade feminina. A exposi\u00e7\u00e3o, que fica em cartaz at\u00e9 dia 18 de janeiro de 2026, vai reunir 25 obras que promovem di\u00e1logos sobre arte, cultura e pluralidade, assinadas por nomes consagrados da cena contempor\u00e2nea internacional.<br>Com curadoria de Zeca Medeiros e Otavio Avancini, a mostra valoriza a diversidade ao reunir artistas de diferentes etnias, g\u00eaneros e nacionalidades. Al\u00e9m dos artistas brasileiros como Monica Barki, Cristina Pape, Pedro Paulo Domingues, Otavio Avancini, Eva Soban e Luiz Monken, participam tamb\u00e9m criadores vindos da \u00cdndia, Qu\u00eania, Canad\u00e1, Hungria, Inglaterra, Estados Unidos, Costa Rica e Uruguai.<br>Um dos momentos mais aguardados ser\u00e1 a participa\u00e7\u00e3o da artista argentina Rosana Machado Rodr\u00edguez, que apresentar\u00e1 a instala\u00e7\u00e3o MADE IN na abertura da exposi\u00e7\u00e3o, dia 14 de outubro.<br>A obra faz refer\u00eancia aos pa\u00edses do chamado \u201cTerceiro Mundo\u201d que concentram fornecedores de multinacionais, com destaque para Bangladesh, onde mulheres representam mais de 80% da m\u00e3o de obra t\u00eaxtil. A instala\u00e7\u00e3o denuncia a precariza\u00e7\u00e3o dos corpos femininos como engrenagens de lucro e provoca o p\u00fablico a refletir sobre seu papel na cadeia produtiva e sobre formas mais \u00e9ticas de se relacionar com o vestu\u00e1rio e com o mundo.<br>No dia 14, em sua abertura, o evento ser\u00e1 complementado com as performances dos artistas Monica Barki, Naomi Wanjiku e Otavio Avancini, e com uma palestra e uma visita guiada conduzidas por Eva Soban, al\u00e9m de uma oficina ministrada pela artista Claudia Dias. (Mais detalhes no Servi\u00e7o).<br>Mais do que uma exposi\u00e7\u00e3o, a CONTEMPOR\u00c2NEO convida o p\u00fablico a uma experi\u00eancia sensorial e cr\u00edtica, em que o t\u00eaxtil se afirma como linguagem, corpo e territ\u00f3rio. Uma celebra\u00e7\u00e3o da arte como espa\u00e7o de reflex\u00e3o, transforma\u00e7\u00e3o e conex\u00e3o.<br>Servi\u00e7o:\u202f\u202f<br>CONTEMPOR\u00c2NEO &#8211; Exposi\u00e7\u00e3o Internacional de Arte T\u00eaxtil Contempor\u00e2nea<br>Local: Caixa Cultural S\u00e3o Paulo &#8211; Pra\u00e7a da S\u00e9, 111 \u2013 Centro \u2013 S\u00e3o Paulo (pr\u00f3xima \u00e0 esta\u00e7\u00e3o S\u00e9 do Metr\u00f4).<br>Datas: de 14 de outubro de 2025 a 18 de janeiro de 2026<br>Hor\u00e1rio: 8h \u00e0s 19h (ter\u00e7a a domingo)<br>Entrada gratuita<br>Classifica\u00e7\u00e3o indicativa: Livre para todos os p\u00fablicos<br>Acesso a pessoas com defici\u00eancia\u202f<br>Informa\u00e7\u00f5es: https:\/\/contemporaneotextil.com.br\/<br>Caixa Cultural: (11) 3321-4400 | https:\/\/www.caixacultural.gov.br<br>Patroc\u00ednio: CAIXA e Governo Federal<\/p>\n\n\n\n<p>Servi\u00e7o complementar:<\/p>\n\n\n\n<p>Oficina: Jeans, do descarte \u00e0 express\u00e3o, com a artista Cl\u00e1udia Dias\u202f\u202f<br>Data e hor\u00e1rio: dia 14 de outubro, das 8h \u00e0s 11h<br>P\u00fablico-alvo: Estudantes de moda e de arte<br>Dura\u00e7\u00e3o: 3 horas<br>Local: Sala das oficinas da Caixa Cultural, 4\u00ba andar<br>Vagas: 15<br>Inscri\u00e7\u00f5es e informa\u00e7\u00f5es:WhatsApp (21) 99870-0293 \/www.contemporaneotextil.com.br<br>Gratuito<br>Informa\u00e7\u00f5es: (11) 3321-4400 | https:\/\/www.caixacultural.gov.br<\/p>\n\n\n\n<p>Palestra sobre \u2018Hist\u00f3ria da arte t\u00eaxtil ao contempor\u00e2neo\u2019, com a artista Eva Soban<br>Data e hor\u00e1rio: dia 14 de outubro, das 10h \u00e0s 11h<br>P\u00fablico-alvo: Estudantes de arte<br>Dura\u00e7\u00e3o: 1 hora<br>Local: Audit\u00f3rio da Caixa Cultural, 6\u00ba andar.<br>Vagas: 50<br>Inscri\u00e7\u00f5es e informa\u00e7\u00f5es:WhatsApp (21) 99870-0293 \/www.contemporaneotextil.com.br<br>Gratuito<br>Informa\u00e7\u00f5es: (11) 3321-4400 | https:\/\/www.caixacultural.gov.br<\/p>\n\n\n\n<p>Performance da artista Monica Barki<br>Data e hor\u00e1rio: 14 de outubro, das 11h \u00e0s 11h20<br>P\u00fablico-alvo: P\u00fablico em geral<br>Dura\u00e7\u00e3o: 20 minutos<br>Local: Grande Sal\u00e3o, t\u00e9rreo, sagu\u00e3o de entrada<br>Gratuito<br>Informa\u00e7\u00f5es: (11) 3321-4400 | https:\/\/www.caixacultural.gov.br<\/p>\n\n\n\n<p>(Os participantes da palestra e oficina ser\u00e3o convidados a come\u00e7ar a visita guiada, por essa performance).<\/p>\n\n\n\n<p>Coquetel de abertura da exposi\u00e7\u00e3o CONTEMPOR\u00c2NEO<br>Data e hor\u00e1rio: dia 14 de outubro, das 11h20 \u00e0s 13h<br>P\u00fablico-alvo: P\u00fablico em geral<br>Dura\u00e7\u00e3o: 1 hora<br>Local: Corredor de acesso \u00e0 Galeria, 1\u00ba andar<br>Gratuito<br>Informa\u00e7\u00f5es: (11) 3321-4400 | https:\/\/www.caixacultural.gov.br<\/p>\n\n\n\n<p>Visita guiada com a artista Eva Soban e Renato Dib pela exposi\u00e7\u00e3o CONTEMPOR\u00c2NEO<br>Data e hor\u00e1rio: dia 14 de outubro, das 11h20 \u00e0s 11h40<br>P\u00fablico-alvo: P\u00fablico em geral<br>Dura\u00e7\u00e3o: 20 minutos<br>Local: Galeria do 1\u00ba andar<br>Vagas: 20<br>Gratuito<br>Informa\u00e7\u00f5es: (11) 3321-4400 | https:\/\/www.caixacultural.gov.br<\/p>\n\n\n\n<p>Performance da artista Naomi Wanjiku, com a modelo Aline Assis<br>Data e hor\u00e1rio: 14 de outubro, das 11h40 \u00e0s 11h55<br>P\u00fablico-alvo: P\u00fablico em geral<br>Dura\u00e7\u00e3o: 15 minutos<br>Local: Entrada da galeria, 1\u00ba andar<br>Gratuito<br>Informa\u00e7\u00f5es: (11) 3321-4400 | https:\/\/www.caixacultural.gov.br<\/p>\n\n\n\n<p>Performance do artista Otavio Avancini<br>Data e hor\u00e1rio: 14 de outubro, das 12h05 \u00e0s 12h20<br>P\u00fablico-alvo: P\u00fablico em geral<br>Dura\u00e7\u00e3o: 15 minutos<br>Local: Grande Sal\u00e3o, t\u00e9rreo<br>Gratuito<br>Informa\u00e7\u00f5es: (11) 3321-4400 | https:\/\/www.caixacultural.gov.br<\/p>\n","protected":false},"excerpt":{"rendered":"<p>A 16\u00aa edi\u00e7\u00e3o da exposi\u00e7\u00e3o CONTEMPOR\u00c2NEO ser\u00e1 inaugurada no dia 14 de outubro na Caixa&#8230;<\/p>\n","protected":false},"author":1,"featured_media":26302,"comment_status":"open","ping_status":"open","sticky":false,"template":"","format":"standard","meta":{"footnotes":""},"categories":[2],"tags":[],"featured_image_urls":{"full":["https:\/\/novosaopaulo.com.br\/n1\/wp-content\/uploads\/2025\/10\/WhatsApp-Image-2025-09-30-at-17.22.46-1.jpeg",520,324,false],"thumbnail":["https:\/\/novosaopaulo.com.br\/n1\/wp-content\/uploads\/2025\/10\/WhatsApp-Image-2025-09-30-at-17.22.46-1-150x150.jpeg",150,150,true],"medium":["https:\/\/novosaopaulo.com.br\/n1\/wp-content\/uploads\/2025\/10\/WhatsApp-Image-2025-09-30-at-17.22.46-1-300x187.jpeg",300,187,true],"medium_large":["https:\/\/novosaopaulo.com.br\/n1\/wp-content\/uploads\/2025\/10\/WhatsApp-Image-2025-09-30-at-17.22.46-1.jpeg",520,324,false],"large":["https:\/\/novosaopaulo.com.br\/n1\/wp-content\/uploads\/2025\/10\/WhatsApp-Image-2025-09-30-at-17.22.46-1.jpeg",520,324,false],"1536x1536":["https:\/\/novosaopaulo.com.br\/n1\/wp-content\/uploads\/2025\/10\/WhatsApp-Image-2025-09-30-at-17.22.46-1.jpeg",520,324,false],"2048x2048":["https:\/\/novosaopaulo.com.br\/n1\/wp-content\/uploads\/2025\/10\/WhatsApp-Image-2025-09-30-at-17.22.46-1.jpeg",520,324,false],"newsever-slider-full":["https:\/\/novosaopaulo.com.br\/n1\/wp-content\/uploads\/2025\/10\/WhatsApp-Image-2025-09-30-at-17.22.46-1.jpeg",520,324,false],"newsever-featured":["https:\/\/novosaopaulo.com.br\/n1\/wp-content\/uploads\/2025\/10\/WhatsApp-Image-2025-09-30-at-17.22.46-1.jpeg",520,324,false],"newsever-medium":["https:\/\/novosaopaulo.com.br\/n1\/wp-content\/uploads\/2025\/10\/WhatsApp-Image-2025-09-30-at-17.22.46-1.jpeg",520,324,false]},"author_info":{"display_name":"Reda\u00e7\u00e3o","author_link":"https:\/\/novosaopaulo.com.br\/n1\/author\/g5poa\/"},"category_info":"<a href=\"https:\/\/novosaopaulo.com.br\/n1\/category\/cidades\/\" rel=\"category tag\">Cidades<\/a>","tag_info":"Cidades","comment_count":"0","_links":{"self":[{"href":"https:\/\/novosaopaulo.com.br\/n1\/wp-json\/wp\/v2\/posts\/26301"}],"collection":[{"href":"https:\/\/novosaopaulo.com.br\/n1\/wp-json\/wp\/v2\/posts"}],"about":[{"href":"https:\/\/novosaopaulo.com.br\/n1\/wp-json\/wp\/v2\/types\/post"}],"author":[{"embeddable":true,"href":"https:\/\/novosaopaulo.com.br\/n1\/wp-json\/wp\/v2\/users\/1"}],"replies":[{"embeddable":true,"href":"https:\/\/novosaopaulo.com.br\/n1\/wp-json\/wp\/v2\/comments?post=26301"}],"version-history":[{"count":1,"href":"https:\/\/novosaopaulo.com.br\/n1\/wp-json\/wp\/v2\/posts\/26301\/revisions"}],"predecessor-version":[{"id":26303,"href":"https:\/\/novosaopaulo.com.br\/n1\/wp-json\/wp\/v2\/posts\/26301\/revisions\/26303"}],"wp:featuredmedia":[{"embeddable":true,"href":"https:\/\/novosaopaulo.com.br\/n1\/wp-json\/wp\/v2\/media\/26302"}],"wp:attachment":[{"href":"https:\/\/novosaopaulo.com.br\/n1\/wp-json\/wp\/v2\/media?parent=26301"}],"wp:term":[{"taxonomy":"category","embeddable":true,"href":"https:\/\/novosaopaulo.com.br\/n1\/wp-json\/wp\/v2\/categories?post=26301"},{"taxonomy":"post_tag","embeddable":true,"href":"https:\/\/novosaopaulo.com.br\/n1\/wp-json\/wp\/v2\/tags?post=26301"}],"curies":[{"name":"wp","href":"https:\/\/api.w.org\/{rel}","templated":true}]}}