{"id":26282,"date":"2025-10-08T17:50:04","date_gmt":"2025-10-08T20:50:04","guid":{"rendered":"https:\/\/novosaopaulo.com.br\/n1\/?p=26282"},"modified":"2025-10-08T17:50:05","modified_gmt":"2025-10-08T20:50:05","slug":"cancao-nova-e-padre-fabio-de-melo-se-unem-para-noite-beneficente-em-sao-paulo","status":"publish","type":"post","link":"https:\/\/novosaopaulo.com.br\/n1\/cancao-nova-e-padre-fabio-de-melo-se-unem-para-noite-beneficente-em-sao-paulo\/","title":{"rendered":"Can\u00e7\u00e3o Nova e padre F\u00e1bio de Melo se unem para noite beneficente em S\u00e3o Paulo"},"content":{"rendered":"\n<p>Padre F\u00e1bio de Melo se apresentar\u00e1 ao lado de convidados em um show beneficente no Teatro Gamaro, na Mooca, em S\u00e3o Paulo (SP), no dia 11 de novembro de 2025, \u00e0s 19h. O evento ser\u00e1 em prol da constru\u00e7\u00e3o do Centro de Evangeliza\u00e7\u00e3o Monsenhor Jonas Abib, da Comunidade Can\u00e7\u00e3o Nova, localizado no bairro Santana, zona norte da capital. O projeto do novo espa\u00e7o de evangeliza\u00e7\u00e3o contempla um audit\u00f3rio para cerca de 800 pessoas, capela, loja de produtos cat\u00f3licos, estacionamento, lanchonete, entre outras \u00e1reas.<br>Os ingressos para essa noite de muita m\u00fasica e espiritualidade podem ser adquiridos atrav\u00e9s da plataforma Sympla \u2013 clique aqui ou nos endere\u00e7os da Frente de Miss\u00e3o Can\u00e7\u00e3o Nova em S\u00e3o Paulo: Rua Tamandar\u00e9 335, na Liberdade e Rua Domingos de Moraes, 348, loja 10 \u2013 T\u00e9rreo (pr\u00f3ximo ao metr\u00f4 Ana Rosa).<br>Fundada por Padre Jonas Abib (in memoriam), a Comunidade Can\u00e7\u00e3o Nova est\u00e1 presente na capital paulista h\u00e1 28 anos, levando a palavra de Deus por meio da televis\u00e3o, do r\u00e1dio e de eventos que re\u00fanem milhares de fi\u00e9is. Natural de Elias Fausto (SP), Padre Jonas viveu grande parte de sua juventude em S\u00e3o Paulo, onde descobriu a sua voca\u00e7\u00e3o sacerdotal.<br>Para mais informa\u00e7\u00f5es sobre o show, o telefone \u00e9: (11) 33829800 (whatsapp).<\/p>\n","protected":false},"excerpt":{"rendered":"<p>Padre F\u00e1bio de Melo se apresentar\u00e1 ao lado de convidados em um show beneficente no&#8230;<\/p>\n","protected":false},"author":1,"featured_media":26283,"comment_status":"open","ping_status":"open","sticky":false,"template":"","format":"standard","meta":{"footnotes":""},"categories":[2],"tags":[],"featured_image_urls":{"full":["https:\/\/novosaopaulo.com.br\/n1\/wp-content\/uploads\/2025\/10\/WhatsApp-Image-2025-10-08-at-17.37.15.jpeg",900,1600,false],"thumbnail":["https:\/\/novosaopaulo.com.br\/n1\/wp-content\/uploads\/2025\/10\/WhatsApp-Image-2025-10-08-at-17.37.15-150x150.jpeg",150,150,true],"medium":["https:\/\/novosaopaulo.com.br\/n1\/wp-content\/uploads\/2025\/10\/WhatsApp-Image-2025-10-08-at-17.37.15-169x300.jpeg",169,300,true],"medium_large":["https:\/\/novosaopaulo.com.br\/n1\/wp-content\/uploads\/2025\/10\/WhatsApp-Image-2025-10-08-at-17.37.15-768x1365.jpeg",640,1138,true],"large":["https:\/\/novosaopaulo.com.br\/n1\/wp-content\/uploads\/2025\/10\/WhatsApp-Image-2025-10-08-at-17.37.15-576x1024.jpeg",576,1024,true],"1536x1536":["https:\/\/novosaopaulo.com.br\/n1\/wp-content\/uploads\/2025\/10\/WhatsApp-Image-2025-10-08-at-17.37.15-864x1536.jpeg",864,1536,true],"2048x2048":["https:\/\/novosaopaulo.com.br\/n1\/wp-content\/uploads\/2025\/10\/WhatsApp-Image-2025-10-08-at-17.37.15.jpeg",900,1600,false],"newsever-slider-full":["https:\/\/novosaopaulo.com.br\/n1\/wp-content\/uploads\/2025\/10\/WhatsApp-Image-2025-10-08-at-17.37.15-900x845.jpeg",900,845,true],"newsever-featured":["https:\/\/novosaopaulo.com.br\/n1\/wp-content\/uploads\/2025\/10\/WhatsApp-Image-2025-10-08-at-17.37.15.jpeg",900,1600,false],"newsever-medium":["https:\/\/novosaopaulo.com.br\/n1\/wp-content\/uploads\/2025\/10\/WhatsApp-Image-2025-10-08-at-17.37.15-720x475.jpeg",720,475,true]},"author_info":{"display_name":"Reda\u00e7\u00e3o","author_link":"https:\/\/novosaopaulo.com.br\/n1\/author\/g5poa\/"},"category_info":"<a href=\"https:\/\/novosaopaulo.com.br\/n1\/category\/cidades\/\" rel=\"category tag\">Cidades<\/a>","tag_info":"Cidades","comment_count":"0","_links":{"self":[{"href":"https:\/\/novosaopaulo.com.br\/n1\/wp-json\/wp\/v2\/posts\/26282"}],"collection":[{"href":"https:\/\/novosaopaulo.com.br\/n1\/wp-json\/wp\/v2\/posts"}],"about":[{"href":"https:\/\/novosaopaulo.com.br\/n1\/wp-json\/wp\/v2\/types\/post"}],"author":[{"embeddable":true,"href":"https:\/\/novosaopaulo.com.br\/n1\/wp-json\/wp\/v2\/users\/1"}],"replies":[{"embeddable":true,"href":"https:\/\/novosaopaulo.com.br\/n1\/wp-json\/wp\/v2\/comments?post=26282"}],"version-history":[{"count":1,"href":"https:\/\/novosaopaulo.com.br\/n1\/wp-json\/wp\/v2\/posts\/26282\/revisions"}],"predecessor-version":[{"id":26284,"href":"https:\/\/novosaopaulo.com.br\/n1\/wp-json\/wp\/v2\/posts\/26282\/revisions\/26284"}],"wp:featuredmedia":[{"embeddable":true,"href":"https:\/\/novosaopaulo.com.br\/n1\/wp-json\/wp\/v2\/media\/26283"}],"wp:attachment":[{"href":"https:\/\/novosaopaulo.com.br\/n1\/wp-json\/wp\/v2\/media?parent=26282"}],"wp:term":[{"taxonomy":"category","embeddable":true,"href":"https:\/\/novosaopaulo.com.br\/n1\/wp-json\/wp\/v2\/categories?post=26282"},{"taxonomy":"post_tag","embeddable":true,"href":"https:\/\/novosaopaulo.com.br\/n1\/wp-json\/wp\/v2\/tags?post=26282"}],"curies":[{"name":"wp","href":"https:\/\/api.w.org\/{rel}","templated":true}]}}