{"id":26267,"date":"2025-10-08T09:22:53","date_gmt":"2025-10-08T12:22:53","guid":{"rendered":"https:\/\/novosaopaulo.com.br\/n1\/?p=26267"},"modified":"2025-10-08T09:22:54","modified_gmt":"2025-10-08T12:22:54","slug":"fundo-social-de-poa-e-empresa-spotline-promovem-bazar-solidario-de-luminarias","status":"publish","type":"post","link":"https:\/\/novosaopaulo.com.br\/n1\/fundo-social-de-poa-e-empresa-spotline-promovem-bazar-solidario-de-luminarias\/","title":{"rendered":"Fundo Social de Po\u00e1 e empresa Spotline promovem bazar solid\u00e1rio de lumin\u00e1rias"},"content":{"rendered":"\n<p>A\u00e7\u00e3o acontece no pr\u00f3ximo s\u00e1bado (11) e oferece produtos com pequenos defeitos e pre\u00e7os a partir de R$ 10 at\u00e9 R$ 100; todo o valor arrecadado ser\u00e1 revertido para as fam\u00edlias que mais precisam<\/p>\n\n\n\n<p>O Fundo Social de Po\u00e1 promove, no pr\u00f3ximo s\u00e1bado (11), um bazar solid\u00e1rio de lumin\u00e1rias, em parceria com a empresa Spotline. O evento ser\u00e1 realizado das 9h \u00e0s 14h, no estacionamento da f\u00e1brica, localizado na Rua Associa\u00e7\u00e3o Atl\u00e9tica Poaense, 625, Jardim Em\u00edlia \u2013 Po\u00e1. Aproximadamente 400 pe\u00e7as estar\u00e3o dispon\u00edveis, com valores a partir de R$ 10 at\u00e9 R$ 100.<\/p>\n\n\n\n<p>O bazar \u00e9 uma iniciativa que une solidariedade e sustentabilidade, ao disponibilizar lumin\u00e1rias modernas com pequenas avarias, al\u00e9m de pe\u00e7as novas que est\u00e3o fora da linha atual de vendas da empresa. Os produtos ser\u00e3o vendidos a pre\u00e7os reduzidos, permitindo que a popula\u00e7\u00e3o adquira itens de qualidade gastando pouco, ao mesmo tempo em que contribui com as a\u00e7\u00f5es sociais do Fundo Social.<\/p>\n\n\n\n<p>Segundo a Spotline, o bazar contar\u00e1 tamb\u00e9m com pe\u00e7as novas e retiradas do showroom da empresa, todas em perfeito funcionamento. O grande destaque ser\u00e1 a variedade e quantidade de itens, totalizando cerca de 400 lumin\u00e1rias dispon\u00edveis para venda. A empresa informou ainda que os produtos vendidos no bazar n\u00e3o ter\u00e3o troca.<\/p>\n\n\n\n<p>De acordo com a primeira-dama e presidente do Fundo Social, Fl\u00e1via Souza, a iniciativa reafirma o compromisso do munic\u00edpio com a inclus\u00e3o e a economia solid\u00e1ria. \u201cIlumine sua casa e ajude quem precisa. Essa \u00e9 uma oportunidade de adquirir produtos de qualidade por pre\u00e7os acess\u00edveis, contribuindo ao mesmo tempo com a\u00e7\u00f5es de solidariedade\u201d, afirmou.<\/p>\n\n\n\n<p>Ela destacou ainda que, al\u00e9m de arrecadar recursos para projetos sociais, o evento promove o consumo consciente e o reaproveitamento de produtos que, por pequenas imperfei\u00e7\u00f5es est\u00e9ticas, n\u00e3o seguem para o varejo tradicional. \u201cO mais importante \u00e9 que a nossa popula\u00e7\u00e3o leve para casa um produto de qualidade e tamb\u00e9m colabore com quem mais precisa. Toda a renda obtida ser\u00e1 integralmente destinada aos programas sociais do munic\u00edpio\u201d, refor\u00e7ou Fl\u00e1via.<\/p>\n\n\n\n<p>O prefeito Saulo Souza tamb\u00e9m ressaltou a import\u00e2ncia da parceria e do engajamento social da iniciativa. \u201cEssa a\u00e7\u00e3o mostra que, quando o poder p\u00fablico e a iniciativa privada caminham juntos, conseguimos transformar solidariedade em resultados concretos. \u00c9 uma oportunidade de fortalecer o Fundo Social e apoiar quem mais precisa. Pequenas atitudes como essa fazem grande diferen\u00e7a para Po\u00e1 e para a nossa popula\u00e7\u00e3o\u201d, afirmou.<\/p>\n\n\n\n<p>De acordo com o diretor da empresa, Gustavo Lima, na Spotline todos acreditam que iluminar \u00e9 muito mais do que acender uma l\u00e2mpada. \u201cParticipar dessa a\u00e7\u00e3o \u00e9 uma forma de fortalecer nosso v\u00ednculo com a cidade de Po\u00e1, levando luz, solidariedade e esperan\u00e7a a quem mais precisa\u201d, destacou.<\/p>\n\n\n\n<p>Servi\u00e7o<\/p>\n\n\n\n<p>Evento: Bazar Solid\u00e1rio de Lumin\u00e1rias<\/p>\n\n\n\n<p>Realiza\u00e7\u00e3o: Fundo Social de Po\u00e1 e Spotline<\/p>\n\n\n\n<p>Data: 11 de outubro (s\u00e1bado)<\/p>\n\n\n\n<p>Hor\u00e1rio: das 9h \u00e0s 14h<\/p>\n\n\n\n<p>Local: Rua Associa\u00e7\u00e3o Atl\u00e9tica Poaense, 625 \u2013 Jardim Em\u00edlia, Po\u00e1<\/p>\n\n\n\n<p>Foto: SECOM \/ Prefeitura de Po\u00e1.<\/p>\n","protected":false},"excerpt":{"rendered":"<p>A\u00e7\u00e3o acontece no pr\u00f3ximo s\u00e1bado (11) e oferece produtos com pequenos defeitos e pre\u00e7os a&#8230;<\/p>\n","protected":false},"author":1,"featured_media":26268,"comment_status":"open","ping_status":"open","sticky":false,"template":"","format":"standard","meta":{"footnotes":""},"categories":[2],"tags":[],"featured_image_urls":{"full":["https:\/\/novosaopaulo.com.br\/n1\/wp-content\/uploads\/2025\/10\/WhatsApp-Image-2025-10-07-at-22.59.37.jpeg",762,899,false],"thumbnail":["https:\/\/novosaopaulo.com.br\/n1\/wp-content\/uploads\/2025\/10\/WhatsApp-Image-2025-10-07-at-22.59.37-150x150.jpeg",150,150,true],"medium":["https:\/\/novosaopaulo.com.br\/n1\/wp-content\/uploads\/2025\/10\/WhatsApp-Image-2025-10-07-at-22.59.37-254x300.jpeg",254,300,true],"medium_large":["https:\/\/novosaopaulo.com.br\/n1\/wp-content\/uploads\/2025\/10\/WhatsApp-Image-2025-10-07-at-22.59.37.jpeg",640,755,false],"large":["https:\/\/novosaopaulo.com.br\/n1\/wp-content\/uploads\/2025\/10\/WhatsApp-Image-2025-10-07-at-22.59.37.jpeg",640,755,false],"1536x1536":["https:\/\/novosaopaulo.com.br\/n1\/wp-content\/uploads\/2025\/10\/WhatsApp-Image-2025-10-07-at-22.59.37.jpeg",762,899,false],"2048x2048":["https:\/\/novosaopaulo.com.br\/n1\/wp-content\/uploads\/2025\/10\/WhatsApp-Image-2025-10-07-at-22.59.37.jpeg",762,899,false],"newsever-slider-full":["https:\/\/novosaopaulo.com.br\/n1\/wp-content\/uploads\/2025\/10\/WhatsApp-Image-2025-10-07-at-22.59.37-762x845.jpeg",762,845,true],"newsever-featured":["https:\/\/novosaopaulo.com.br\/n1\/wp-content\/uploads\/2025\/10\/WhatsApp-Image-2025-10-07-at-22.59.37.jpeg",762,899,false],"newsever-medium":["https:\/\/novosaopaulo.com.br\/n1\/wp-content\/uploads\/2025\/10\/WhatsApp-Image-2025-10-07-at-22.59.37-720x475.jpeg",720,475,true]},"author_info":{"display_name":"Reda\u00e7\u00e3o","author_link":"https:\/\/novosaopaulo.com.br\/n1\/author\/g5poa\/"},"category_info":"<a href=\"https:\/\/novosaopaulo.com.br\/n1\/category\/cidades\/\" rel=\"category tag\">Cidades<\/a>","tag_info":"Cidades","comment_count":"0","_links":{"self":[{"href":"https:\/\/novosaopaulo.com.br\/n1\/wp-json\/wp\/v2\/posts\/26267"}],"collection":[{"href":"https:\/\/novosaopaulo.com.br\/n1\/wp-json\/wp\/v2\/posts"}],"about":[{"href":"https:\/\/novosaopaulo.com.br\/n1\/wp-json\/wp\/v2\/types\/post"}],"author":[{"embeddable":true,"href":"https:\/\/novosaopaulo.com.br\/n1\/wp-json\/wp\/v2\/users\/1"}],"replies":[{"embeddable":true,"href":"https:\/\/novosaopaulo.com.br\/n1\/wp-json\/wp\/v2\/comments?post=26267"}],"version-history":[{"count":1,"href":"https:\/\/novosaopaulo.com.br\/n1\/wp-json\/wp\/v2\/posts\/26267\/revisions"}],"predecessor-version":[{"id":26269,"href":"https:\/\/novosaopaulo.com.br\/n1\/wp-json\/wp\/v2\/posts\/26267\/revisions\/26269"}],"wp:featuredmedia":[{"embeddable":true,"href":"https:\/\/novosaopaulo.com.br\/n1\/wp-json\/wp\/v2\/media\/26268"}],"wp:attachment":[{"href":"https:\/\/novosaopaulo.com.br\/n1\/wp-json\/wp\/v2\/media?parent=26267"}],"wp:term":[{"taxonomy":"category","embeddable":true,"href":"https:\/\/novosaopaulo.com.br\/n1\/wp-json\/wp\/v2\/categories?post=26267"},{"taxonomy":"post_tag","embeddable":true,"href":"https:\/\/novosaopaulo.com.br\/n1\/wp-json\/wp\/v2\/tags?post=26267"}],"curies":[{"name":"wp","href":"https:\/\/api.w.org\/{rel}","templated":true}]}}