{"id":26249,"date":"2025-10-07T17:59:41","date_gmt":"2025-10-07T20:59:41","guid":{"rendered":"https:\/\/novosaopaulo.com.br\/n1\/?p=26249"},"modified":"2025-10-07T17:59:42","modified_gmt":"2025-10-07T20:59:42","slug":"representando-a-tristeza-do-luto-em-suas-diversas-camadas-peca-narra-a-jornada-de-um-filho-que-ao-investigar-as-memorias-da-mae-encontra-a-si-mesmo","status":"publish","type":"post","link":"https:\/\/novosaopaulo.com.br\/n1\/representando-a-tristeza-do-luto-em-suas-diversas-camadas-peca-narra-a-jornada-de-um-filho-que-ao-investigar-as-memorias-da-mae-encontra-a-si-mesmo\/","title":{"rendered":"Representando a tristeza do luto em suas diversas camadas, pe\u00e7a narra a jornada de um filho que, ao investigar as mem\u00f3rias da m\u00e3e, encontra a si mesmo"},"content":{"rendered":"\n<p>O texto, inspirado no livro Triste n\u00e3o \u00e9 ao certo a palavra, de Gabriel Abreu, marca a estreia de Nicolas Ahnert como dramaturgo e diretor em solo protagonizado por Thalles Cabral. A pe\u00e7a estreia em temporada de dois meses no Teatro Do N\u00facleo Experimental<\/p>\n\n\n\n<p>Link para fotos: bit.ly\/fotosespetaculotriste (cr\u00e9dito Diego Rodrigues)<\/p>\n\n\n\n<p>A partir do livro Triste n\u00e3o \u00e9 ao certo a palavra, escrito por Gabriel Abreu e publicado em 2023 pela Companhia das Letras, Nicolas Ahnert estreia como dramaturgo e diretor na pe\u00e7a Triste! Triste\u2026 Triste?, que narra as ang\u00fastias de um jovem vivendo um luto anunciado, ao descobrir que sua m\u00e3e tem apenas um m\u00eas de vida. A estreia tem data marcada para 11 de outubro no Teatro Do N\u00facleo Experimental. A temporada segue pelo m\u00eas de outubro, com sess\u00f5es aos s\u00e1bados \u00e0s 20h e domingos \u00e0s 19h, e novembro nos mesmos hor\u00e1rios aos finais de semana e tamb\u00e9m \u00e0s 20h das segundas-feiras.<\/p>\n\n\n\n<p>O espet\u00e1culo amplia o universo do livro para explorar os anseios de uma gera\u00e7\u00e3o anestesiada em busca de sua pr\u00f3pria identidade. Muitas perguntas assombram o personagem, no solo vivido pelo ator Thalles Cabral, em uma busca urgente de conhecer a profunda ess\u00eancia da m\u00e3e, resgatando e reescrevendo suas mem\u00f3rias, enquanto se depara com a sua pr\u00f3pria vulnerabilidade.<\/p>\n\n\n\n<p>A pe\u00e7a parte, portanto, de um dos maiores dilemas humanos para expor essa crise identit\u00e1ria: a perda da figura materna. O corpo inerte da m\u00e3e lan\u00e7a o protagonista nessa autoinvestiga\u00e7\u00e3o desesperada, explorando as consequ\u00eancias da orfandade prematura na forma\u00e7\u00e3o do seu car\u00e1ter. Apesar de tocar em camadas profundas, a pe\u00e7a tamb\u00e9m traz leveza, requintes de humor e cinismo na constru\u00e7\u00e3o da personalidade e das viv\u00eancias do personagem, cuja concep\u00e7\u00e3o foi a grande inspira\u00e7\u00e3o do autor.<\/p>\n\n\n\n<p>O encontro de Nicolas Ahnert com o texto se deu de maneira totalmente casual. Ao se deparar com o livro durante um despretensioso passeio \u00e0 livraria, prontamente se interessou pelo t\u00edtulo, sinopse, orelha, at\u00e9 devor\u00e1-lo por completo. \u201cAssim que terminei a leitura me veio a ideia de transformar o texto em uma pe\u00e7a. Entre muitas coisas que me chamaram a aten\u00e7\u00e3o, tem um hibridismo na linguagem, por usar de recursos como cartas, bilhetes, lembretes, fotos. Ele consegue costurar uma hist\u00f3ria linear com outros elementos, para al\u00e9m da pr\u00f3pria narrativa, e isso soou para mim muito teatral\u201d, pontua.<\/p>\n\n\n\n<p>Inspirado pela hist\u00f3ria de Triste n\u00e3o \u00e9 ao certo a palavra, o autor e diretor buscou n\u00e3o simplesmente represent\u00e1-la no palco, mas sim criar uma outra narrativa, focada principalmente em desvendar esse filho, para al\u00e9m do que j\u00e1 existe na literatura original, revelando a profundidade da dor que o atravessa, mesmo quando escondida em seu comportamento c\u00ednico e aparentemente arrogante, em alguns momentos. \u201cMeu maior interesse foi desenvolver esse personagem, e a liberdade dramat\u00fargica que o Gabriel me deu foi fundamental para isso. Para mim era importante que o p\u00fablico pudesse enxergar e entender a dor desse filho, para al\u00e9m do luto. Identificar nele um personagem humano, complexo, e n\u00e3o um her\u00f3i ou uma v\u00edtima. Desejo que as pessoas possam se reconhecer em alguma medida e sair tocadas do teatro\u201d, ressalta.<\/p>\n\n\n\n<p>Sinopse<\/p>\n\n\n\n<p>Um filho recebe a not\u00edcia de que sua m\u00e3e tem apenas um m\u00eas de vida. Uma descoberta inesperada o obriga a revirar o passado para conhecer quem essa mulher foi, antes que o tempo acabe. Obcecado em preencher essas lacunas, os limites entre as suas mem\u00f3rias e as da m\u00e3e come\u00e7am a se confundir. Quando uma m\u00e3e deixa de existir, o que sobra de um filho? Triste! Triste\u2026Triste? \u00e9 inspirado no livro Triste n\u00e3o \u00e9 ao certo a palavra, de Gabriel Abreu, da Companhia das Letras. A pe\u00e7a amplia o universo do livro para explorar os anseios de uma gera\u00e7\u00e3o anestesiada em busca de sua pr\u00f3pria identidade.<\/p>\n\n\n\n<p>Siga a pe\u00e7a no Instagram @triste.espet\u00e1culo<\/p>\n\n\n\n<p>Thalles Cabral \u2013 Elenco<\/p>\n\n\n\n<p>Com 20 anos de carreira, come\u00e7ou a estudar teatro ainda na inf\u00e2ncia. Cursou cinema na FAAP e na Escola de Artes Dram\u00e1ticas, da USP. Atuou em mais de 30 pe\u00e7as teatrais, com destaque para Amadeo (2023), dire\u00e7\u00e3o de Nelson Baskerville; Dogville (2018) e Senhor das Moscas (2017), ambas dirigidas por Z\u00e9 Henrique de Paula. No cinema, \u00e9 protagonista de Ecos do Sil\u00eancio (2024), de Andr\u00e9 Luiz Oliveira, &#8211; no qual recebeu o pr\u00eamio de Melhor Ator no Festival de Bras\u00edlia do Cinema Brasileira \u2013 e de YONLY (2018), de Henrique Montanari, com o qual conquistou os pr\u00eamios de Melhor Ator pelo New Renaissance Film Festival de Amsterdam e pelo Agenda Brasil, Festival Internacional de Cinema Brasileiro, na It\u00e1lia. Na TV, ficou nacionalmente conhecido por sua atua\u00e7\u00e3o na novela Amor \u00e0 Vida (2013), da TV Globo. Atualmente, faz parte do elenco da s\u00e9rie As Five (Globoplay), e da s\u00e9rie original HBO Max, Vale dos Esquecidos.<\/p>\n\n\n\n<p>Nicolas Ahnert \u2013 Texto e Dire\u00e7\u00e3o<\/p>\n\n\n\n<p>\u00c9 formado em Comunica\u00e7\u00e3o Social pela ESPM, e p\u00f3s graduando em Arte Contempor\u00e2nea e Audiovisual pela FAAP. Estudou atua\u00e7\u00e3o na New York Film Academy. Como ator, estreou na televis\u00e3o na novela Quanto Mais Vida Melhor, da Globo, como a vers\u00e3o jovem de Guilherme, interpretado por Mateus Solano. No streaming, interpretou Ricardo no filmeLuilli, da Netflix, e o l\u00edder naxista Hans Becker na s\u00e9rie do Globoplay Passaporte para a Liberdade, dirigida por Jayme Monjardim. Integra o elenco da s\u00e9rie do Disney+ Dois Tempos como Pedro, dirigida por Vera Egito, e interpreta Vitor no filme Cinco J\u00falias, de Matheus Souza. No teatro, estreou no espet\u00e1culo Isso Que \u00c9 Amor, com dire\u00e7\u00e3o de Ulysses Cruz, o qual lhe rendeu a indica\u00e7\u00e3o a Melhor Ator Revela\u00e7\u00e3o pelo Pr\u00eamio Bibi Ferreira. Tamb\u00e9m integrou o elenco do musical IRON, a convite do mesmo diretor. Foi Diretor Assistente do espet\u00e1culo Gala Dal\u00ed, dirigido por Ulysses Cruz. E \u00e9 autor e diretor do espet\u00e1culo Triste! Triste\u2026 Triste?, solo com Thalles Cabral, com estreia no segundo semestre de 2025.<\/p>\n\n\n\n<p>Ficha t\u00e9cnica:<\/p>\n\n\n\n<p>Texto e Dire\u00e7\u00e3o: Nicolas Ahnert. Elenco: Thalles Cabral. Cen\u00e1rio e Figurino: Pazetto. Ilumina\u00e7\u00e3o: Nicolas Caratori. Trilha Sonora: Al\u00ea Martins. Dire\u00e7\u00e3o de produ\u00e7\u00e3o: Nicolas Ahnert. Produ\u00e7\u00e3o: Laura Sciulli e Victor Edwards. Realiza\u00e7\u00e3o: ZERO TEATRO.<\/p>\n\n\n\n<p>Servi\u00e7o:<\/p>\n\n\n\n<p>Estreia dia 11 de outubro de 2025.<\/p>\n\n\n\n<p>Temporada: Outubro (s\u00e1bados \u00e0s 20h e domingos \u00e0s 19h). Novembro (s\u00e1bados \u00e0s 20h, domingos \u00e0s 19h e segundas \u00e0s 20h).<\/p>\n\n\n\n<p>Classifica\u00e7\u00e3o: 14 anos<\/p>\n\n\n\n<p>Dura\u00e7\u00e3o: 70 minutos<\/p>\n\n\n\n<p>Ingressos: R$80<\/p>\n\n\n\n<p>Link para venda: linktr.ee\/tristeespetaculo<\/p>\n\n\n\n<p>Teatro Do N\u00facleo Experimental<\/p>\n\n\n\n<p>R. Barra Funda, 637 &#8211; Barra Funda, S\u00e3o Paulo &#8211; SP<\/p>\n\n\n\n<p>Capacidade: 100 lugares.<\/p>\n","protected":false},"excerpt":{"rendered":"<p>O texto, inspirado no livro Triste n\u00e3o \u00e9 ao certo a palavra, de Gabriel Abreu,&#8230;<\/p>\n","protected":false},"author":1,"featured_media":26250,"comment_status":"open","ping_status":"open","sticky":false,"template":"","format":"standard","meta":{"footnotes":""},"categories":[45],"tags":[],"featured_image_urls":{"full":["https:\/\/novosaopaulo.com.br\/n1\/wp-content\/uploads\/2025\/10\/WhatsApp-Image-2025-10-07-at-12.44.58.jpeg",1080,1350,false],"thumbnail":["https:\/\/novosaopaulo.com.br\/n1\/wp-content\/uploads\/2025\/10\/WhatsApp-Image-2025-10-07-at-12.44.58-150x150.jpeg",150,150,true],"medium":["https:\/\/novosaopaulo.com.br\/n1\/wp-content\/uploads\/2025\/10\/WhatsApp-Image-2025-10-07-at-12.44.58-240x300.jpeg",240,300,true],"medium_large":["https:\/\/novosaopaulo.com.br\/n1\/wp-content\/uploads\/2025\/10\/WhatsApp-Image-2025-10-07-at-12.44.58-768x960.jpeg",640,800,true],"large":["https:\/\/novosaopaulo.com.br\/n1\/wp-content\/uploads\/2025\/10\/WhatsApp-Image-2025-10-07-at-12.44.58-819x1024.jpeg",640,800,true],"1536x1536":["https:\/\/novosaopaulo.com.br\/n1\/wp-content\/uploads\/2025\/10\/WhatsApp-Image-2025-10-07-at-12.44.58.jpeg",1080,1350,false],"2048x2048":["https:\/\/novosaopaulo.com.br\/n1\/wp-content\/uploads\/2025\/10\/WhatsApp-Image-2025-10-07-at-12.44.58.jpeg",1080,1350,false],"newsever-slider-full":["https:\/\/novosaopaulo.com.br\/n1\/wp-content\/uploads\/2025\/10\/WhatsApp-Image-2025-10-07-at-12.44.58-1080x845.jpeg",1080,845,true],"newsever-featured":["https:\/\/novosaopaulo.com.br\/n1\/wp-content\/uploads\/2025\/10\/WhatsApp-Image-2025-10-07-at-12.44.58-1024x1280.jpeg",1024,1280,true],"newsever-medium":["https:\/\/novosaopaulo.com.br\/n1\/wp-content\/uploads\/2025\/10\/WhatsApp-Image-2025-10-07-at-12.44.58-720x475.jpeg",720,475,true]},"author_info":{"display_name":"Reda\u00e7\u00e3o","author_link":"https:\/\/novosaopaulo.com.br\/n1\/author\/g5poa\/"},"category_info":"<a href=\"https:\/\/novosaopaulo.com.br\/n1\/category\/cultura\/\" rel=\"category tag\">Cultura<\/a>","tag_info":"Cultura","comment_count":"0","_links":{"self":[{"href":"https:\/\/novosaopaulo.com.br\/n1\/wp-json\/wp\/v2\/posts\/26249"}],"collection":[{"href":"https:\/\/novosaopaulo.com.br\/n1\/wp-json\/wp\/v2\/posts"}],"about":[{"href":"https:\/\/novosaopaulo.com.br\/n1\/wp-json\/wp\/v2\/types\/post"}],"author":[{"embeddable":true,"href":"https:\/\/novosaopaulo.com.br\/n1\/wp-json\/wp\/v2\/users\/1"}],"replies":[{"embeddable":true,"href":"https:\/\/novosaopaulo.com.br\/n1\/wp-json\/wp\/v2\/comments?post=26249"}],"version-history":[{"count":1,"href":"https:\/\/novosaopaulo.com.br\/n1\/wp-json\/wp\/v2\/posts\/26249\/revisions"}],"predecessor-version":[{"id":26251,"href":"https:\/\/novosaopaulo.com.br\/n1\/wp-json\/wp\/v2\/posts\/26249\/revisions\/26251"}],"wp:featuredmedia":[{"embeddable":true,"href":"https:\/\/novosaopaulo.com.br\/n1\/wp-json\/wp\/v2\/media\/26250"}],"wp:attachment":[{"href":"https:\/\/novosaopaulo.com.br\/n1\/wp-json\/wp\/v2\/media?parent=26249"}],"wp:term":[{"taxonomy":"category","embeddable":true,"href":"https:\/\/novosaopaulo.com.br\/n1\/wp-json\/wp\/v2\/categories?post=26249"},{"taxonomy":"post_tag","embeddable":true,"href":"https:\/\/novosaopaulo.com.br\/n1\/wp-json\/wp\/v2\/tags?post=26249"}],"curies":[{"name":"wp","href":"https:\/\/api.w.org\/{rel}","templated":true}]}}