{"id":26245,"date":"2025-10-06T23:13:05","date_gmt":"2025-10-07T02:13:05","guid":{"rendered":"https:\/\/novosaopaulo.com.br\/n1\/?p=26245"},"modified":"2025-10-06T23:13:22","modified_gmt":"2025-10-07T02:13:22","slug":"o-desmantelamento-silencioso-da-democracia","status":"publish","type":"post","link":"https:\/\/novosaopaulo.com.br\/n1\/o-desmantelamento-silencioso-da-democracia\/","title":{"rendered":"O desmantelamento silencioso da democracia"},"content":{"rendered":"\n<p>As cont\u00ednuas manifesta\u00e7\u00f5es de descontentamento, vistas em frente aos quart\u00e9is em 2022 e, mais recentemente, em diversas cidades, sinalizam que uma parcela significativa da popula\u00e7\u00e3o brasileira entende profundamente os desafios pol\u00edticos do pa\u00eds. Longe de serem meros atos isolados de frustra\u00e7\u00e3o, esses movimentos revelam um crescente despertar c\u00edvico e a clara percep\u00e7\u00e3o de que as estruturas tradicionais de poder e representa\u00e7\u00e3o n\u00e3o est\u00e3o mais atendendo aos anseios populares. \u00c9 um clamor que indica que a sociedade n\u00e3o apenas reconhece a crise institucional em curso, mas tamb\u00e9m busca, de forma ainda incipiente, os meios para resistir ao que muitos consideram ser um desmantelamento gradual e silencioso da ordem democr\u00e1tica estabelecida.<\/p>\n\n\n\n<p>Contudo, essa mesma popula\u00e7\u00e3o encontra-se privada dos meios de a\u00e7\u00e3o necess\u00e1rios para transformar sua indigna\u00e7\u00e3o em for\u00e7a pol\u00edtica organizada, uma car\u00eancia imposta por uma elite. Faltam-lhe, por exemplo, milit\u00e2ncia e lideran\u00e7as.<\/p>\n\n\n\n<p>Em contraste, a esquerda, com mais de 150 anos de tradi\u00e7\u00e3o mundial e presen\u00e7a consolidada no Brasil h\u00e1 mais de 50 anos, demonstra consci\u00eancia exata da import\u00e2ncia da milit\u00e2ncia e da mobiliza\u00e7\u00e3o. Recentemente, um l\u00edder esquerdista declarou: &#8220;Queremos milit\u00e2ncia nas faculdades privadas&#8221;. H\u00e1 muitos e muitos anos, a esquerda est\u00e1 presente nas faculdades p\u00fablicas e privadas, pois os universit\u00e1rios s\u00e3o os futuros economistas, arquitetos, advogados, ju\u00edzes e pol\u00edticos \u2013 a &#8220;classe falante&#8221; \u2013 que sustentar\u00e3o o movimento ideol\u00f3gico.<br>Lembrando a c\u00e9lebre frase &#8220;\u00c9 a economia, est\u00fapido!&#8221;, cunhada por James Carville em 1992 para focar a campanha de Bill Clinton, \u00e9 fundamental que a sociedade brasileira tenha consci\u00eancia: \u00c9 a pol\u00edtica!<\/p>\n\n\n\n<p>\u00c9 preciso ter plena clareza de que a esquerda det\u00e9m um poder de controle consider\u00e1vel sobre in\u00fameros ve\u00edculos e profissionais de comunica\u00e7\u00e3o, universidades e seu corpo docente, a classe art\u00edstica (cantores, escritores, autores de novelas) e boa parte da infraestrutura estatal.<\/p>\n\n\n\n<p>Nesse cen\u00e1rio, a elei\u00e7\u00e3o de senadores, deputados, governadores, prefeitos e vereadores, muitas vezes, significa apenas coloc\u00e1-los dentro de um esquema de poder j\u00e1 estabelecido e dominado.<\/p>\n\n\n\n<p>Isso fica claro nas vota\u00e7\u00f5es e nos acordos legislativos que, quase sempre, atendem exclusivamente aos interesses dos pr\u00f3prios parlamentares, em detrimento dos interesses reais do Pa\u00eds. Regras legislativas s\u00e3o alteradas n\u00e3o para o bem p\u00fablico, mas para garantir a perman\u00eancia no poder de forma indefinida ou para favorecer seus sucessores e apaniguados. Muitos passam a ocupar cargos no governo e s\u00e3o pautados pela m\u00eddia de esquerda.<\/p>\n\n\n\n<p>Eros\u00e3o democr\u00e1tica e cen\u00e1rio de coa\u00e7\u00e3o<br>Como consequ\u00eancia, o Brasil tem testemunhado uma eros\u00e3o gradual das prote\u00e7\u00f5es democr\u00e1ticas. S\u00e3o processos que envolvem a neutraliza\u00e7\u00e3o da oposi\u00e7\u00e3o, a centraliza\u00e7\u00e3o do poder (que ser\u00e1 estabelecida definitivamente com a reforma tribut\u00e1ria), um controle ainda &#8216;discreto&#8217; da m\u00eddia e a fragilidade institucional. Soma-se a isso um sistema de seguran\u00e7a p\u00fablica fraco, incapaz de combater a corrup\u00e7\u00e3o, as in\u00fameras mortes e assassinatos e o comando do narcotr\u00e1fico em morros, favelas e grandes extens\u00f5es do territ\u00f3rio nacional, criando um solo f\u00e9rtil para o surgimento de movimentos paralelos e tiranos.<\/p>\n\n\n\n<p>Vale ressaltar que a transi\u00e7\u00e3o para o autoritarismo raramente \u00e9 abrupta; \u00e9 um processo lento de eros\u00e3o.<\/p>\n\n\n\n<p>O Brasil j\u00e1 tem sido apontado em certos contextos como um narcoestado, e n\u00e3o \u00e9 imposs\u00edvel que, em setores-chave da administra\u00e7\u00e3o, o Pa\u00eds viva um cen\u00e1rio de coa\u00e7\u00e3o semelhante \u00e0quele retratado na s\u00e9rie colombiana \u201cPablo Escobar, El Patr\u00f3n del Mal\u201d (Netflix).<\/p>\n\n\n\n<p>Em um trecho marcante (cap\u00edtulo 16), Pablo Escobar notifica o Coronel Pedregal, comandante das for\u00e7as policiais, com um ultimato claro: &#8220;Ou recebe 100 mil d\u00f3lares mensais [\u2026] para oferecer a prote\u00e7\u00e3o necess\u00e1ria ao Cartel de Medell\u00edn, de modo que n\u00e3o tenham problemas com a lei, ou eu mato o senhor, seu pai, sua m\u00e3e, seus tios, sua esposa Maria, seus filhos Santiago e Pilar e at\u00e9 sua av\u00f3. Se sua av\u00f3 j\u00e1 morreu, eu a desenterro e a mato de novo&#8221;. Ao ser questionado se era uma amea\u00e7a, Escobar responde que \u00e9 uma &#8220;notifica\u00e7\u00e3o oficial&#8221;.<\/p>\n\n\n\n<p>Essa fic\u00e7\u00e3o levanta um questionamento cr\u00edtico: se a pol\u00edtica \u00e9 dominada e o Estado \u00e9 fragilizado, setores da administra\u00e7\u00e3o p\u00fablica podem estar vivendo uma coa\u00e7\u00e3o semelhante, onde a escolha n\u00e3o \u00e9 entre o certo e o errado, mas sim entre a submiss\u00e3o e a destrui\u00e7\u00e3o. A pol\u00edtica, mais do que nunca, exige a eterna vigil\u00e2ncia.<\/p>\n\n\n\n<p>O decl\u00ednio da Rep\u00fablica e o risco de irreversibilidade<br>O atual governo brasileiro, sob o pretexto de estabilidade e &#8220;pacifica\u00e7\u00e3o&#8221;, tem levado a cabo um projeto de poder que solapa as funda\u00e7\u00f5es da Rep\u00fablica. A insistente investida sobre o arcabou\u00e7o fiscal, a manuten\u00e7\u00e3o de um incha\u00e7o ministerial alimentado por crit\u00e9rios puramente pol\u00edticos em detrimento da meritocracia e a clara prioriza\u00e7\u00e3o de gastos clientelistas em detrimento do saneamento b\u00e1sico e da infraestrutura essencial, demonstram um alarmante descompromisso com o futuro sustent\u00e1vel da Na\u00e7\u00e3o. O pre\u00e7o dessa pol\u00edtica, focada na perpetua\u00e7\u00e3o do status quo e no financiamento da m\u00e1quina ideol\u00f3gica, ser\u00e1 pago por gera\u00e7\u00f5es, na forma de um endividamento insustent\u00e1vel e da paralisia do desenvolvimento.<\/p>\n\n\n\n<p>Ademais, a toler\u00e2ncia e at\u00e9 o incentivo a um discurso que busca reescrever a hist\u00f3ria recente do Pa\u00eds e deslegitimar institui\u00e7\u00f5es que, historicamente, se opuseram ao seu projeto hegem\u00f4nico, criam um ambiente de profunda incerteza jur\u00eddica e social. Ao promover uma pol\u00edtica externa baseada em alinhamentos ideol\u00f3gicos arriscados, em detrimento dos interesses comerciais estrat\u00e9gicos do Brasil, e ao permitir que a corrup\u00e7\u00e3o volte a pairar sobre estatais e fundos de investimento com uma inquieta familiaridade, o governo n\u00e3o apenas flerta com o autoritarismo, mas pavimenta o caminho para a irreversibilidade do decl\u00ednio institucional. A responsabilidade por esse silencioso des mantelamento recai sobre uma gest\u00e3o que trocou a governan\u00e7a pela doutrina.<\/p>\n\n\n\n<p>Eduardo Berbigier \u00e9 advogado tributarista, especialista em Agroneg\u00f3cio, membro dos Comit\u00eas Juridico e Tribut\u00e1rio da Sociedade Rural Brasileira e CEO do Berbigier Sociedade de Advogados.<\/p>\n\n\n\n<p>Foto: Divulga\u00e7\u00e3o<\/p>\n","protected":false},"excerpt":{"rendered":"<p>As cont\u00ednuas manifesta\u00e7\u00f5es de descontentamento, vistas em frente aos quart\u00e9is em 2022 e, mais recentemente,&#8230;<\/p>\n","protected":false},"author":1,"featured_media":26246,"comment_status":"open","ping_status":"open","sticky":false,"template":"","format":"standard","meta":{"footnotes":""},"categories":[2],"tags":[],"featured_image_urls":{"full":["https:\/\/novosaopaulo.com.br\/n1\/wp-content\/uploads\/2025\/10\/WhatsApp-Image-2025-10-06-at-22.34.00.jpeg",1080,1258,false],"thumbnail":["https:\/\/novosaopaulo.com.br\/n1\/wp-content\/uploads\/2025\/10\/WhatsApp-Image-2025-10-06-at-22.34.00-150x150.jpeg",150,150,true],"medium":["https:\/\/novosaopaulo.com.br\/n1\/wp-content\/uploads\/2025\/10\/WhatsApp-Image-2025-10-06-at-22.34.00-258x300.jpeg",258,300,true],"medium_large":["https:\/\/novosaopaulo.com.br\/n1\/wp-content\/uploads\/2025\/10\/WhatsApp-Image-2025-10-06-at-22.34.00-768x895.jpeg",640,746,true],"large":["https:\/\/novosaopaulo.com.br\/n1\/wp-content\/uploads\/2025\/10\/WhatsApp-Image-2025-10-06-at-22.34.00-879x1024.jpeg",640,746,true],"1536x1536":["https:\/\/novosaopaulo.com.br\/n1\/wp-content\/uploads\/2025\/10\/WhatsApp-Image-2025-10-06-at-22.34.00.jpeg",1080,1258,false],"2048x2048":["https:\/\/novosaopaulo.com.br\/n1\/wp-content\/uploads\/2025\/10\/WhatsApp-Image-2025-10-06-at-22.34.00.jpeg",1080,1258,false],"newsever-slider-full":["https:\/\/novosaopaulo.com.br\/n1\/wp-content\/uploads\/2025\/10\/WhatsApp-Image-2025-10-06-at-22.34.00-1080x845.jpeg",1080,845,true],"newsever-featured":["https:\/\/novosaopaulo.com.br\/n1\/wp-content\/uploads\/2025\/10\/WhatsApp-Image-2025-10-06-at-22.34.00-1024x1193.jpeg",1024,1193,true],"newsever-medium":["https:\/\/novosaopaulo.com.br\/n1\/wp-content\/uploads\/2025\/10\/WhatsApp-Image-2025-10-06-at-22.34.00-720x475.jpeg",720,475,true]},"author_info":{"display_name":"Reda\u00e7\u00e3o","author_link":"https:\/\/novosaopaulo.com.br\/n1\/author\/g5poa\/"},"category_info":"<a href=\"https:\/\/novosaopaulo.com.br\/n1\/category\/cidades\/\" rel=\"category tag\">Cidades<\/a>","tag_info":"Cidades","comment_count":"0","_links":{"self":[{"href":"https:\/\/novosaopaulo.com.br\/n1\/wp-json\/wp\/v2\/posts\/26245"}],"collection":[{"href":"https:\/\/novosaopaulo.com.br\/n1\/wp-json\/wp\/v2\/posts"}],"about":[{"href":"https:\/\/novosaopaulo.com.br\/n1\/wp-json\/wp\/v2\/types\/post"}],"author":[{"embeddable":true,"href":"https:\/\/novosaopaulo.com.br\/n1\/wp-json\/wp\/v2\/users\/1"}],"replies":[{"embeddable":true,"href":"https:\/\/novosaopaulo.com.br\/n1\/wp-json\/wp\/v2\/comments?post=26245"}],"version-history":[{"count":2,"href":"https:\/\/novosaopaulo.com.br\/n1\/wp-json\/wp\/v2\/posts\/26245\/revisions"}],"predecessor-version":[{"id":26248,"href":"https:\/\/novosaopaulo.com.br\/n1\/wp-json\/wp\/v2\/posts\/26245\/revisions\/26248"}],"wp:featuredmedia":[{"embeddable":true,"href":"https:\/\/novosaopaulo.com.br\/n1\/wp-json\/wp\/v2\/media\/26246"}],"wp:attachment":[{"href":"https:\/\/novosaopaulo.com.br\/n1\/wp-json\/wp\/v2\/media?parent=26245"}],"wp:term":[{"taxonomy":"category","embeddable":true,"href":"https:\/\/novosaopaulo.com.br\/n1\/wp-json\/wp\/v2\/categories?post=26245"},{"taxonomy":"post_tag","embeddable":true,"href":"https:\/\/novosaopaulo.com.br\/n1\/wp-json\/wp\/v2\/tags?post=26245"}],"curies":[{"name":"wp","href":"https:\/\/api.w.org\/{rel}","templated":true}]}}