{"id":26236,"date":"2025-10-06T09:58:18","date_gmt":"2025-10-06T12:58:18","guid":{"rendered":"https:\/\/novosaopaulo.com.br\/n1\/?p=26236"},"modified":"2025-10-06T09:58:19","modified_gmt":"2025-10-06T12:58:19","slug":"de-volta-ao-sbt-perlla-anuncia-que-esta-prestes-a-se-formar-em-jornalismo-e-agradece-a-silvio-santos","status":"publish","type":"post","link":"https:\/\/novosaopaulo.com.br\/n1\/de-volta-ao-sbt-perlla-anuncia-que-esta-prestes-a-se-formar-em-jornalismo-e-agradece-a-silvio-santos\/","title":{"rendered":"De volta ao SBT, Perlla anuncia que est\u00e1 prestes a se formar em Jornalismo e agradece a Silvio Santos"},"content":{"rendered":"\n<p>Neste domingo (5), a cantora Perlla participou do Programa Silvio Santos com Patr\u00edcia Abravanel, no quadro Qual \u00e9 a M\u00fasica, do SBT, e aproveitou a oportunidade para expressar sua gratid\u00e3o a Silvio Santos, figura marcante em sua trajet\u00f3ria art\u00edstica. \u201cEle sempre me recebeu com muito carinho. Abriu as portas pra mim na TV, uma pessoa muito especial. Sou grata pela oportunidade que ele me deu. Muito feliz em voltar aqui\u201d, declarou durante a atra\u00e7\u00e3o.<\/p>\n\n\n\n<p>A artista surpreendeu ao anunciar uma nova fase em sua trajet\u00f3ria profissional: est\u00e1 cursando jornalismo e pretende investir na carreira de apresentadora. \u201cA TV \u00e9 a minha vida. Sou cantora e, hoje, estudo jornalismo. De tanto estar na televis\u00e3o, acabei me apaixonando e agora estou no \u00faltimo per\u00edodo do curso\u201d, revelou.<\/p>\n\n\n\n<p>Patr\u00edcia Abravanel demonstrou surpresa com a novidade e quis entender melhor a escolha: \u201cNo come\u00e7o, por estar tanto na TV, resolvi me arriscar. Acredito que muitas portas se abriram e ainda vir\u00e3o novas oportunidades. Tenho o desejo de fazer algo que una essa experi\u00eancia \u00e0 m\u00fasica\u201d, completou.<\/p>\n\n\n\n<p>Imagens: Reprodu\u00e7\u00e3o da Internet\/SBT<\/p>\n\n\n\n<figure class=\"wp-block-image size-large\"><img fetchpriority=\"high\" decoding=\"async\" width=\"1024\" height=\"582\" src=\"https:\/\/novosaopaulo.com.br\/n1\/wp-content\/uploads\/2025\/10\/WhatsApp-Image-2025-10-06-at-09.46.20-1024x582.jpeg\" alt=\"\" class=\"wp-image-26237\" srcset=\"https:\/\/novosaopaulo.com.br\/n1\/wp-content\/uploads\/2025\/10\/WhatsApp-Image-2025-10-06-at-09.46.20-1024x582.jpeg 1024w, https:\/\/novosaopaulo.com.br\/n1\/wp-content\/uploads\/2025\/10\/WhatsApp-Image-2025-10-06-at-09.46.20-300x171.jpeg 300w, https:\/\/novosaopaulo.com.br\/n1\/wp-content\/uploads\/2025\/10\/WhatsApp-Image-2025-10-06-at-09.46.20-768x437.jpeg 768w, https:\/\/novosaopaulo.com.br\/n1\/wp-content\/uploads\/2025\/10\/WhatsApp-Image-2025-10-06-at-09.46.20-1536x874.jpeg 1536w, https:\/\/novosaopaulo.com.br\/n1\/wp-content\/uploads\/2025\/10\/WhatsApp-Image-2025-10-06-at-09.46.20.jpeg 1600w\" sizes=\"(max-width: 1024px) 100vw, 1024px\" \/><\/figure>\n","protected":false},"excerpt":{"rendered":"<p>Neste domingo (5), a cantora Perlla participou do Programa Silvio Santos com Patr\u00edcia Abravanel, no&#8230;<\/p>\n","protected":false},"author":1,"featured_media":26238,"comment_status":"open","ping_status":"open","sticky":false,"template":"","format":"standard","meta":{"footnotes":""},"categories":[2],"tags":[],"featured_image_urls":{"full":["https:\/\/novosaopaulo.com.br\/n1\/wp-content\/uploads\/2025\/10\/WhatsApp-Image-2025-10-06-at-09.46.20-2.jpeg",1600,1214,false],"thumbnail":["https:\/\/novosaopaulo.com.br\/n1\/wp-content\/uploads\/2025\/10\/WhatsApp-Image-2025-10-06-at-09.46.20-2-150x150.jpeg",150,150,true],"medium":["https:\/\/novosaopaulo.com.br\/n1\/wp-content\/uploads\/2025\/10\/WhatsApp-Image-2025-10-06-at-09.46.20-2-300x228.jpeg",300,228,true],"medium_large":["https:\/\/novosaopaulo.com.br\/n1\/wp-content\/uploads\/2025\/10\/WhatsApp-Image-2025-10-06-at-09.46.20-2-768x583.jpeg",640,486,true],"large":["https:\/\/novosaopaulo.com.br\/n1\/wp-content\/uploads\/2025\/10\/WhatsApp-Image-2025-10-06-at-09.46.20-2-1024x777.jpeg",640,486,true],"1536x1536":["https:\/\/novosaopaulo.com.br\/n1\/wp-content\/uploads\/2025\/10\/WhatsApp-Image-2025-10-06-at-09.46.20-2-1536x1165.jpeg",1536,1165,true],"2048x2048":["https:\/\/novosaopaulo.com.br\/n1\/wp-content\/uploads\/2025\/10\/WhatsApp-Image-2025-10-06-at-09.46.20-2.jpeg",1600,1214,false],"newsever-slider-full":["https:\/\/novosaopaulo.com.br\/n1\/wp-content\/uploads\/2025\/10\/WhatsApp-Image-2025-10-06-at-09.46.20-2-1280x845.jpeg",1280,845,true],"newsever-featured":["https:\/\/novosaopaulo.com.br\/n1\/wp-content\/uploads\/2025\/10\/WhatsApp-Image-2025-10-06-at-09.46.20-2-1024x777.jpeg",1024,777,true],"newsever-medium":["https:\/\/novosaopaulo.com.br\/n1\/wp-content\/uploads\/2025\/10\/WhatsApp-Image-2025-10-06-at-09.46.20-2-720x475.jpeg",720,475,true]},"author_info":{"display_name":"Reda\u00e7\u00e3o","author_link":"https:\/\/novosaopaulo.com.br\/n1\/author\/g5poa\/"},"category_info":"<a href=\"https:\/\/novosaopaulo.com.br\/n1\/category\/cidades\/\" rel=\"category tag\">Cidades<\/a>","tag_info":"Cidades","comment_count":"0","_links":{"self":[{"href":"https:\/\/novosaopaulo.com.br\/n1\/wp-json\/wp\/v2\/posts\/26236"}],"collection":[{"href":"https:\/\/novosaopaulo.com.br\/n1\/wp-json\/wp\/v2\/posts"}],"about":[{"href":"https:\/\/novosaopaulo.com.br\/n1\/wp-json\/wp\/v2\/types\/post"}],"author":[{"embeddable":true,"href":"https:\/\/novosaopaulo.com.br\/n1\/wp-json\/wp\/v2\/users\/1"}],"replies":[{"embeddable":true,"href":"https:\/\/novosaopaulo.com.br\/n1\/wp-json\/wp\/v2\/comments?post=26236"}],"version-history":[{"count":1,"href":"https:\/\/novosaopaulo.com.br\/n1\/wp-json\/wp\/v2\/posts\/26236\/revisions"}],"predecessor-version":[{"id":26239,"href":"https:\/\/novosaopaulo.com.br\/n1\/wp-json\/wp\/v2\/posts\/26236\/revisions\/26239"}],"wp:featuredmedia":[{"embeddable":true,"href":"https:\/\/novosaopaulo.com.br\/n1\/wp-json\/wp\/v2\/media\/26238"}],"wp:attachment":[{"href":"https:\/\/novosaopaulo.com.br\/n1\/wp-json\/wp\/v2\/media?parent=26236"}],"wp:term":[{"taxonomy":"category","embeddable":true,"href":"https:\/\/novosaopaulo.com.br\/n1\/wp-json\/wp\/v2\/categories?post=26236"},{"taxonomy":"post_tag","embeddable":true,"href":"https:\/\/novosaopaulo.com.br\/n1\/wp-json\/wp\/v2\/tags?post=26236"}],"curies":[{"name":"wp","href":"https:\/\/api.w.org\/{rel}","templated":true}]}}