{"id":26230,"date":"2025-10-04T17:29:52","date_gmt":"2025-10-04T20:29:52","guid":{"rendered":"https:\/\/novosaopaulo.com.br\/n1\/?p=26230"},"modified":"2025-10-04T17:29:53","modified_gmt":"2025-10-04T20:29:53","slug":"deputado-aciona-mp-e-pge-para-impedir-ato-de-partido-politico-em-celebracao-ao-ataque-do-hamas-a-israel","status":"publish","type":"post","link":"https:\/\/novosaopaulo.com.br\/n1\/deputado-aciona-mp-e-pge-para-impedir-ato-de-partido-politico-em-celebracao-ao-ataque-do-hamas-a-israel\/","title":{"rendered":"Deputado aciona MP e PGE para impedir ato de partido pol\u00edtico em celebra\u00e7\u00e3o ao ataque do Hamas a Israel"},"content":{"rendered":"\n<p>Tenente Coimbra (PL-SP) quer desarticular manifesta\u00e7\u00e3o convocada pelo PCO em refer\u00eancia ao ataque iniciado, em outubro de 2023, na Faixa de Gaza; para o parlamentar, trata-se de apologia ao terrorismo, afronta \u00e0 legisla\u00e7\u00e3o nacional e risco \u00e0 ordem p\u00fablica<\/p>\n\n\n\n<p>O deputado estadual Tenente Coimbra (PL-SP) recorreu formalmente ao Minist\u00e9rio P\u00fablico (MP) e \u00e0 Procuradoria-Geral do Estado (PGE), a fim de impedir que o Partido da Causa Oper\u00e1ria (PCO) prossiga com a organiza\u00e7\u00e3o de um ato em celebra\u00e7\u00e3o ao \u201canivers\u00e1rio\u201d de dois anos do ataque-surpresa do Hamas contra Israel. A ofensiva ocorreu em 7 de outubro de 2023, dando in\u00edcio a um conflito israelo-palestino que desencadeou a guerra que segue em curso, na Faixa de Gaza, at\u00e9 hoje, com milhares de mortos e centenas de ref\u00e9ns. O mesmo documento foi impetrado na Secretaria de Seguran\u00e7a P\u00fablica do Governo do Estado de S\u00e3o Paulo.<\/p>\n\n\n\n<p>Em requerimento protocolado no MP-SP e na PGE, nessa quinta-feira (2\/10), o parlamentar do PL pede interven\u00e7\u00e3o dos \u00f3rg\u00e3os, objetivando a suspens\u00e3o da agenda articulada pelo PCO, com direito, inclusive, a chamamento p\u00fablico nas redes sociais (https:\/\/www.instagram.com\/p\/DPO0a2CDb1A\/?igsh=OTU0dW4zYjAxZ3Q3).<\/p>\n\n\n\n<p>Segundo as postagens, o evento em \u201chomenagem\u201d \u00e0 Opera\u00e7\u00e3o Dil\u00favio de Al-Aqsa est\u00e1 marcado para acontecer na ter\u00e7a-feira (7\/10), a partir das 19h, no Sindicato dos Professores do Ensino Oficial do Estado de S\u00e3o Paulo (Apeoesp), na capital paulista.<\/p>\n\n\n\n<p>Para Coimbra, a iniciativa tem caracter\u00edsticas de apologia ao terrorismo, o que afronta a legisla\u00e7\u00e3o nacional e coloca em risco a ordem p\u00fablica e a seguran\u00e7a dos cidad\u00e3os paulistas:<\/p>\n\n\n\n<p>\u201cEsta manifesta\u00e7\u00e3o do PCO \u00e9 incompat\u00edvel com a Ordem Jur\u00eddica Brasileira, por caracterizar, publicamente, apoio e enaltecimento de atos terroristas. Acionei a Justi\u00e7a (MP-SP e PGE), pois este ato representa um ataque aos princ\u00edpios da legalidade nacional. Um partido pol\u00edtico (PCO) defendendo um grupo terrorista que matou milhares de pessoas ao longo dos \u00faltimos dois anos em Israel precisa ser contido com a for\u00e7a da lei\u201d, critica o liberal.<\/p>\n\n\n\n<p>O requerimento assinado por Coimbra e que chegou ao conhecimento do MP paulista e da PGE pede a\u00e7\u00e3o de desmobiliza\u00e7\u00e3o da comemora\u00e7\u00e3o terrorista com base em quatro pilares jur\u00eddicos: lei 13.260\/2016 (antiterrorismo), que tipifica como crime promover, constituir, integrar ou prestar aux\u00edlio \u00e0 organiza\u00e7\u00e3o terrorista; Artigo 287 do C\u00f3digo Penal, que pune a apologia de fato criminoso; e os artigos 4\u00b0 e 5\u00ba da Constitui\u00e7\u00e3o Federal, que repudiam o terrorismo.<\/p>\n\n\n\n<p>O documento, tamb\u00e9m compartilhado com a Secretaria de Estado de Seguran\u00e7a P\u00fablica, solicita ainda que, caso os organizadores do ato insistam na celebra\u00e7\u00e3o do ataque do Hamas a Israel, o Poder Judici\u00e1rio entre com medida cautelar para a interdi\u00e7\u00e3o do local do evento (Pra\u00e7a da Rep\u00fablica, 282 &#8211; Rep\u00fablica).<\/p>\n\n\n\n<p>Coimbra tamb\u00e9m exige a aplica\u00e7\u00e3o de multa aos mentores e aos participantes da agenda, uma vez que \u201ca celebra\u00e7\u00e3o\u201d marca o come\u00e7o, dois anos atr\u00e1s, de um conflito armado, que se arrasta at\u00e9 hoje. De l\u00e1 para c\u00e1, milhares de civis e de soldados israelenses perderam a vida, e centenas de pessoas de dentro e de fora do pa\u00eds foram feitas ref\u00e9ns:<\/p>\n\n\n\n<p>\u201c\u00c9 fundamental que a Justi\u00e7a intervenha neste caso e impe\u00e7a a realiza\u00e7\u00e3o do evento, identificando os envolvidos neste acinte. Tal comemora\u00e7\u00e3o, inclusive, fere a mem\u00f3ria de milhares de israelenses mortos na Faixa de Gaza\u201d, lembra Coimbra.<\/p>\n","protected":false},"excerpt":{"rendered":"<p>Tenente Coimbra (PL-SP) quer desarticular manifesta\u00e7\u00e3o convocada pelo PCO em refer\u00eancia ao ataque iniciado, em&#8230;<\/p>\n","protected":false},"author":1,"featured_media":26231,"comment_status":"open","ping_status":"open","sticky":false,"template":"","format":"standard","meta":{"footnotes":""},"categories":[2],"tags":[],"featured_image_urls":{"full":["https:\/\/novosaopaulo.com.br\/n1\/wp-content\/uploads\/2025\/10\/WhatsApp-Image-2025-10-04-at-14.40.47.jpeg",1600,1066,false],"thumbnail":["https:\/\/novosaopaulo.com.br\/n1\/wp-content\/uploads\/2025\/10\/WhatsApp-Image-2025-10-04-at-14.40.47-150x150.jpeg",150,150,true],"medium":["https:\/\/novosaopaulo.com.br\/n1\/wp-content\/uploads\/2025\/10\/WhatsApp-Image-2025-10-04-at-14.40.47-300x200.jpeg",300,200,true],"medium_large":["https:\/\/novosaopaulo.com.br\/n1\/wp-content\/uploads\/2025\/10\/WhatsApp-Image-2025-10-04-at-14.40.47-768x512.jpeg",640,427,true],"large":["https:\/\/novosaopaulo.com.br\/n1\/wp-content\/uploads\/2025\/10\/WhatsApp-Image-2025-10-04-at-14.40.47-1024x682.jpeg",640,426,true],"1536x1536":["https:\/\/novosaopaulo.com.br\/n1\/wp-content\/uploads\/2025\/10\/WhatsApp-Image-2025-10-04-at-14.40.47-1536x1023.jpeg",1536,1023,true],"2048x2048":["https:\/\/novosaopaulo.com.br\/n1\/wp-content\/uploads\/2025\/10\/WhatsApp-Image-2025-10-04-at-14.40.47.jpeg",1600,1066,false],"newsever-slider-full":["https:\/\/novosaopaulo.com.br\/n1\/wp-content\/uploads\/2025\/10\/WhatsApp-Image-2025-10-04-at-14.40.47-1280x845.jpeg",1280,845,true],"newsever-featured":["https:\/\/novosaopaulo.com.br\/n1\/wp-content\/uploads\/2025\/10\/WhatsApp-Image-2025-10-04-at-14.40.47-1024x682.jpeg",1024,682,true],"newsever-medium":["https:\/\/novosaopaulo.com.br\/n1\/wp-content\/uploads\/2025\/10\/WhatsApp-Image-2025-10-04-at-14.40.47-720x475.jpeg",720,475,true]},"author_info":{"display_name":"Reda\u00e7\u00e3o","author_link":"https:\/\/novosaopaulo.com.br\/n1\/author\/g5poa\/"},"category_info":"<a href=\"https:\/\/novosaopaulo.com.br\/n1\/category\/cidades\/\" rel=\"category tag\">Cidades<\/a>","tag_info":"Cidades","comment_count":"0","_links":{"self":[{"href":"https:\/\/novosaopaulo.com.br\/n1\/wp-json\/wp\/v2\/posts\/26230"}],"collection":[{"href":"https:\/\/novosaopaulo.com.br\/n1\/wp-json\/wp\/v2\/posts"}],"about":[{"href":"https:\/\/novosaopaulo.com.br\/n1\/wp-json\/wp\/v2\/types\/post"}],"author":[{"embeddable":true,"href":"https:\/\/novosaopaulo.com.br\/n1\/wp-json\/wp\/v2\/users\/1"}],"replies":[{"embeddable":true,"href":"https:\/\/novosaopaulo.com.br\/n1\/wp-json\/wp\/v2\/comments?post=26230"}],"version-history":[{"count":1,"href":"https:\/\/novosaopaulo.com.br\/n1\/wp-json\/wp\/v2\/posts\/26230\/revisions"}],"predecessor-version":[{"id":26232,"href":"https:\/\/novosaopaulo.com.br\/n1\/wp-json\/wp\/v2\/posts\/26230\/revisions\/26232"}],"wp:featuredmedia":[{"embeddable":true,"href":"https:\/\/novosaopaulo.com.br\/n1\/wp-json\/wp\/v2\/media\/26231"}],"wp:attachment":[{"href":"https:\/\/novosaopaulo.com.br\/n1\/wp-json\/wp\/v2\/media?parent=26230"}],"wp:term":[{"taxonomy":"category","embeddable":true,"href":"https:\/\/novosaopaulo.com.br\/n1\/wp-json\/wp\/v2\/categories?post=26230"},{"taxonomy":"post_tag","embeddable":true,"href":"https:\/\/novosaopaulo.com.br\/n1\/wp-json\/wp\/v2\/tags?post=26230"}],"curies":[{"name":"wp","href":"https:\/\/api.w.org\/{rel}","templated":true}]}}