{"id":26227,"date":"2025-10-04T13:15:02","date_gmt":"2025-10-04T16:15:02","guid":{"rendered":"https:\/\/novosaopaulo.com.br\/n1\/?p=26227"},"modified":"2025-10-04T13:15:03","modified_gmt":"2025-10-04T16:15:03","slug":"dia-da-adocao-animal-bruna-viola-fala-sobre-sua-missao-com-os-animais-e-reforca-a-importancia-da-adocao-responsavel","status":"publish","type":"post","link":"https:\/\/novosaopaulo.com.br\/n1\/dia-da-adocao-animal-bruna-viola-fala-sobre-sua-missao-com-os-animais-e-reforca-a-importancia-da-adocao-responsavel\/","title":{"rendered":"Dia da Ado\u00e7\u00e3o Animal: Bruna Viola fala sobre sua miss\u00e3o com os animais e refor\u00e7a a import\u00e2ncia da ado\u00e7\u00e3o respons\u00e1vel"},"content":{"rendered":"\n<p>Cantora sertaneja vive cercada por 13 c\u00e3es, a maioria resgatada, e compartilha hist\u00f3rias emocionantes de amor e cuidado, como a recente recupera\u00e7\u00e3o do cachorro Sult\u00e3o<\/p>\n\n\n\n<p>Bruna Viola, uma das vozes mais queridas da m\u00fasica sertaneja, carrega com orgulho um amor que vai al\u00e9m dos palcos. Apaixonada por animais desde a inf\u00e2ncia, a artista dedica parte da sua vida ao cuidado de c\u00e3es e gatos resgatados. Hoje, convive com 13 cachorros, a maioria adotada ap\u00f3s situa\u00e7\u00f5es de abandono ou maus-tratos, e alguns que chegaram por meio de doa\u00e7\u00e3o.A rela\u00e7\u00e3o da cantora com os pets se transformou em uma verdadeira miss\u00e3o de amor e responsabilidade. \u201cEles chegam assustados, doentes, sem confian\u00e7a\u2026 e ver cada um se recuperando, ganhando carinho e voltando a brincar \u00e9 o maior presente. \u00c9 uma troca de amor di\u00e1ria\u201d, conta Bruna.Entre as hist\u00f3rias recentes que marcaram o ano, est\u00e1 a do Sult\u00e3o, um cachorro resgatado em estado delicado de sa\u00fade e que ainda est\u00e1 em processo de recupera\u00e7\u00e3o. \u201cO Sult\u00e3o chegou muito debilitado. Ele est\u00e1 sendo tratado com todo cuidado, cercado de carinho e<br>aten\u00e7\u00e3o. Cada melhora dele \u00e9 uma vit\u00f3ria. \u00c9 emocionante ver como eles t\u00eam vontade de viver\u201d, compartilha a cantora.Com o Dia da Ado\u00e7\u00e3o Animal, celebrado em 4 de outubro, a violeira aproveita o momento para refor\u00e7ar sua mensagem de empatia e responsabilidade. \u201cA ado\u00e7\u00e3o transforma vidas, a deles e a nossa tamb\u00e9m. Amor verdadeiro \u00e9 isso: cuidar, respeitar e estar presente\u201d, conclui Bruna Viola.Sobre Bruna ViolaA paix\u00e3o pela m\u00fasica sertaneja raiz cresceu junto com Bruna Viola, que aos 10 anos ganhou a sua primeira viola e logo j\u00e1 participava de encontro de violeiros. Completando 21 anos de carreira em 2025, a cantora vem se consolidando como um dos grandes nomes da m\u00fasica sertaneja.Ganhadora da 18\u00aa edi\u00e7\u00e3o do Grammy Latino com o \u00e1lbum Melodias do Sert\u00e3o, gravado no Villa Country, ela levou o pr\u00eamio na categoria Melhor \u00c1lbum de M\u00fasica de Ra\u00edzes Brasileiras. Em 2022, al\u00e9m dos projetos musicais, Bruna estreou como protagonista nas telonas com o filme Sistema Bruto, uma com\u00e9dia de a\u00e7\u00e3o do cinema nacional.Bruna Viola percorre o Brasil com seu show, levando no repert\u00f3rio grandes sucessos como \u201cBen\u00e7a\u201d e \u201cDe Cuiab\u00e1 pro Brasil\u201d, parceria com Jo\u00e3o Carreiro, m\u00fasicas que j\u00e1 se consolidaram como destaque em sua carreira e ca\u00edram no gosto do p\u00fablico. Al\u00e9m deles, est\u00e3o entre os seus principais sucessos \u201cSe voc\u00ea voltar\u201d, com a participa\u00e7\u00e3o de C\u00e9sar Menotti e Fabiano, \u201cVoc\u00ea n\u00e3o sabe\u201d, que integrou a trilha sonora da novela das 9 da TV Globo O Outro Lado do Para\u00edso, \u201cQuem \u00e9 que n\u00e3o gosta\u201d, um feat com Bruno e Barreto, \u201cT\u00f4 fazendo falta\u201d e \u201cModa da pinga (Marvada pinga)\u201d, regrava\u00e7\u00e3o da can\u00e7\u00e3o de Inezita Barroso, grande inspira\u00e7\u00e3o para a artista. Tamb\u00e9m se destacam \u201cAmor simpr\u00e3o\u201d, em parceria com Paula Fernandes, e \u201cVida\u201d, lan\u00e7ada em 2024 com participa\u00e7\u00e3o de Chit\u00e3ozinho e Xoror\u00f3.Em 2025, Bruna lan\u00e7ou o projeto audiovisual Bruna Viola Improv\u00e1vel, reafirmando sua capacidade de se reinventar sem perder a ess\u00eancia. Gravado em sua ch\u00e1cara em S\u00e3o Jos\u00e9 do Rio Preto, o trabalho traz uma est\u00e9tica que une o r\u00fastico ao contempor\u00e2neo e conta com oito faixas, entre elas as in\u00e9ditas \u201cApostei Minha Camionete\u201d e \u201cS\u00f3 a Viola que Chora\u201d, que traduzem a autenticidade da artista.<\/p>\n","protected":false},"excerpt":{"rendered":"<p>Cantora sertaneja vive cercada por 13 c\u00e3es, a maioria resgatada, e compartilha hist\u00f3rias emocionantes de&#8230;<\/p>\n","protected":false},"author":1,"featured_media":26228,"comment_status":"open","ping_status":"open","sticky":false,"template":"","format":"standard","meta":{"footnotes":""},"categories":[2],"tags":[],"featured_image_urls":{"full":["https:\/\/novosaopaulo.com.br\/n1\/wp-content\/uploads\/2025\/10\/brunaviola-1.jpg",1344,1210,false],"thumbnail":["https:\/\/novosaopaulo.com.br\/n1\/wp-content\/uploads\/2025\/10\/brunaviola-1-150x150.jpg",150,150,true],"medium":["https:\/\/novosaopaulo.com.br\/n1\/wp-content\/uploads\/2025\/10\/brunaviola-1-300x270.jpg",300,270,true],"medium_large":["https:\/\/novosaopaulo.com.br\/n1\/wp-content\/uploads\/2025\/10\/brunaviola-1-768x691.jpg",640,576,true],"large":["https:\/\/novosaopaulo.com.br\/n1\/wp-content\/uploads\/2025\/10\/brunaviola-1-1024x922.jpg",640,576,true],"1536x1536":["https:\/\/novosaopaulo.com.br\/n1\/wp-content\/uploads\/2025\/10\/brunaviola-1.jpg",1344,1210,false],"2048x2048":["https:\/\/novosaopaulo.com.br\/n1\/wp-content\/uploads\/2025\/10\/brunaviola-1.jpg",1344,1210,false],"newsever-slider-full":["https:\/\/novosaopaulo.com.br\/n1\/wp-content\/uploads\/2025\/10\/brunaviola-1-1280x845.jpg",1280,845,true],"newsever-featured":["https:\/\/novosaopaulo.com.br\/n1\/wp-content\/uploads\/2025\/10\/brunaviola-1-1024x922.jpg",1024,922,true],"newsever-medium":["https:\/\/novosaopaulo.com.br\/n1\/wp-content\/uploads\/2025\/10\/brunaviola-1-720x475.jpg",720,475,true]},"author_info":{"display_name":"Reda\u00e7\u00e3o","author_link":"https:\/\/novosaopaulo.com.br\/n1\/author\/g5poa\/"},"category_info":"<a href=\"https:\/\/novosaopaulo.com.br\/n1\/category\/cidades\/\" rel=\"category tag\">Cidades<\/a>","tag_info":"Cidades","comment_count":"0","_links":{"self":[{"href":"https:\/\/novosaopaulo.com.br\/n1\/wp-json\/wp\/v2\/posts\/26227"}],"collection":[{"href":"https:\/\/novosaopaulo.com.br\/n1\/wp-json\/wp\/v2\/posts"}],"about":[{"href":"https:\/\/novosaopaulo.com.br\/n1\/wp-json\/wp\/v2\/types\/post"}],"author":[{"embeddable":true,"href":"https:\/\/novosaopaulo.com.br\/n1\/wp-json\/wp\/v2\/users\/1"}],"replies":[{"embeddable":true,"href":"https:\/\/novosaopaulo.com.br\/n1\/wp-json\/wp\/v2\/comments?post=26227"}],"version-history":[{"count":1,"href":"https:\/\/novosaopaulo.com.br\/n1\/wp-json\/wp\/v2\/posts\/26227\/revisions"}],"predecessor-version":[{"id":26229,"href":"https:\/\/novosaopaulo.com.br\/n1\/wp-json\/wp\/v2\/posts\/26227\/revisions\/26229"}],"wp:featuredmedia":[{"embeddable":true,"href":"https:\/\/novosaopaulo.com.br\/n1\/wp-json\/wp\/v2\/media\/26228"}],"wp:attachment":[{"href":"https:\/\/novosaopaulo.com.br\/n1\/wp-json\/wp\/v2\/media?parent=26227"}],"wp:term":[{"taxonomy":"category","embeddable":true,"href":"https:\/\/novosaopaulo.com.br\/n1\/wp-json\/wp\/v2\/categories?post=26227"},{"taxonomy":"post_tag","embeddable":true,"href":"https:\/\/novosaopaulo.com.br\/n1\/wp-json\/wp\/v2\/tags?post=26227"}],"curies":[{"name":"wp","href":"https:\/\/api.w.org\/{rel}","templated":true}]}}