{"id":26180,"date":"2025-09-30T18:22:12","date_gmt":"2025-09-30T21:22:12","guid":{"rendered":"https:\/\/novosaopaulo.com.br\/n1\/?p=26180"},"modified":"2025-09-30T18:22:13","modified_gmt":"2025-09-30T21:22:13","slug":"psiquiatra-daniela-bordini-fala-sobre-inclusao-de-pessoas-autistas-no-mercado-de-trabalho-no-conexao-cog-dia-04-10-em-alphaville","status":"publish","type":"post","link":"https:\/\/novosaopaulo.com.br\/n1\/psiquiatra-daniela-bordini-fala-sobre-inclusao-de-pessoas-autistas-no-mercado-de-trabalho-no-conexao-cog-dia-04-10-em-alphaville\/","title":{"rendered":"Psiquiatra Daniela Bordini fala sobre inclus\u00e3o de pessoas autistas no mercado de trabalho no Conex\u00e3o COG, dia 04.10, em Alphaville"},"content":{"rendered":"\n<p>Especialista em psiquiatria e refer\u00eancia nacional em autismo, a Dra. Daniela Bordini \u00e9 uma das palestrantes do Conex\u00e3o COG \u2013 Autismo e Arte, que acontece de 3 a 30 de outubro de 2025, em Alphaville (Barueri \u2013 SP). A m\u00e9dica participa do semin\u00e1rio no dia 4 de outubro, \u00e0s 10h10, no Centro de Conven\u00e7\u00f5es Paulo Machado de Carvalho, com a palestra \u201cMitos e Verdades sobre o Autismo\u201d.<br>Com expectativa de receber cerca de 300 pessoas por dia, o semin\u00e1rio acontece nos dias 3 e 4 de outubro, reunindo renomados palestrantes, incluindo Marco T\u00falio Lara (Jota Quest) falando sobre \u201cSem Medo do Futuro\u201d e Rodrigo Aquino \u2013 refer\u00eancia em Felicidade Corporativa, dentre outros.<br>Com carreira dedicada \u00e0 sa\u00fade p\u00fablica e \u00e0 popula\u00e7\u00e3o mais vulner\u00e1vel, Daniela Bordini \u00e9 diretora-geral do Centro de Autismo da Unifesp, institui\u00e7\u00e3o que coordena de forma volunt\u00e1ria desde 2011. Ela atua com pessoas no espectro autista da inf\u00e2ncia \u00e0 vida adulta, conduzindo pesquisas e atendimento com foco em inclus\u00e3o, diagn\u00f3stico precoce e suporte a fam\u00edlias. Daniela tamb\u00e9m integra o quadro &#8220;Pode Perguntar&#8221;, exibido semanalmente no Fant\u00e1stico, da TV Globo.<br>Durante o Conex\u00e3o COG, a especialista aborda os desafios da inclus\u00e3o de pessoas autistas no mercado de trabalho, alertando que, apesar dos avan\u00e7os, o cen\u00e1rio ainda est\u00e1 longe do ideal.<br>\u201cApenas uma pequena parcela de pessoas autistas consegue ser inserida no mercado de trabalho formal. Isso acontece porque, muitas vezes, as empresas ainda n\u00e3o compreendem a diversidade dentro do espectro. H\u00e1 autistas com habilidades incr\u00edveis, acima da m\u00e9dia, mas que enfrentam barreiras justamente nos processos de recrutamento \u2013 como entrevistas presenciais, que muitas vezes n\u00e3o s\u00e3o adequadas para avaliar o potencial real dessas pessoas\u201d, destaca a psiquiatra.<br>Segundo Daniela, \u00e9 preciso criar alternativas pr\u00e1ticas para as empresas conhecerem melhor os perfis neurodivergentes, com ferramentas de avalia\u00e7\u00e3o mais inclusivas e treinamentos internos voltados a gestores e equipes de RH. Ela tamb\u00e9m refor\u00e7a que o trabalho tem papel fundamental no processo de autoestima e pertencimento dessas pessoas.<br>\u201cQuando inclu\u00edmos com respeito e prop\u00f3sito, o resultado \u00e9 transformador. O trabalho faz com que a pessoa autista se sinta \u00fatil, valorizada e empoderada. A inclus\u00e3o verdadeira vai al\u00e9m da contrata\u00e7\u00e3o. \u00c9 sobre criar ambientes seguros, estimulantes e nos quais as potencialidades possam florescer\u201d, afirma a Dra. Daniela Bordini.<br>Conex\u00e3o COG \u2013 Autismo e Arte \u00e9 um evento in\u00e9dito, realizado pelo Instituto COG Life Arts, com apoio do Minist\u00e9rio da Cultura via Lei Rouanet e patroc\u00ednio da Total Express. Ao longo de outubro, o projeto promove uma jornada multidisciplinar com foco na inclus\u00e3o real de pessoas neurodivergentes, especialmente autistas, por meio da arte, informa\u00e7\u00e3o e movimento.<br>Com programa\u00e7\u00e3o rica e integrada, o evento \u00e9 estruturado em quatro pilares:<br>Semin\u00e1rio (3 e 4\/10), com grandes nomes da arte, ci\u00eancia e inclus\u00e3o, al\u00e9m de interven\u00e7\u00f5es art\u00edsticas e musicais, com artistas autistas e neurodivergentes; Corrida Cultural (5\/10), no Parque Ecol\u00f3gico de Alphaville; Exposi\u00e7\u00e3o de Arte com Acessibilidade, no Shopping Flamingo ((8 a 30\/10).<br>\u201cA proposta do Conex\u00e3o COG \u00e9 sensibilizar a sociedade, fomentar o debate sobre inclus\u00e3o nas empresas e mostrar que incluir \u00e9 mais simples do que parece \u00e9 uma quest\u00e3o de conhecimento, empatia e a\u00e7\u00e3o pr\u00e1tica\u201d, refor\u00e7a Fl\u00e1via Gusm\u00e3o, fundadora da Cog Life Arts.<\/p>\n\n\n\n<p>Servi\u00e7o<br>Conex\u00e3o COG \u2013 Autismo e Arte<br>Data: 3 a 30 de outubro de 2025<br>Locais:<\/p>\n\n\n\n<ul>\n<li>Semin\u00e1rio: Centro de Conven\u00e7\u00f5es Paulo Machado \u2013 Avenida Copacabana, 190, 3\u00ba andar, Alphaville\/SP \u2013 3 e 4\/10, das 9h \u00e0s 16h<\/li>\n\n\n\n<li>Corrida Cultural: Parque Ecol\u00f3gico de Alphaville \u2013 5\/10<\/li>\n\n\n\n<li>Exposi\u00e7\u00e3o + Oficinas: Shopping Flamingo \u2013 Alameda Araguaia, Pra\u00e7a de Alimenta\u00e7\u00e3o \u2013 8 a 30\/10, hor\u00e1rio de funcionamento do shopping<\/li>\n<\/ul>\n\n\n\n<p>Inscri\u00e7\u00f5es:<br>Semin\u00e1rio: Conex\u00e3o Cog Autismo e Arte &#8211; Semin\u00e1rio O Valor de Incluir: Diversidade e Bem Estar Coletivo<br>https:\/\/www.sympla.com.br\/evento\/conexao-cog-autismo-e-arte-seminario-o-valor-de-incluir-diversidade-e-bem-estar-coletivo\/3086581?token=ca42efd206fc069bbfd82f4b5a43f4c8&amp;referrer=linktr.ee<br>Corrida Cultural &#8211; Conex\u00e3o Cog Autismo e Arte<br>https:\/\/www.sympla.com.br\/evento\/corrida-cultural-conexao-cog-autismo-e-arte\/3084481<\/p>\n\n\n\n<p>Instagram: @coglifearts<\/p>\n","protected":false},"excerpt":{"rendered":"<p>Especialista em psiquiatria e refer\u00eancia nacional em autismo, a Dra. Daniela Bordini \u00e9 uma das&#8230;<\/p>\n","protected":false},"author":1,"featured_media":26181,"comment_status":"open","ping_status":"open","sticky":false,"template":"","format":"standard","meta":{"footnotes":""},"categories":[2],"tags":[],"featured_image_urls":{"full":["https:\/\/novosaopaulo.com.br\/n1\/wp-content\/uploads\/2025\/09\/WhatsApp-Image-2025-09-30-at-16.39.14.jpeg",347,540,false],"thumbnail":["https:\/\/novosaopaulo.com.br\/n1\/wp-content\/uploads\/2025\/09\/WhatsApp-Image-2025-09-30-at-16.39.14-150x150.jpeg",150,150,true],"medium":["https:\/\/novosaopaulo.com.br\/n1\/wp-content\/uploads\/2025\/09\/WhatsApp-Image-2025-09-30-at-16.39.14-193x300.jpeg",193,300,true],"medium_large":["https:\/\/novosaopaulo.com.br\/n1\/wp-content\/uploads\/2025\/09\/WhatsApp-Image-2025-09-30-at-16.39.14.jpeg",347,540,false],"large":["https:\/\/novosaopaulo.com.br\/n1\/wp-content\/uploads\/2025\/09\/WhatsApp-Image-2025-09-30-at-16.39.14.jpeg",347,540,false],"1536x1536":["https:\/\/novosaopaulo.com.br\/n1\/wp-content\/uploads\/2025\/09\/WhatsApp-Image-2025-09-30-at-16.39.14.jpeg",347,540,false],"2048x2048":["https:\/\/novosaopaulo.com.br\/n1\/wp-content\/uploads\/2025\/09\/WhatsApp-Image-2025-09-30-at-16.39.14.jpeg",347,540,false],"newsever-slider-full":["https:\/\/novosaopaulo.com.br\/n1\/wp-content\/uploads\/2025\/09\/WhatsApp-Image-2025-09-30-at-16.39.14.jpeg",347,540,false],"newsever-featured":["https:\/\/novosaopaulo.com.br\/n1\/wp-content\/uploads\/2025\/09\/WhatsApp-Image-2025-09-30-at-16.39.14.jpeg",347,540,false],"newsever-medium":["https:\/\/novosaopaulo.com.br\/n1\/wp-content\/uploads\/2025\/09\/WhatsApp-Image-2025-09-30-at-16.39.14-347x475.jpeg",347,475,true]},"author_info":{"display_name":"Reda\u00e7\u00e3o","author_link":"https:\/\/novosaopaulo.com.br\/n1\/author\/g5poa\/"},"category_info":"<a href=\"https:\/\/novosaopaulo.com.br\/n1\/category\/cidades\/\" rel=\"category tag\">Cidades<\/a>","tag_info":"Cidades","comment_count":"0","_links":{"self":[{"href":"https:\/\/novosaopaulo.com.br\/n1\/wp-json\/wp\/v2\/posts\/26180"}],"collection":[{"href":"https:\/\/novosaopaulo.com.br\/n1\/wp-json\/wp\/v2\/posts"}],"about":[{"href":"https:\/\/novosaopaulo.com.br\/n1\/wp-json\/wp\/v2\/types\/post"}],"author":[{"embeddable":true,"href":"https:\/\/novosaopaulo.com.br\/n1\/wp-json\/wp\/v2\/users\/1"}],"replies":[{"embeddable":true,"href":"https:\/\/novosaopaulo.com.br\/n1\/wp-json\/wp\/v2\/comments?post=26180"}],"version-history":[{"count":1,"href":"https:\/\/novosaopaulo.com.br\/n1\/wp-json\/wp\/v2\/posts\/26180\/revisions"}],"predecessor-version":[{"id":26182,"href":"https:\/\/novosaopaulo.com.br\/n1\/wp-json\/wp\/v2\/posts\/26180\/revisions\/26182"}],"wp:featuredmedia":[{"embeddable":true,"href":"https:\/\/novosaopaulo.com.br\/n1\/wp-json\/wp\/v2\/media\/26181"}],"wp:attachment":[{"href":"https:\/\/novosaopaulo.com.br\/n1\/wp-json\/wp\/v2\/media?parent=26180"}],"wp:term":[{"taxonomy":"category","embeddable":true,"href":"https:\/\/novosaopaulo.com.br\/n1\/wp-json\/wp\/v2\/categories?post=26180"},{"taxonomy":"post_tag","embeddable":true,"href":"https:\/\/novosaopaulo.com.br\/n1\/wp-json\/wp\/v2\/tags?post=26180"}],"curies":[{"name":"wp","href":"https:\/\/api.w.org\/{rel}","templated":true}]}}