{"id":26168,"date":"2025-09-30T18:16:38","date_gmt":"2025-09-30T21:16:38","guid":{"rendered":"https:\/\/novosaopaulo.com.br\/n1\/?p=26168"},"modified":"2025-09-30T18:16:39","modified_gmt":"2025-09-30T21:16:39","slug":"suzano-investe-na-capacitacao-de-talentos-e-no-fortalecimento-da-industria-papeleira","status":"publish","type":"post","link":"https:\/\/novosaopaulo.com.br\/n1\/suzano-investe-na-capacitacao-de-talentos-e-no-fortalecimento-da-industria-papeleira\/","title":{"rendered":"Suzano investe na capacita\u00e7\u00e3o de talentos e no fortalecimento da ind\u00fastria papeleira"},"content":{"rendered":"\n<p>Com programas de qualifica\u00e7\u00e3o e oportunidades de desenvolvimento profissional, a empresa celebra o M\u00eas do Papeleiro, valorizando profissionais do setorEm celebra\u00e7\u00e3o ao M\u00eas do Papeleiro, a Suzano, maior produtora mundial de celulose e refer\u00eancia global na fabrica\u00e7\u00e3o de bioprodutos a partir do eucalipto, destaca a import\u00e2ncia dos(as) profissionais que impulsionam a ind\u00fastria e refor\u00e7a seu compromisso com o desenvolvimento e a valoriza\u00e7\u00e3o cont\u00ednua desses talentos. Na regi\u00e3o do Alto Tiet\u00ea (SP), a atua\u00e7\u00e3o da companhia gera impacto direto na vida de milhares de pessoas, promovendo qualifica\u00e7\u00e3o, gera\u00e7\u00e3o de empregos e desenvolvimento sustent\u00e1vel.&#8221;Investir no crescimento profissional \u00e9 investir no progresso das comunidades onde atuamos. Na regi\u00e3o do Alto Tiet\u00ea, buscamos abrir portas para que talentos locais se desenvolvam e construam carreiras duradouras. Nosso direcionador, que afirma que &#8216;s\u00f3 \u00e9 bom para n\u00f3s se for bom para o mundo&#8217;, guia cada a\u00e7\u00e3o que promovemos. Essas iniciativas criam oportunidades de aprendizado e crescimento, impactando positivamente a economia local e a vida das pessoas da regi\u00e3o&#8221;, afirma Reiner Ricardo de Oliveira Santos, gerente de Gente e Gest\u00e3o da Suzano.Em Mogi das Cruzes, a empresa investe em programas de integra\u00e7\u00e3o social voltados para aprendizes da Guarda Mirim e para estagi\u00e1rios(as) t\u00e9cnicos e de n\u00edvel superior, com foco na forma\u00e7\u00e3o pr\u00e1tica e no acompanhamento cont\u00ednuo. J\u00e1 em Suzano, a companhia desenvolve iniciativas direcionadas a jovens em situa\u00e7\u00e3o de vulnerabilidade social. As capacita\u00e7\u00f5es oferecem forma\u00e7\u00e3o t\u00e9cnica e profissional qualificada, contribuindo para o desenvolvimento dos jovens nas regi\u00f5es onde a Suzano atua. Al\u00e9m disso, os(as) participantes t\u00eam a oportunidade de serem efetivados(as) e, posteriormente, integrar programas de desenvolvimento que incluem treinamentos, mentorias e projetos-desafio.Hist\u00f3rias que inspiramA trajet\u00f3ria de colaboradores(as) que ingressaram na Suzano por meio de programas de porta de entrada e cresceram na companhia refor\u00e7a o impacto dessas iniciativas. Nas unidades da empresa no Alto Tiet\u00ea, destacam-se os casos de Marina de Freitas Rodrigues Quintiliano, que iniciou por meio do Programa de Est\u00e1gio da Suzano e atualmente \u00e9 Engenheira de Processos S\u00eanior da Unidade Mogi das Cruzes, e de Braion Oliveira Silva, que come\u00e7ou como aluno de um programa de capacita\u00e7\u00e3o e hoje atua como instrumentista de Manuten\u00e7\u00e3o na Unidade Suzano.Para Marina de Freitas Rodrigues Quintiliano, o programa representou a realiza\u00e7\u00e3o de um sonho. \u201cIniciei o est\u00e1gio enquanto conclu\u00eda a faculdade e buscava efetiva\u00e7\u00e3o. Apesar da dist\u00e2ncia e da pouca experi\u00eancia, fui acolhida e percebi rapidamente que estava no caminho certo. Mais do que experi\u00eancia, encontrei a oportunidade de exercer a profiss\u00e3o que sempre almejei.\u201d<br>A trajet\u00f3ria de Braion Oliveira Silva tamb\u00e9m refor\u00e7a o impacto dos programas de porta de entrada da companhia. \u201cVivi dez meses de intenso aprendizado. O primeiro contato com as m\u00e1quinas de papel foi marcante e mostrou que eu poderia unir minha afinidade pela manuten\u00e7\u00e3o a um processo capaz de impactar milhares de pessoas. Essa experi\u00eancia trouxe seguran\u00e7a, estabilidade e orgulho de fazer parte dessa hist\u00f3ria.\u201d Sobre a SuzanoA Suzano \u00e9 a maior produtora mundial de celulose, uma das maiores fabricantes de pap\u00e9is da Am\u00e9rica Latina e l\u00edder no segmento de papel higi\u00eanico no Brasil. A companhia adota as melhores pr\u00e1ticas de inova\u00e7\u00e3o e sustentabilidade para desenvolver produtos e solu\u00e7\u00f5es a partir de mat\u00e9ria-prima renov\u00e1vel. Os produtos da Suzano est\u00e3o presentes na vida de mais de 2 bilh\u00f5es de pessoas, cerca de 25% da popula\u00e7\u00e3o mundial, e incluem celulose; itens para higiene pessoal como papel higi\u00eanico e guardanapos; pap\u00e9is para embalagens, copos e canudos; pap\u00e9is para imprimir e escrever, entre outros produtos desenvolvidos para atender \u00e0 crescente necessidade do planeta por itens mais sustent\u00e1veis. Entre suas marcas no Brasil est\u00e3o Neve\u00ae, P\u00f3len\u00ae, Suzano Report\u00ae, Mimmo\u00ae, entre outras. Com sede no Brasil e opera\u00e7\u00f5es na Am\u00e9rica Latina, Am\u00e9rica do Norte, Europa e \u00c1sia, a empresa tem mais de 100 anos de hist\u00f3ria e a\u00e7\u00f5es negociadas nas bolsas do Brasil (SUZB3) e dos Estados Unidos (SUZ). Saiba mais em: suzano.com.br<\/p>\n\n\n<div class=\"wp-block-image\">\n<figure class=\"aligncenter size-full\"><img fetchpriority=\"high\" decoding=\"async\" width=\"683\" height=\"375\" src=\"https:\/\/novosaopaulo.com.br\/n1\/wp-content\/uploads\/2025\/09\/WhatsApp-Image-2025-09-30-at-11.59.34.jpeg\" alt=\"\" class=\"wp-image-26170\" srcset=\"https:\/\/novosaopaulo.com.br\/n1\/wp-content\/uploads\/2025\/09\/WhatsApp-Image-2025-09-30-at-11.59.34.jpeg 683w, https:\/\/novosaopaulo.com.br\/n1\/wp-content\/uploads\/2025\/09\/WhatsApp-Image-2025-09-30-at-11.59.34-300x165.jpeg 300w\" sizes=\"(max-width: 683px) 100vw, 683px\" \/><\/figure><\/div>","protected":false},"excerpt":{"rendered":"<p>Com programas de qualifica\u00e7\u00e3o e oportunidades de desenvolvimento profissional, a empresa celebra o M\u00eas do&#8230;<\/p>\n","protected":false},"author":1,"featured_media":26169,"comment_status":"open","ping_status":"open","sticky":false,"template":"","format":"standard","meta":{"footnotes":""},"categories":[34],"tags":[],"featured_image_urls":{"full":["https:\/\/novosaopaulo.com.br\/n1\/wp-content\/uploads\/2025\/09\/WhatsApp-Image-2025-09-30-at-11.59.35.jpeg",588,350,false],"thumbnail":["https:\/\/novosaopaulo.com.br\/n1\/wp-content\/uploads\/2025\/09\/WhatsApp-Image-2025-09-30-at-11.59.35-150x150.jpeg",150,150,true],"medium":["https:\/\/novosaopaulo.com.br\/n1\/wp-content\/uploads\/2025\/09\/WhatsApp-Image-2025-09-30-at-11.59.35-300x179.jpeg",300,179,true],"medium_large":["https:\/\/novosaopaulo.com.br\/n1\/wp-content\/uploads\/2025\/09\/WhatsApp-Image-2025-09-30-at-11.59.35.jpeg",588,350,false],"large":["https:\/\/novosaopaulo.com.br\/n1\/wp-content\/uploads\/2025\/09\/WhatsApp-Image-2025-09-30-at-11.59.35.jpeg",588,350,false],"1536x1536":["https:\/\/novosaopaulo.com.br\/n1\/wp-content\/uploads\/2025\/09\/WhatsApp-Image-2025-09-30-at-11.59.35.jpeg",588,350,false],"2048x2048":["https:\/\/novosaopaulo.com.br\/n1\/wp-content\/uploads\/2025\/09\/WhatsApp-Image-2025-09-30-at-11.59.35.jpeg",588,350,false],"newsever-slider-full":["https:\/\/novosaopaulo.com.br\/n1\/wp-content\/uploads\/2025\/09\/WhatsApp-Image-2025-09-30-at-11.59.35.jpeg",588,350,false],"newsever-featured":["https:\/\/novosaopaulo.com.br\/n1\/wp-content\/uploads\/2025\/09\/WhatsApp-Image-2025-09-30-at-11.59.35.jpeg",588,350,false],"newsever-medium":["https:\/\/novosaopaulo.com.br\/n1\/wp-content\/uploads\/2025\/09\/WhatsApp-Image-2025-09-30-at-11.59.35.jpeg",588,350,false]},"author_info":{"display_name":"Reda\u00e7\u00e3o","author_link":"https:\/\/novosaopaulo.com.br\/n1\/author\/g5poa\/"},"category_info":"<a href=\"https:\/\/novosaopaulo.com.br\/n1\/category\/alto-tiete\/\" rel=\"category tag\">Alto Tiet\u00ea<\/a>","tag_info":"Alto Tiet\u00ea","comment_count":"0","_links":{"self":[{"href":"https:\/\/novosaopaulo.com.br\/n1\/wp-json\/wp\/v2\/posts\/26168"}],"collection":[{"href":"https:\/\/novosaopaulo.com.br\/n1\/wp-json\/wp\/v2\/posts"}],"about":[{"href":"https:\/\/novosaopaulo.com.br\/n1\/wp-json\/wp\/v2\/types\/post"}],"author":[{"embeddable":true,"href":"https:\/\/novosaopaulo.com.br\/n1\/wp-json\/wp\/v2\/users\/1"}],"replies":[{"embeddable":true,"href":"https:\/\/novosaopaulo.com.br\/n1\/wp-json\/wp\/v2\/comments?post=26168"}],"version-history":[{"count":1,"href":"https:\/\/novosaopaulo.com.br\/n1\/wp-json\/wp\/v2\/posts\/26168\/revisions"}],"predecessor-version":[{"id":26171,"href":"https:\/\/novosaopaulo.com.br\/n1\/wp-json\/wp\/v2\/posts\/26168\/revisions\/26171"}],"wp:featuredmedia":[{"embeddable":true,"href":"https:\/\/novosaopaulo.com.br\/n1\/wp-json\/wp\/v2\/media\/26169"}],"wp:attachment":[{"href":"https:\/\/novosaopaulo.com.br\/n1\/wp-json\/wp\/v2\/media?parent=26168"}],"wp:term":[{"taxonomy":"category","embeddable":true,"href":"https:\/\/novosaopaulo.com.br\/n1\/wp-json\/wp\/v2\/categories?post=26168"},{"taxonomy":"post_tag","embeddable":true,"href":"https:\/\/novosaopaulo.com.br\/n1\/wp-json\/wp\/v2\/tags?post=26168"}],"curies":[{"name":"wp","href":"https:\/\/api.w.org\/{rel}","templated":true}]}}