{"id":26159,"date":"2025-09-29T16:13:18","date_gmt":"2025-09-29T19:13:18","guid":{"rendered":"https:\/\/novosaopaulo.com.br\/n1\/?p=26159"},"modified":"2025-09-29T16:13:19","modified_gmt":"2025-09-29T19:13:19","slug":"camara-de-suzano-entrega-amanha-30-medalha-antonio-marques-figueira-a-interprete-de-libras","status":"publish","type":"post","link":"https:\/\/novosaopaulo.com.br\/n1\/camara-de-suzano-entrega-amanha-30-medalha-antonio-marques-figueira-a-interprete-de-libras\/","title":{"rendered":"C\u00e2mara de Suzano entrega amanh\u00e3 (30) Medalha Ant\u00f4nio Marques Figueira a int\u00e9rprete de Libras"},"content":{"rendered":"\n<p>A C\u00e2mara de Suzano realizar\u00e1 amanh\u00e3 (30) uma sess\u00e3o solene para a entrega da Medalha Ant\u00f4nio Marques Figueira para a int\u00e9rprete da L\u00edngua Brasileira de Sinais (Libras) Claudia Oliveira. O autor da honraria \u00e9 o vereador Artur Takayama (PL), que foi aprovada por unanimidade.<\/p>\n\n\n\n<p>Claudia Oliveira \u00e9 casada, tem tr\u00eas filhos e quatro netos. Natural de S\u00e3o Jos\u00e9 dos Campos, veio para Suzano aos 2 anos de idade.<\/p>\n\n\n\n<p>Come\u00e7ou a ter contato com a comunidade surda em 1994. \u00c9 graduada em Pedagogia e em Letras-Libras e p\u00f3s-graduanda em Educa\u00e7\u00e3o Especial e Libras.<\/p>\n\n\n\n<p>Claudia \u00e9 servidora p\u00fablica da Prefeitura de Suzano desde 1990 e, desde 2014, atua na Educa\u00e7\u00e3o Especial. Atuante na \u00e1rea de Libras h\u00e1 mais de 15 anos, tem experi\u00eancia em interpreta\u00e7\u00e3o educacional, palestras, workshops, eventos culturais, apresenta\u00e7\u00f5es teatrais, musicais, curta metragens, m\u00e9dia metragem e \u00e1reas jur\u00eddica e pol\u00edtica.<\/p>\n\n\n\n<p>\u201cProfissionais como Claudia Oliveira enaltecem o nome da cidade e do pa\u00eds mundo afora\u201d, afirmou Takayama na justificativa do projeto de decreto legislativo.<\/p>\n\n\n\n<p>Participe<\/p>\n\n\n\n<p>A sess\u00e3o solene \u00e9 aberta ao p\u00fablico e pode ser acompanhada na sede do Legislativo suzanense (rua dos Tr\u00eas Poderes, 65, Jardim Paulista) ou online, com transmiss\u00e3o pelo canal TV C\u00e2mara Suzano no YouTube (www.youtube.com\/TVCamaraDeSuzano) e pela p\u00e1gina da Casa de Leis no Facebook (www.facebook.com\/camarasuzano).<\/p>\n","protected":false},"excerpt":{"rendered":"<p>A C\u00e2mara de Suzano realizar\u00e1 amanh\u00e3 (30) uma sess\u00e3o solene para a entrega da Medalha&#8230;<\/p>\n","protected":false},"author":1,"featured_media":26160,"comment_status":"open","ping_status":"open","sticky":false,"template":"","format":"standard","meta":{"footnotes":""},"categories":[34],"tags":[],"featured_image_urls":{"full":["https:\/\/novosaopaulo.com.br\/n1\/wp-content\/uploads\/2025\/09\/WhatsApp-Image-2025-09-29-at-15.27.29.jpeg",1280,852,false],"thumbnail":["https:\/\/novosaopaulo.com.br\/n1\/wp-content\/uploads\/2025\/09\/WhatsApp-Image-2025-09-29-at-15.27.29-150x150.jpeg",150,150,true],"medium":["https:\/\/novosaopaulo.com.br\/n1\/wp-content\/uploads\/2025\/09\/WhatsApp-Image-2025-09-29-at-15.27.29-300x200.jpeg",300,200,true],"medium_large":["https:\/\/novosaopaulo.com.br\/n1\/wp-content\/uploads\/2025\/09\/WhatsApp-Image-2025-09-29-at-15.27.29-768x511.jpeg",640,426,true],"large":["https:\/\/novosaopaulo.com.br\/n1\/wp-content\/uploads\/2025\/09\/WhatsApp-Image-2025-09-29-at-15.27.29-1024x682.jpeg",640,426,true],"1536x1536":["https:\/\/novosaopaulo.com.br\/n1\/wp-content\/uploads\/2025\/09\/WhatsApp-Image-2025-09-29-at-15.27.29.jpeg",1280,852,false],"2048x2048":["https:\/\/novosaopaulo.com.br\/n1\/wp-content\/uploads\/2025\/09\/WhatsApp-Image-2025-09-29-at-15.27.29.jpeg",1280,852,false],"newsever-slider-full":["https:\/\/novosaopaulo.com.br\/n1\/wp-content\/uploads\/2025\/09\/WhatsApp-Image-2025-09-29-at-15.27.29-1280x845.jpeg",1280,845,true],"newsever-featured":["https:\/\/novosaopaulo.com.br\/n1\/wp-content\/uploads\/2025\/09\/WhatsApp-Image-2025-09-29-at-15.27.29-1024x682.jpeg",1024,682,true],"newsever-medium":["https:\/\/novosaopaulo.com.br\/n1\/wp-content\/uploads\/2025\/09\/WhatsApp-Image-2025-09-29-at-15.27.29-720x475.jpeg",720,475,true]},"author_info":{"display_name":"Reda\u00e7\u00e3o","author_link":"https:\/\/novosaopaulo.com.br\/n1\/author\/g5poa\/"},"category_info":"<a href=\"https:\/\/novosaopaulo.com.br\/n1\/category\/alto-tiete\/\" rel=\"category tag\">Alto Tiet\u00ea<\/a>","tag_info":"Alto Tiet\u00ea","comment_count":"0","_links":{"self":[{"href":"https:\/\/novosaopaulo.com.br\/n1\/wp-json\/wp\/v2\/posts\/26159"}],"collection":[{"href":"https:\/\/novosaopaulo.com.br\/n1\/wp-json\/wp\/v2\/posts"}],"about":[{"href":"https:\/\/novosaopaulo.com.br\/n1\/wp-json\/wp\/v2\/types\/post"}],"author":[{"embeddable":true,"href":"https:\/\/novosaopaulo.com.br\/n1\/wp-json\/wp\/v2\/users\/1"}],"replies":[{"embeddable":true,"href":"https:\/\/novosaopaulo.com.br\/n1\/wp-json\/wp\/v2\/comments?post=26159"}],"version-history":[{"count":1,"href":"https:\/\/novosaopaulo.com.br\/n1\/wp-json\/wp\/v2\/posts\/26159\/revisions"}],"predecessor-version":[{"id":26161,"href":"https:\/\/novosaopaulo.com.br\/n1\/wp-json\/wp\/v2\/posts\/26159\/revisions\/26161"}],"wp:featuredmedia":[{"embeddable":true,"href":"https:\/\/novosaopaulo.com.br\/n1\/wp-json\/wp\/v2\/media\/26160"}],"wp:attachment":[{"href":"https:\/\/novosaopaulo.com.br\/n1\/wp-json\/wp\/v2\/media?parent=26159"}],"wp:term":[{"taxonomy":"category","embeddable":true,"href":"https:\/\/novosaopaulo.com.br\/n1\/wp-json\/wp\/v2\/categories?post=26159"},{"taxonomy":"post_tag","embeddable":true,"href":"https:\/\/novosaopaulo.com.br\/n1\/wp-json\/wp\/v2\/tags?post=26159"}],"curies":[{"name":"wp","href":"https:\/\/api.w.org\/{rel}","templated":true}]}}