{"id":26156,"date":"2025-09-29T16:12:30","date_gmt":"2025-09-29T19:12:30","guid":{"rendered":"https:\/\/novosaopaulo.com.br\/n1\/?p=26156"},"modified":"2025-09-29T16:12:31","modified_gmt":"2025-09-29T19:12:31","slug":"maior-feira-de-vinhos-das-americas-acontece-em-sp-e-trara-donos-de-vinicolas-famosas-de-diversos-paises","status":"publish","type":"post","link":"https:\/\/novosaopaulo.com.br\/n1\/maior-feira-de-vinhos-das-americas-acontece-em-sp-e-trara-donos-de-vinicolas-famosas-de-diversos-paises\/","title":{"rendered":"Maior feira de vinhos das Am\u00e9ricas acontece em SP e trar\u00e1 donos de vin\u00edcolas famosas de diversos pa\u00edses"},"content":{"rendered":"\n<p>A atra\u00e7\u00e3o ser\u00e1 promovida em parceria com expositores, entre eles a importadora MMV, que traz um time internacional de produtores de vinho para participar da Prowine 2025<\/p>\n\n\n\n<p>A Prowine, maior feira profissional de vinhos e destilados das Am\u00e9ricas, ter\u00e1 uma programa\u00e7\u00e3o recheada com a experi\u00eancia de quem mais entende de vinhos. A edi\u00e7\u00e3o 2025, que acontece de 30 de setembro a 2 de outubro, no Expo Center Norte, trar\u00e1 representantes e propriet\u00e1rios de vin\u00edcolas de destaque internacional.<\/p>\n\n\n\n<p>A a\u00e7\u00e3o \u00e9 organizada com expositoras como a MMV Importadora, de Curitiba, e objetiva criar um ambiente de intera\u00e7\u00e3o direta entre produtores e visitantes, fortalecendo la\u00e7os e apresentando novos r\u00f3tulos ao mercado. A empresa trar\u00e1 nomes de peso da Argentina, Espanha e It\u00e1lia, como Cinco Sentidos, Murua, Pagos de Araiz, Fillaboa, Borgofulvia, Il Poggiarello e Inserrata.<\/p>\n\n\n\n<p>A MMV vive um momento hist\u00f3rico: celebra 20 anos de atua\u00e7\u00e3o no setor, acelera sua expans\u00e3o nacional e se prepara para a feira com grandes expectativas. \u201cSer\u00e1 uma oportunidade para dialogar com clientes e representantes de todas as regi\u00f5es do Brasil, ampliar mercado e, al\u00e9m disso, atrair novos profissionais de vendas em busca de oportunidades no evento\u201d, destaca Jonas Martins, diretor comercial da empresa.<\/p>\n\n\n\n<p>O Brasil, embora ainda apresente um baixo consumo per capita de vinho quando comparado a mercados tradicionais como Fran\u00e7a, It\u00e1lia ou Chile, vem registrando crescimento. Segundo a OIV (Organiza\u00e7\u00e3o Internacional da Vinha e do Vinho), o pa\u00eds aparece entre os 20 maiores consumidores globais, com um mercado em expans\u00e3o e cada vez mais diversificado.<\/p>\n\n\n\n<p>\u201cEventos como a Prowine s\u00e3o fundamentais para fortalecer a cultura do vinho no Brasil, ao reunir importadores, produtores e decisores em um mesmo espa\u00e7o\u201d, refor\u00e7a Jonas Martins.<\/p>\n\n\n\n<p>Est\u00e3o sendo esperados para o evento 15 mil visitantes qualificados, 1.400 marcas internacionais e representantes de 34 pa\u00edses.<\/p>\n\n\n\n<p>Expans\u00e3o para Campinas e novos horizontes<\/p>\n\n\n\n<p>A presen\u00e7a na feira dialoga com outro movimento da MMV, como a recente abertura de uma filial em Campinas (SP). O novo centro de distribui\u00e7\u00e3o busca agilizar a log\u00edstica e fortalecer a presen\u00e7a da empresa no maior mercado consumidor de vinhos do pa\u00eds.<\/p>\n\n\n\n<p>\u201cA decis\u00e3o foi estrat\u00e9gica. Campinas \u00e9 um polo log\u00edstico nacional que nos permite atender o interior paulista, a capital e at\u00e9 o Nordeste de forma mais \u00e1gil e competitiva. Al\u00e9m disso, traz ganhos tribut\u00e1rios que reduzem custos para nossos clientes\u201d, explica o diretor.<\/p>\n\n\n\n<p>Com a matriz mantida em Curitiba (PR), o pr\u00f3ximo passo, segundo a empresa, deve ser a abertura de uma unidade no Nordeste, consolidando sua presen\u00e7a nacional.<\/p>\n\n\n\n<p>\u201cDurante muito tempo fomos uma importadora local, mas nos \u00faltimos seis anos passamos a nos nacionalizar. Hoje, enxergamos nossa participa\u00e7\u00e3o em eventos como a Prowine como s\u00edmbolos dessa transforma\u00e7\u00e3o e do fortalecimento do setor de vinhos no pa\u00eds\u201d, conclui Martins.<\/p>\n\n\n\n<p>Servi\u00e7o<\/p>\n\n\n\n<p>Prowine S\u00e3o Paulo 2025<\/p>\n\n\n\n<p>Data: 30 de setembro a 2 de outubro<\/p>\n\n\n\n<p>Local: Expo Center Norte, S\u00e3o Paulo \u2013 SP<\/p>\n\n\n\n<p>Estande MMV: H4<\/p>\n\n\n\n<p>Saiba mais: https:\/\/www.mmvimportadora.com.br<\/p>\n","protected":false},"excerpt":{"rendered":"<p>A atra\u00e7\u00e3o ser\u00e1 promovida em parceria com expositores, entre eles a importadora MMV, que traz&#8230;<\/p>\n","protected":false},"author":1,"featured_media":26157,"comment_status":"open","ping_status":"open","sticky":false,"template":"","format":"standard","meta":{"footnotes":""},"categories":[2],"tags":[],"featured_image_urls":{"full":["https:\/\/novosaopaulo.com.br\/n1\/wp-content\/uploads\/2025\/09\/WhatsApp-Image-2025-09-29-at-15.25.14.jpeg",1368,1368,false],"thumbnail":["https:\/\/novosaopaulo.com.br\/n1\/wp-content\/uploads\/2025\/09\/WhatsApp-Image-2025-09-29-at-15.25.14-150x150.jpeg",150,150,true],"medium":["https:\/\/novosaopaulo.com.br\/n1\/wp-content\/uploads\/2025\/09\/WhatsApp-Image-2025-09-29-at-15.25.14-300x300.jpeg",300,300,true],"medium_large":["https:\/\/novosaopaulo.com.br\/n1\/wp-content\/uploads\/2025\/09\/WhatsApp-Image-2025-09-29-at-15.25.14-768x768.jpeg",640,640,true],"large":["https:\/\/novosaopaulo.com.br\/n1\/wp-content\/uploads\/2025\/09\/WhatsApp-Image-2025-09-29-at-15.25.14-1024x1024.jpeg",640,640,true],"1536x1536":["https:\/\/novosaopaulo.com.br\/n1\/wp-content\/uploads\/2025\/09\/WhatsApp-Image-2025-09-29-at-15.25.14.jpeg",1368,1368,false],"2048x2048":["https:\/\/novosaopaulo.com.br\/n1\/wp-content\/uploads\/2025\/09\/WhatsApp-Image-2025-09-29-at-15.25.14.jpeg",1368,1368,false],"newsever-slider-full":["https:\/\/novosaopaulo.com.br\/n1\/wp-content\/uploads\/2025\/09\/WhatsApp-Image-2025-09-29-at-15.25.14-1280x845.jpeg",1280,845,true],"newsever-featured":["https:\/\/novosaopaulo.com.br\/n1\/wp-content\/uploads\/2025\/09\/WhatsApp-Image-2025-09-29-at-15.25.14-1024x1024.jpeg",1024,1024,true],"newsever-medium":["https:\/\/novosaopaulo.com.br\/n1\/wp-content\/uploads\/2025\/09\/WhatsApp-Image-2025-09-29-at-15.25.14-720x475.jpeg",720,475,true]},"author_info":{"display_name":"Reda\u00e7\u00e3o","author_link":"https:\/\/novosaopaulo.com.br\/n1\/author\/g5poa\/"},"category_info":"<a href=\"https:\/\/novosaopaulo.com.br\/n1\/category\/cidades\/\" rel=\"category tag\">Cidades<\/a>","tag_info":"Cidades","comment_count":"0","_links":{"self":[{"href":"https:\/\/novosaopaulo.com.br\/n1\/wp-json\/wp\/v2\/posts\/26156"}],"collection":[{"href":"https:\/\/novosaopaulo.com.br\/n1\/wp-json\/wp\/v2\/posts"}],"about":[{"href":"https:\/\/novosaopaulo.com.br\/n1\/wp-json\/wp\/v2\/types\/post"}],"author":[{"embeddable":true,"href":"https:\/\/novosaopaulo.com.br\/n1\/wp-json\/wp\/v2\/users\/1"}],"replies":[{"embeddable":true,"href":"https:\/\/novosaopaulo.com.br\/n1\/wp-json\/wp\/v2\/comments?post=26156"}],"version-history":[{"count":1,"href":"https:\/\/novosaopaulo.com.br\/n1\/wp-json\/wp\/v2\/posts\/26156\/revisions"}],"predecessor-version":[{"id":26158,"href":"https:\/\/novosaopaulo.com.br\/n1\/wp-json\/wp\/v2\/posts\/26156\/revisions\/26158"}],"wp:featuredmedia":[{"embeddable":true,"href":"https:\/\/novosaopaulo.com.br\/n1\/wp-json\/wp\/v2\/media\/26157"}],"wp:attachment":[{"href":"https:\/\/novosaopaulo.com.br\/n1\/wp-json\/wp\/v2\/media?parent=26156"}],"wp:term":[{"taxonomy":"category","embeddable":true,"href":"https:\/\/novosaopaulo.com.br\/n1\/wp-json\/wp\/v2\/categories?post=26156"},{"taxonomy":"post_tag","embeddable":true,"href":"https:\/\/novosaopaulo.com.br\/n1\/wp-json\/wp\/v2\/tags?post=26156"}],"curies":[{"name":"wp","href":"https:\/\/api.w.org\/{rel}","templated":true}]}}