{"id":26146,"date":"2025-09-29T16:07:49","date_gmt":"2025-09-29T19:07:49","guid":{"rendered":"https:\/\/novosaopaulo.com.br\/n1\/?p=26146"},"modified":"2025-09-29T16:08:19","modified_gmt":"2025-09-29T19:08:19","slug":"nattan-agita-o-jaguariuna-rodeo-festival-com-esquenta-do-nattan-no-camping-e-faz-o-publico-cantar-do-inicio-ao-fim","status":"publish","type":"post","link":"https:\/\/novosaopaulo.com.br\/n1\/nattan-agita-o-jaguariuna-rodeo-festival-com-esquenta-do-nattan-no-camping-e-faz-o-publico-cantar-do-inicio-ao-fim\/","title":{"rendered":"Nattan agita o Jaguari\u00fana Rodeo Festival com &#8220;Esquenta do Nattan&#8221; no camping e faz o p\u00fablico cantar do in\u00edcio ao fim"},"content":{"rendered":"\n<p>Cantor levou o p\u00fablico ao del\u00edrio com &#8220;Esquenta do Nattan&#8221; e encerramento no palco principal, em uma das noites mais animadas do evento<\/p>\n\n\n\n<p>Nattan subiu ao palco duas vezes durante sua participa\u00e7\u00e3o no Jaguari\u00fana Rodeo Festival, um dos maiores eventos do pa\u00eds. O cantor comandou um show especial no camping, que funcionou como um grande esquenta, e depois encerrou o festival no palco principal, levando o p\u00fablico ao del\u00edrio nas duas apresenta\u00e7\u00f5es.No camping, o artista apresentou um show de quase duas horas, intitulado &#8220;Esquenta do Nattan&#8221;, com um repert\u00f3rio repleto de sucessos e momentos de muita intera\u00e7\u00e3o com o p\u00fablico. A performance marcou o in\u00edco da s\u00e9rie de esquentas que Nattan vai realizar em diferentes regi\u00f5es do Brasil.\u201cO show no camping de Jaguari\u00fana foi muito especial. A energia da galera me contagiou do in\u00edcio ao fim, e poder depois encerrar o festival no palco principal foi uma honra. Esse projeto de esquentas vai rodar o Brasil todo, e quero levar essa mesma vibe para cada cidade. Vem muita coisa boa por a\u00ed\u201d, compartilha Nattan.Em seguida, o cantor retornou ao evento para fechar o Jaguari\u00fana Rodeo Festival com chave de ouro, refor\u00e7ando sua versatilidade musical nos grandes palcos.Ap\u00f3s as apresenta\u00e7\u00f5es em Barretos e Jaguari\u00fana, Nattan j\u00e1 confirma sua pr\u00f3xima parada: o Caldas Country Festival, no dia 21 de novembro, em Caldas Novas (GO), dando sequ\u00eancia \u00e0 maratona de shows que tem marcado seu ano.<br>Sobre NattanCom 27 anos, Nattan \u00e9 um dos maiores nomes da m\u00fasica brasileira atual. Nascido em Sobral e criado em Tiangu\u00e1, no interior do Cear\u00e1, o cantor soma mais de 10 milh\u00f5es de ouvintes mensais no Spotify, 10 milh\u00f5es de seguidores no Instagram e 2 milh\u00f5es de inscritos no YouTube.Em 2023, lan\u00e7ou o EP \u201cPra Quebrar a Cara\u201d e criou a label \u201cDesmanttelo do Nattan\u201d, que se transformou em festival e percorreu o pa\u00eds. No mesmo ano, emplacou o hit \u201cLove Gostosinho\u201d, com Felipe Amorim, com mais de 175 milh\u00f5es de plays e presen\u00e7a no Top 5 de 13 estados. Tamb\u00e9m esteve entre os mais ouvidos em 8 estados e foi o mais adicionado a playlists de forr\u00f3 no Spotify.Em 2024, lan\u00e7ou o projeto \u201cEstilo Nattanzinho\u201d, com destaque para \u201cEu Vou Sentar\u201d (feat. Melody) e \u201cPega Cabuloso\u201d (com Ana Castela). O single \u201cAmor na Praia\u201d tamb\u00e9m chegou ao topo do Spotify Brasil e soma hoje mais de 68 milh\u00f5es de plays.J\u00e1 em 2025, apresenta agora ao p\u00fablico o \u00e1lbum \u201cImpar\u00e1vel\u201d, que re\u00fane faixas in\u00e9ditas e regrava\u00e7\u00f5es em um projeto que refor\u00e7a sua versatilidade e marca mais um passo em sua trajet\u00f3ria de crescimento e amadurecimento art\u00edstico. Entre seus maiores hits est\u00e3o \u201cComunica\u00e7\u00e3o Falhou\u201d, \u201cMorena\u201d e \u201cTem Cabar\u00e9 Essa Noite\u201d.<\/p>\n\n\n\n<p><strong>Nattan agita o Jaguari\u00fana Rodeo Festival com &#8220;Esquenta do Nattan&#8221; no camping e faz <\/strong><strong>o p\u00fablico cantar do in\u00edcio ao fim<\/strong><\/p>\n\n\n\n<p><em>Cantor levou o p\u00fablico ao del\u00edrio com &#8220;Esquenta do Nattan&#8221; e encerramento no palco <\/em><em>principal, em uma das noites mais animadas do evento.<\/em><\/p>\n\n\n\n<p><em>Cr\u00e9dito: Time de Foto<\/em><\/p>\n","protected":false},"excerpt":{"rendered":"<p>Cantor levou o p\u00fablico ao del\u00edrio com &#8220;Esquenta do Nattan&#8221; e encerramento no palco principal,&#8230;<\/p>\n","protected":false},"author":1,"featured_media":26147,"comment_status":"open","ping_status":"open","sticky":false,"template":"","format":"standard","meta":{"footnotes":""},"categories":[2],"tags":[],"featured_image_urls":{"full":["https:\/\/novosaopaulo.com.br\/n1\/wp-content\/uploads\/2025\/09\/image00007.jpeg",960,640,false],"thumbnail":["https:\/\/novosaopaulo.com.br\/n1\/wp-content\/uploads\/2025\/09\/image00007-150x150.jpeg",150,150,true],"medium":["https:\/\/novosaopaulo.com.br\/n1\/wp-content\/uploads\/2025\/09\/image00007-300x200.jpeg",300,200,true],"medium_large":["https:\/\/novosaopaulo.com.br\/n1\/wp-content\/uploads\/2025\/09\/image00007-768x512.jpeg",640,427,true],"large":["https:\/\/novosaopaulo.com.br\/n1\/wp-content\/uploads\/2025\/09\/image00007.jpeg",640,427,false],"1536x1536":["https:\/\/novosaopaulo.com.br\/n1\/wp-content\/uploads\/2025\/09\/image00007.jpeg",960,640,false],"2048x2048":["https:\/\/novosaopaulo.com.br\/n1\/wp-content\/uploads\/2025\/09\/image00007.jpeg",960,640,false],"newsever-slider-full":["https:\/\/novosaopaulo.com.br\/n1\/wp-content\/uploads\/2025\/09\/image00007.jpeg",960,640,false],"newsever-featured":["https:\/\/novosaopaulo.com.br\/n1\/wp-content\/uploads\/2025\/09\/image00007.jpeg",960,640,false],"newsever-medium":["https:\/\/novosaopaulo.com.br\/n1\/wp-content\/uploads\/2025\/09\/image00007-720x475.jpeg",720,475,true]},"author_info":{"display_name":"Reda\u00e7\u00e3o","author_link":"https:\/\/novosaopaulo.com.br\/n1\/author\/g5poa\/"},"category_info":"<a href=\"https:\/\/novosaopaulo.com.br\/n1\/category\/cidades\/\" rel=\"category tag\">Cidades<\/a>","tag_info":"Cidades","comment_count":"0","_links":{"self":[{"href":"https:\/\/novosaopaulo.com.br\/n1\/wp-json\/wp\/v2\/posts\/26146"}],"collection":[{"href":"https:\/\/novosaopaulo.com.br\/n1\/wp-json\/wp\/v2\/posts"}],"about":[{"href":"https:\/\/novosaopaulo.com.br\/n1\/wp-json\/wp\/v2\/types\/post"}],"author":[{"embeddable":true,"href":"https:\/\/novosaopaulo.com.br\/n1\/wp-json\/wp\/v2\/users\/1"}],"replies":[{"embeddable":true,"href":"https:\/\/novosaopaulo.com.br\/n1\/wp-json\/wp\/v2\/comments?post=26146"}],"version-history":[{"count":2,"href":"https:\/\/novosaopaulo.com.br\/n1\/wp-json\/wp\/v2\/posts\/26146\/revisions"}],"predecessor-version":[{"id":26149,"href":"https:\/\/novosaopaulo.com.br\/n1\/wp-json\/wp\/v2\/posts\/26146\/revisions\/26149"}],"wp:featuredmedia":[{"embeddable":true,"href":"https:\/\/novosaopaulo.com.br\/n1\/wp-json\/wp\/v2\/media\/26147"}],"wp:attachment":[{"href":"https:\/\/novosaopaulo.com.br\/n1\/wp-json\/wp\/v2\/media?parent=26146"}],"wp:term":[{"taxonomy":"category","embeddable":true,"href":"https:\/\/novosaopaulo.com.br\/n1\/wp-json\/wp\/v2\/categories?post=26146"},{"taxonomy":"post_tag","embeddable":true,"href":"https:\/\/novosaopaulo.com.br\/n1\/wp-json\/wp\/v2\/tags?post=26146"}],"curies":[{"name":"wp","href":"https:\/\/api.w.org\/{rel}","templated":true}]}}