{"id":26141,"date":"2025-09-29T16:03:25","date_gmt":"2025-09-29T19:03:25","guid":{"rendered":"https:\/\/novosaopaulo.com.br\/n1\/?p=26141"},"modified":"2025-09-29T16:03:26","modified_gmt":"2025-09-29T19:03:26","slug":"a-espera-de-instituicoes-respeitaveis","status":"publish","type":"post","link":"https:\/\/novosaopaulo.com.br\/n1\/a-espera-de-instituicoes-respeitaveis\/","title":{"rendered":"\u00c0 espera de institui\u00e7\u00f5es respeit\u00e1veis"},"content":{"rendered":"\n<p>A postura discreta assumida pelo ministro Luiz Edson Fachin ao assumir a presid\u00eancia do Supremo Tribunal Federal \u2013 sem d\u00favida o mais importante posto de sua carreira \u2013 sugere a possibilidade de, sob sua batuta, a corte reassumir a fei\u00e7\u00e3o branda (por\u00e9m exigente) de atuar. Que em vez da pol\u00eamica entre os pares haja a atua\u00e7\u00e3o cl\u00e1ssica e sem aporte midi\u00e1tico que, por d\u00e9cadas caracterizou atividade daquela casa judicial e seus integrantes, muitos deles ent\u00e3o pouco conhecidos da sociedade.<br>Independente de sua postura ideol\u00f3gica e et\u00e9 profissional, o novo presodemte \u00e9 reconhecido pela atitude serena e firme. Isso poder\u00e1 ser de grande valia para enfrentar problemas herdados, como as san\u00e7\u00f5es do governo dos Estados Unidos sobre membros da casa (inclusive ele pr\u00f3prio, que perdeu o visto yankee) e problemas de relacionamento com os outros dos Poderes da Uni\u00e3o (Legislativo e Executivo).<br>Venho de um tempo em que \u2013 mesmo durante as crises pol\u00edtico-institucionais \u2013 n\u00e3o havia ou pelo menos n\u00e3o era divulgado o alarido e as desaven\u00e7as entre governantes, parlamentares e membros do Judici\u00e1rio. At\u00e9 haviam as dificuldades, mas elas eram tratadas intra-muros, sem a hoje costumeira comunica\u00e7\u00e3o \u00e0 popula\u00e7\u00e3o. A mudan\u00e7a de atitude pode ser atribu\u00edda \u00e0 disponibilidade dos meios de comunica\u00e7\u00e3o atuais, mas n\u00e3o se pode ignorar que tamb\u00e9m decorre do esp\u00edrito belicoso que, com o passar dos anos, foi se apoderando dos homens (e mulheres) p\u00fablicos brasileiros. A polariza\u00e7\u00e3o e o quebra-quebra hoje presentes no palavreado, atitudes e comportamentos tanto de pol\u00edticos de esqueda, quando de centro e de direita e suas tend\u00eancias intermedi\u00e1rias, se bem analisados, n\u00e3o traz qualquer benef\u00edcio \u00e0 vida pol\u00edtica, ao Pa\u00eds e, principalmente, \u00e0 popula\u00e7\u00e3o. Apenas desfigura a face da pol\u00edtica nacional e favorece a assimila\u00e7\u00e3o de tend\u00eancias e interesses alien\u00edgenas.<br>Espera-se que, assim como o STF, as outras casas de Justi\u00e7a, o Congresso (Senado e C\u00e2mara) e principalmente o Executivo, que manipula os recursos financeiros da Na\u00e7\u00e3o, sejam cada dia mais discretos, respons\u00e1veis e preocupados com a manuten\u00e7\u00e3o dos interesses da comunidade a quem foram designados a servir. Vivemos no Congresso, nos \u00faltimos dias a pol\u00eamica sobre a PEC da Blindagem (aprovada na C\u00e2mara e detonada no Senado) , a tentativa de transforma\u00e7\u00e3o da anistia em dosimetria e uma s\u00e9rie de outras a\u00e7\u00f5es que servem apenas para sustentar a desaven\u00e7a institutional. Os parlamentares precisam chegar a conclus\u00f5es l\u00f3gicas e de interesse da popula\u00e7\u00e3o e o Executivo, assim como o Judici\u00e1rio, devem se colocar nos devidos lugares para n\u00e3o tumultuar o processo e cim isso atrasar a evolu\u00e7\u00e3o social.<br>Todos n\u00f3s, brasileiros, queremos ter reais motivos para respeitar e at\u00e9 admirar os ocupantes das fun\u00e7\u00f5es p\u00fablicas de representa\u00e7\u00e3o. E a motiva\u00e7\u00e3o para que isso aconte\u00e7a \u00e9 que elas respeitem as institui\u00e7\u00f5es, cumpram o ordenamento jur\u00eddico e dediquem seu respeito \u00e0 popula\u00e7\u00e3o. Jamais o povo respeitar\u00e1 seus eleitos e representados que descumpram os preceitos legais ou, pelo comportamento inoportuno possam ser, em algum tempo, acometidos pela conhecida s\u00edndrome do viralatas\u2026<\/p>\n\n\n\n<p>Tenente Dirceu Cardoso Gon\u00e7alves &#8211; dirigente da ASPOMIL (Associa\u00e7\u00e3o de Assist. Social dos Policiais Militares de S\u00e3o Paulo).<\/p>\n","protected":false},"excerpt":{"rendered":"<p>A postura discreta assumida pelo ministro Luiz Edson Fachin ao assumir a presid\u00eancia do Supremo&#8230;<\/p>\n","protected":false},"author":1,"featured_media":23327,"comment_status":"open","ping_status":"open","sticky":false,"template":"","format":"standard","meta":{"footnotes":""},"categories":[2],"tags":[],"featured_image_urls":{"full":["https:\/\/novosaopaulo.com.br\/n1\/wp-content\/uploads\/2025\/04\/Tenente-Dirceu-Cardoso-Goncalves.jpg",600,564,false],"thumbnail":["https:\/\/novosaopaulo.com.br\/n1\/wp-content\/uploads\/2025\/04\/Tenente-Dirceu-Cardoso-Goncalves-150x150.jpg",150,150,true],"medium":["https:\/\/novosaopaulo.com.br\/n1\/wp-content\/uploads\/2025\/04\/Tenente-Dirceu-Cardoso-Goncalves-300x282.jpg",300,282,true],"medium_large":["https:\/\/novosaopaulo.com.br\/n1\/wp-content\/uploads\/2025\/04\/Tenente-Dirceu-Cardoso-Goncalves.jpg",600,564,false],"large":["https:\/\/novosaopaulo.com.br\/n1\/wp-content\/uploads\/2025\/04\/Tenente-Dirceu-Cardoso-Goncalves.jpg",600,564,false],"1536x1536":["https:\/\/novosaopaulo.com.br\/n1\/wp-content\/uploads\/2025\/04\/Tenente-Dirceu-Cardoso-Goncalves.jpg",600,564,false],"2048x2048":["https:\/\/novosaopaulo.com.br\/n1\/wp-content\/uploads\/2025\/04\/Tenente-Dirceu-Cardoso-Goncalves.jpg",600,564,false],"newsever-slider-full":["https:\/\/novosaopaulo.com.br\/n1\/wp-content\/uploads\/2025\/04\/Tenente-Dirceu-Cardoso-Goncalves.jpg",600,564,false],"newsever-featured":["https:\/\/novosaopaulo.com.br\/n1\/wp-content\/uploads\/2025\/04\/Tenente-Dirceu-Cardoso-Goncalves.jpg",600,564,false],"newsever-medium":["https:\/\/novosaopaulo.com.br\/n1\/wp-content\/uploads\/2025\/04\/Tenente-Dirceu-Cardoso-Goncalves-600x475.jpg",600,475,true]},"author_info":{"display_name":"Reda\u00e7\u00e3o","author_link":"https:\/\/novosaopaulo.com.br\/n1\/author\/g5poa\/"},"category_info":"<a href=\"https:\/\/novosaopaulo.com.br\/n1\/category\/cidades\/\" rel=\"category tag\">Cidades<\/a>","tag_info":"Cidades","comment_count":"0","_links":{"self":[{"href":"https:\/\/novosaopaulo.com.br\/n1\/wp-json\/wp\/v2\/posts\/26141"}],"collection":[{"href":"https:\/\/novosaopaulo.com.br\/n1\/wp-json\/wp\/v2\/posts"}],"about":[{"href":"https:\/\/novosaopaulo.com.br\/n1\/wp-json\/wp\/v2\/types\/post"}],"author":[{"embeddable":true,"href":"https:\/\/novosaopaulo.com.br\/n1\/wp-json\/wp\/v2\/users\/1"}],"replies":[{"embeddable":true,"href":"https:\/\/novosaopaulo.com.br\/n1\/wp-json\/wp\/v2\/comments?post=26141"}],"version-history":[{"count":1,"href":"https:\/\/novosaopaulo.com.br\/n1\/wp-json\/wp\/v2\/posts\/26141\/revisions"}],"predecessor-version":[{"id":26142,"href":"https:\/\/novosaopaulo.com.br\/n1\/wp-json\/wp\/v2\/posts\/26141\/revisions\/26142"}],"wp:featuredmedia":[{"embeddable":true,"href":"https:\/\/novosaopaulo.com.br\/n1\/wp-json\/wp\/v2\/media\/23327"}],"wp:attachment":[{"href":"https:\/\/novosaopaulo.com.br\/n1\/wp-json\/wp\/v2\/media?parent=26141"}],"wp:term":[{"taxonomy":"category","embeddable":true,"href":"https:\/\/novosaopaulo.com.br\/n1\/wp-json\/wp\/v2\/categories?post=26141"},{"taxonomy":"post_tag","embeddable":true,"href":"https:\/\/novosaopaulo.com.br\/n1\/wp-json\/wp\/v2\/tags?post=26141"}],"curies":[{"name":"wp","href":"https:\/\/api.w.org\/{rel}","templated":true}]}}