{"id":26135,"date":"2025-09-28T12:39:23","date_gmt":"2025-09-28T15:39:23","guid":{"rendered":"https:\/\/novosaopaulo.com.br\/n1\/?p=26135"},"modified":"2025-09-28T12:39:24","modified_gmt":"2025-09-28T15:39:24","slug":"gcm-de-poa-participa-de-megaoperacao-integrada-contra-crimes-no-alto-tiete","status":"publish","type":"post","link":"https:\/\/novosaopaulo.com.br\/n1\/gcm-de-poa-participa-de-megaoperacao-integrada-contra-crimes-no-alto-tiete\/","title":{"rendered":"GCM de Po\u00e1 participa de megaopera\u00e7\u00e3o integrada contra crimes no Alto Tiet\u00ea"},"content":{"rendered":"\n<p>A\u00e7\u00e3o conjunta promovida pelo Condemat+ na \u00faltima quinta-feira resultou em apreens\u00e3o de drogas e registro de flagrante<\/p>\n\n\n\n<p>A Guarda Civil Municipal (GCM) de Po\u00e1 participou, na \u00faltima quinta-feira (25), da opera\u00e7\u00e3o regional Sem Fronteiras, organizada pelo Cons\u00f3rcio de Desenvolvimento dos Munic\u00edpios do Alto Tiet\u00ea (Condemat+). A a\u00e7\u00e3o reuniu for\u00e7as das Guardas Civis Municipais, al\u00e9m da Pol\u00edcia Civil e da Pol\u00edcia Militar, em uma estrat\u00e9gia conjunta de satura\u00e7\u00e3o e visibilidade nas cidades da regi\u00e3o.<\/p>\n\n\n\n<p>Durante a opera\u00e7\u00e3o, segundo dados da Secretaria de Seguran\u00e7a de Po\u00e1, foram abordados 22 ve\u00edculos e 18 motocicletas, al\u00e9m de 56 pessoas pelas equipes de seguran\u00e7a na cidade. As a\u00e7\u00f5es resultaram no registro de 12 infra\u00e7\u00f5es de tr\u00e2nsito e na apreens\u00e3o de 57 por\u00e7\u00f5es de entorpecentes, sendo 35 de maconha e 22 de coca\u00edna. Tamb\u00e9m foi registrado um flagrante por tr\u00e1fico de drogas.<\/p>\n\n\n\n<p>Em Po\u00e1, a concentra\u00e7\u00e3o ocorreu na Pra\u00e7a de Eventos, ponto de partida da opera\u00e7\u00e3o que iniciou \u00e0s 15h30. A a\u00e7\u00e3o se estendeu at\u00e9 \u00e0s 23 horas, cobrindo \u00e1reas previamente mapeadas pela intelig\u00eancia das corpora\u00e7\u00f5es.<\/p>\n\n\n\n<p>A opera\u00e7\u00e3o contou com 20 guardas civis de Po\u00e1, al\u00e9m do refor\u00e7o de 17 viaturas. As equipes foram distribu\u00eddas entre os grupamentos Ronda Ostensiva Municipal (Romu), Ronda Ostensiva com Motocicletas (Romo), al\u00e9m de apoio da Secretaria de Transportes e Mobilidade Urbana, Defesa Civil e Pol\u00edcia Civil.<\/p>\n\n\n\n<p>Segundo o secret\u00e1rio de Seguran\u00e7a de Po\u00e1, comandante Ferreira, o trabalho integrado teve como foco a amplia\u00e7\u00e3o da sensa\u00e7\u00e3o de seguran\u00e7a e o combate a diferentes modalidades criminosas, especialmente nas \u00e1reas lim\u00edtrofes entre munic\u00edpios. \u201cO objetivo \u00e9 garantir mais tranquilidade \u00e0 popula\u00e7\u00e3o, com a\u00e7\u00f5es estrat\u00e9gicas que dificultem a atua\u00e7\u00e3o de criminosos em regi\u00f5es de divisa\u201d, afirmou.<\/p>\n\n\n\n<p>O prefeito de Po\u00e1, Saulo Souza, destacou a import\u00e2ncia da parceria entre as cidades do Alto Tiet\u00ea. \u201cCom a uni\u00e3o dos munic\u00edpios conseguimos fortalecer a seguran\u00e7a p\u00fablica regional e oferecer uma resposta mais eficaz \u00e0 criminalidade\u201d, disse.<\/p>\n\n\n\n<p>Fotos: Nivaldo Alves e Irineu J\u00fanior<\/p>\n\n\n\n<figure class=\"wp-block-gallery has-nested-images columns-default is-cropped wp-block-gallery-1 is-layout-flex wp-block-gallery-is-layout-flex\">\n<figure class=\"wp-block-image size-large\"><a href=\"https:\/\/novosaopaulo.com.br\/n1\/?attachment_id=26136\" target=\"_blank\" rel=\"noopener\"><img fetchpriority=\"high\" decoding=\"async\" width=\"640\" height=\"426\" data-id=\"26136\" src=\"https:\/\/novosaopaulo.com.br\/n1\/wp-content\/uploads\/2025\/09\/WhatsApp-Image-2025-09-28-at-10.55.04.jpeg\" alt=\"\" class=\"wp-image-26136\" srcset=\"https:\/\/novosaopaulo.com.br\/n1\/wp-content\/uploads\/2025\/09\/WhatsApp-Image-2025-09-28-at-10.55.04.jpeg 640w, https:\/\/novosaopaulo.com.br\/n1\/wp-content\/uploads\/2025\/09\/WhatsApp-Image-2025-09-28-at-10.55.04-300x200.jpeg 300w\" sizes=\"(max-width: 640px) 100vw, 640px\" \/><\/a><\/figure>\n\n\n\n<figure class=\"wp-block-image size-large\"><a href=\"https:\/\/novosaopaulo.com.br\/n1\/?attachment_id=26138\" target=\"_blank\" rel=\"noopener\"><img decoding=\"async\" width=\"1000\" height=\"563\" data-id=\"26138\" src=\"https:\/\/novosaopaulo.com.br\/n1\/wp-content\/uploads\/2025\/09\/WhatsApp-Image-2025-09-28-at-10.54.43.jpeg\" alt=\"\" class=\"wp-image-26138\" srcset=\"https:\/\/novosaopaulo.com.br\/n1\/wp-content\/uploads\/2025\/09\/WhatsApp-Image-2025-09-28-at-10.54.43.jpeg 1000w, https:\/\/novosaopaulo.com.br\/n1\/wp-content\/uploads\/2025\/09\/WhatsApp-Image-2025-09-28-at-10.54.43-300x169.jpeg 300w, https:\/\/novosaopaulo.com.br\/n1\/wp-content\/uploads\/2025\/09\/WhatsApp-Image-2025-09-28-at-10.54.43-768x432.jpeg 768w\" sizes=\"(max-width: 1000px) 100vw, 1000px\" \/><\/a><\/figure>\n<\/figure>\n","protected":false},"excerpt":{"rendered":"<p>A\u00e7\u00e3o conjunta promovida pelo Condemat+ na \u00faltima quinta-feira resultou em apreens\u00e3o de drogas e registro&#8230;<\/p>\n","protected":false},"author":1,"featured_media":26137,"comment_status":"open","ping_status":"open","sticky":false,"template":"","format":"standard","meta":{"footnotes":""},"categories":[8],"tags":[],"featured_image_urls":{"full":["https:\/\/novosaopaulo.com.br\/n1\/wp-content\/uploads\/2025\/09\/WhatsApp-Image-2025-09-28-at-10.54.31.jpeg",1280,853,false],"thumbnail":["https:\/\/novosaopaulo.com.br\/n1\/wp-content\/uploads\/2025\/09\/WhatsApp-Image-2025-09-28-at-10.54.31-150x150.jpeg",150,150,true],"medium":["https:\/\/novosaopaulo.com.br\/n1\/wp-content\/uploads\/2025\/09\/WhatsApp-Image-2025-09-28-at-10.54.31-300x200.jpeg",300,200,true],"medium_large":["https:\/\/novosaopaulo.com.br\/n1\/wp-content\/uploads\/2025\/09\/WhatsApp-Image-2025-09-28-at-10.54.31-768x512.jpeg",640,427,true],"large":["https:\/\/novosaopaulo.com.br\/n1\/wp-content\/uploads\/2025\/09\/WhatsApp-Image-2025-09-28-at-10.54.31-1024x682.jpeg",640,426,true],"1536x1536":["https:\/\/novosaopaulo.com.br\/n1\/wp-content\/uploads\/2025\/09\/WhatsApp-Image-2025-09-28-at-10.54.31.jpeg",1280,853,false],"2048x2048":["https:\/\/novosaopaulo.com.br\/n1\/wp-content\/uploads\/2025\/09\/WhatsApp-Image-2025-09-28-at-10.54.31.jpeg",1280,853,false],"newsever-slider-full":["https:\/\/novosaopaulo.com.br\/n1\/wp-content\/uploads\/2025\/09\/WhatsApp-Image-2025-09-28-at-10.54.31-1280x845.jpeg",1280,845,true],"newsever-featured":["https:\/\/novosaopaulo.com.br\/n1\/wp-content\/uploads\/2025\/09\/WhatsApp-Image-2025-09-28-at-10.54.31-1024x682.jpeg",1024,682,true],"newsever-medium":["https:\/\/novosaopaulo.com.br\/n1\/wp-content\/uploads\/2025\/09\/WhatsApp-Image-2025-09-28-at-10.54.31-720x475.jpeg",720,475,true]},"author_info":{"display_name":"Reda\u00e7\u00e3o","author_link":"https:\/\/novosaopaulo.com.br\/n1\/author\/g5poa\/"},"category_info":"<a href=\"https:\/\/novosaopaulo.com.br\/n1\/category\/poa\/\" rel=\"category tag\">Po\u00e1<\/a>","tag_info":"Po\u00e1","comment_count":"0","_links":{"self":[{"href":"https:\/\/novosaopaulo.com.br\/n1\/wp-json\/wp\/v2\/posts\/26135"}],"collection":[{"href":"https:\/\/novosaopaulo.com.br\/n1\/wp-json\/wp\/v2\/posts"}],"about":[{"href":"https:\/\/novosaopaulo.com.br\/n1\/wp-json\/wp\/v2\/types\/post"}],"author":[{"embeddable":true,"href":"https:\/\/novosaopaulo.com.br\/n1\/wp-json\/wp\/v2\/users\/1"}],"replies":[{"embeddable":true,"href":"https:\/\/novosaopaulo.com.br\/n1\/wp-json\/wp\/v2\/comments?post=26135"}],"version-history":[{"count":1,"href":"https:\/\/novosaopaulo.com.br\/n1\/wp-json\/wp\/v2\/posts\/26135\/revisions"}],"predecessor-version":[{"id":26140,"href":"https:\/\/novosaopaulo.com.br\/n1\/wp-json\/wp\/v2\/posts\/26135\/revisions\/26140"}],"wp:featuredmedia":[{"embeddable":true,"href":"https:\/\/novosaopaulo.com.br\/n1\/wp-json\/wp\/v2\/media\/26137"}],"wp:attachment":[{"href":"https:\/\/novosaopaulo.com.br\/n1\/wp-json\/wp\/v2\/media?parent=26135"}],"wp:term":[{"taxonomy":"category","embeddable":true,"href":"https:\/\/novosaopaulo.com.br\/n1\/wp-json\/wp\/v2\/categories?post=26135"},{"taxonomy":"post_tag","embeddable":true,"href":"https:\/\/novosaopaulo.com.br\/n1\/wp-json\/wp\/v2\/tags?post=26135"}],"curies":[{"name":"wp","href":"https:\/\/api.w.org\/{rel}","templated":true}]}}