{"id":26132,"date":"2025-09-28T12:37:06","date_gmt":"2025-09-28T15:37:06","guid":{"rendered":"https:\/\/novosaopaulo.com.br\/n1\/?p=26132"},"modified":"2025-09-28T12:37:07","modified_gmt":"2025-09-28T15:37:07","slug":"prefeitura-de-sao-paulo-faz-peticao-a-justica-para-barrar-renovacao-antecipada-de-contrato-da-enel","status":"publish","type":"post","link":"https:\/\/novosaopaulo.com.br\/n1\/prefeitura-de-sao-paulo-faz-peticao-a-justica-para-barrar-renovacao-antecipada-de-contrato-da-enel\/","title":{"rendered":"Prefeitura de S\u00e3o Paulo faz peti\u00e7\u00e3o \u00e0 Justi\u00e7a para barrar renova\u00e7\u00e3o antecipada de contrato da ENEL"},"content":{"rendered":"\n<p>Diante dos novos problemas ocasionados pela falta de fornecimento de energia na \u00faltima semana, a Procuradoria Geral do Munic\u00edpio de S\u00e3o Paulo (PGM) ingressou com uma peti\u00e7\u00e3o nos autos da A\u00e7\u00e3o Civil P\u00fablica na Justi\u00e7a Federal contra a ENEL, a Uni\u00e3o e a Ag\u00eancia Nacional de Energia El\u00e9trica (Aneel) para impedir a renova\u00e7\u00e3o antecipada da concess\u00e3o do servi\u00e7o de energia el\u00e9trica em S\u00e3o Paulo. No pedido, a Prefeitura refor\u00e7a a necessidade de uma interven\u00e7\u00e3o judicial urgente para a seguran\u00e7a e o bem-estar dos paulistanos.<\/p>\n\n\n\n<p>Trata-se de a\u00e7\u00e3o que o Munic\u00edpio j\u00e1 move desde agosto. O contrato da Uni\u00e3o com a ENEL vence em 2028, mas a ag\u00eancia reguladora sinaliza prorrogar por mais 30 anos a concess\u00e3o antes do seu t\u00e9rmino, mesmo diante das recorrentes falhas e desassist\u00eancias no atendimento \u00e0 popula\u00e7\u00e3o.<\/p>\n\n\n\n<p>A capital paulista vem enfrentando apag\u00f5es de energia recorrentes, afetando hospitais, escolas, transporte p\u00fablico, mobilidade e milhares de fam\u00edlias. Na peti\u00e7\u00e3o, a PGM destaca que no mais recente epis\u00f3dio de chuvas fortes, na semana passada, os tempos de espera para o desligamento da rede el\u00e9trica para o servi\u00e7o de poda e remo\u00e7\u00e3o de \u00e1rvores variaram de 3 horas a mais de 44 horas em diversos pontos da capital. Esses atrasos prejudicaram os trabalhos de retirada de \u00e1rvores e galhos ca\u00eddos que obstru\u00edam vias e comprometiam a seguran\u00e7a, demonstrando a aus\u00eancia de atua\u00e7\u00e3o diligente da ENEL.<\/p>\n\n\n\n<p>A Prefeitura defende que, antes de qualquer prorroga\u00e7\u00e3o de concess\u00e3o, \u00e9 necess\u00e1rio revisar os crit\u00e9rios t\u00e9cnicos e ambientais e garantir que a concession\u00e1ria esteja realmente preparada para oferecer um servi\u00e7o de qualidade. Al\u00e9m disso, a administra\u00e7\u00e3o municipal pede na a\u00e7\u00e3o em curso que a ENEL crie um plano de conting\u00eancia espec\u00edfico e eficaz para a cidade de S\u00e3o Paulo, com metas claras de atendimento e puni\u00e7\u00f5es em caso de descumprimento.<\/p>\n\n\n\n<p>Desde 2023, a Prefeitura j\u00e1 enviou dois of\u00edcios ao Tribunal de Contas da Uni\u00e3o e outros dois \u00e0 Aneel solicitando medidas efetivas contra a concession\u00e1ria, entre elas, que a Prefeitura possa fiscalizar o contrato de concess\u00e3o. O prefeito Ricardo Nunes tamb\u00e9m solicitou \u00e0 ag\u00eancia reguladora o cancelamento do contrato de concess\u00e3o. Em 2024, ele esteve com o ministro de Minas e Energia, Alexandre Silveira, em Bras\u00edlia, para tratar do envio de um decreto \u00e0 C\u00e2mara dos Deputados com melhorias nos contratos de concess\u00e3o de energia el\u00e9trica. Tamb\u00e9m entregou ao presidente da C\u00e2mara dos Deputados, Arthur Lira, uma proposta de altera\u00e7\u00e3o na lei de concess\u00f5es para que os munic\u00edpios tenham mais autonomia para escolha e na fiscaliza\u00e7\u00e3o das concession\u00e1rias de energia el\u00e9trica. A\u00e7\u00f5es judiciais ainda foram impetradas pela Prefeitura contra a empresa.<\/p>\n\n\n\n<p>Segundo a PGM, uma renova\u00e7\u00e3o autom\u00e1tica sem ajustes desconsidera falhas j\u00e1 reconhecidas pela popula\u00e7\u00e3o e por \u00f3rg\u00e3os fiscalizadores. \u201cS\u00e3o Paulo n\u00e3o pode continuar ref\u00e9m da omiss\u00e3o e da inefici\u00eancia de uma concession\u00e1ria que ignora nossas particularidades ambientais e urbanas. A renova\u00e7\u00e3o s\u00f3 pode ocorrer com garantias reais de melhoria no servi\u00e7o \u2014 muito menos de forma antecipada\u201d, disse a procuradora-geral do munic\u00edpio, Luciana Sant\u2019Ana.<\/p>\n","protected":false},"excerpt":{"rendered":"<p>Diante dos novos problemas ocasionados pela falta de fornecimento de energia na \u00faltima semana, a&#8230;<\/p>\n","protected":false},"author":1,"featured_media":26133,"comment_status":"open","ping_status":"open","sticky":false,"template":"","format":"standard","meta":{"footnotes":""},"categories":[2],"tags":[],"featured_image_urls":{"full":["https:\/\/novosaopaulo.com.br\/n1\/wp-content\/uploads\/2025\/09\/WhatsApp-Image-2025-09-05-at-11.50.43-520x330-1.jpeg",520,330,false],"thumbnail":["https:\/\/novosaopaulo.com.br\/n1\/wp-content\/uploads\/2025\/09\/WhatsApp-Image-2025-09-05-at-11.50.43-520x330-1-150x150.jpeg",150,150,true],"medium":["https:\/\/novosaopaulo.com.br\/n1\/wp-content\/uploads\/2025\/09\/WhatsApp-Image-2025-09-05-at-11.50.43-520x330-1-300x190.jpeg",300,190,true],"medium_large":["https:\/\/novosaopaulo.com.br\/n1\/wp-content\/uploads\/2025\/09\/WhatsApp-Image-2025-09-05-at-11.50.43-520x330-1.jpeg",520,330,false],"large":["https:\/\/novosaopaulo.com.br\/n1\/wp-content\/uploads\/2025\/09\/WhatsApp-Image-2025-09-05-at-11.50.43-520x330-1.jpeg",520,330,false],"1536x1536":["https:\/\/novosaopaulo.com.br\/n1\/wp-content\/uploads\/2025\/09\/WhatsApp-Image-2025-09-05-at-11.50.43-520x330-1.jpeg",520,330,false],"2048x2048":["https:\/\/novosaopaulo.com.br\/n1\/wp-content\/uploads\/2025\/09\/WhatsApp-Image-2025-09-05-at-11.50.43-520x330-1.jpeg",520,330,false],"newsever-slider-full":["https:\/\/novosaopaulo.com.br\/n1\/wp-content\/uploads\/2025\/09\/WhatsApp-Image-2025-09-05-at-11.50.43-520x330-1.jpeg",520,330,false],"newsever-featured":["https:\/\/novosaopaulo.com.br\/n1\/wp-content\/uploads\/2025\/09\/WhatsApp-Image-2025-09-05-at-11.50.43-520x330-1.jpeg",520,330,false],"newsever-medium":["https:\/\/novosaopaulo.com.br\/n1\/wp-content\/uploads\/2025\/09\/WhatsApp-Image-2025-09-05-at-11.50.43-520x330-1.jpeg",520,330,false]},"author_info":{"display_name":"Reda\u00e7\u00e3o","author_link":"https:\/\/novosaopaulo.com.br\/n1\/author\/g5poa\/"},"category_info":"<a href=\"https:\/\/novosaopaulo.com.br\/n1\/category\/cidades\/\" rel=\"category tag\">Cidades<\/a>","tag_info":"Cidades","comment_count":"0","_links":{"self":[{"href":"https:\/\/novosaopaulo.com.br\/n1\/wp-json\/wp\/v2\/posts\/26132"}],"collection":[{"href":"https:\/\/novosaopaulo.com.br\/n1\/wp-json\/wp\/v2\/posts"}],"about":[{"href":"https:\/\/novosaopaulo.com.br\/n1\/wp-json\/wp\/v2\/types\/post"}],"author":[{"embeddable":true,"href":"https:\/\/novosaopaulo.com.br\/n1\/wp-json\/wp\/v2\/users\/1"}],"replies":[{"embeddable":true,"href":"https:\/\/novosaopaulo.com.br\/n1\/wp-json\/wp\/v2\/comments?post=26132"}],"version-history":[{"count":1,"href":"https:\/\/novosaopaulo.com.br\/n1\/wp-json\/wp\/v2\/posts\/26132\/revisions"}],"predecessor-version":[{"id":26134,"href":"https:\/\/novosaopaulo.com.br\/n1\/wp-json\/wp\/v2\/posts\/26132\/revisions\/26134"}],"wp:featuredmedia":[{"embeddable":true,"href":"https:\/\/novosaopaulo.com.br\/n1\/wp-json\/wp\/v2\/media\/26133"}],"wp:attachment":[{"href":"https:\/\/novosaopaulo.com.br\/n1\/wp-json\/wp\/v2\/media?parent=26132"}],"wp:term":[{"taxonomy":"category","embeddable":true,"href":"https:\/\/novosaopaulo.com.br\/n1\/wp-json\/wp\/v2\/categories?post=26132"},{"taxonomy":"post_tag","embeddable":true,"href":"https:\/\/novosaopaulo.com.br\/n1\/wp-json\/wp\/v2\/tags?post=26132"}],"curies":[{"name":"wp","href":"https:\/\/api.w.org\/{rel}","templated":true}]}}