{"id":26129,"date":"2025-09-28T12:35:51","date_gmt":"2025-09-28T15:35:51","guid":{"rendered":"https:\/\/novosaopaulo.com.br\/n1\/?p=26129"},"modified":"2025-09-28T12:35:52","modified_gmt":"2025-09-28T15:35:52","slug":"o-presidente-da-republica-luiz-inacio-lula-da-silva-participou-neste-domingo-28-de-setembro-da-corrida-e-caminhada-mec-95-anos","status":"publish","type":"post","link":"https:\/\/novosaopaulo.com.br\/n1\/o-presidente-da-republica-luiz-inacio-lula-da-silva-participou-neste-domingo-28-de-setembro-da-corrida-e-caminhada-mec-95-anos\/","title":{"rendered":"O presidente da Rep\u00fablica, Luiz In\u00e1cio Lula da Silva, participou neste domingo, 28 de setembro, da Corrida e Caminhada MEC 95 Anos"},"content":{"rendered":"\n<p>O evento uniu esporte, sa\u00fade e celebra\u00e7\u00e3o pelos 95 anos do Minist\u00e9rio da Educa\u00e7\u00e3o (MEC) na constru\u00e7\u00e3o de pol\u00edticas p\u00fablicas educacionais no Brasil.<\/p>\n\n\n\n<p>A largada ocorreu em frente ao edif\u00edcio-sede do MEC, com percursos de 3 km (caminhada), 5 km e 10 km. \u201cEssa \u00e9 a caminhada da soberania educacional do Brasil. N\u00f3s temos consci\u00eancia de que \u00e9 por meio da educa\u00e7\u00e3o, da creche \u00e0 universidade, da alfabetiza\u00e7\u00e3o a um curso de engenharia, que a gente vai tornar o Brasil soberano\u201d, afirmou Lula, durante o percurso.<\/p>\n\n\n\n<p>Uma publica\u00e7\u00e3o compartilhada por Luiz Ina\u0301cio Lula da Silva (@lulaoficial)<\/p>\n\n\n\n<p>A prova reuniu cerca de 6 mil inscritos, entre servidores, terceirizados, estagi\u00e1rios, atletas amadores e a comunidade em geral, que disputaram em categorias como masculino, feminino e paratletas. Ao lado de Lula, participaram os ministros Camilo Santana (Educa\u00e7\u00e3o), Fernando Haddad (Fazenda), Alexandre Padilha (Sa\u00fade), Gleisi Hoffmann (Rela\u00e7\u00f5es Institucionais) e Alexandre Silveira (Minas e Energia).<\/p>\n\n\n\n<p>HOMENAGEM \u2014 Ap\u00f3s completar a caminhada, Lula ressaltou que a medalha entregue aos participantes do evento \u00e9 dedicada a todos os profissionais da educa\u00e7\u00e3o. \u201cS\u00e3o medalhas para todos os professores de todos os graus de ensino nessa Rep\u00fablica Federativa do Brasil. Professores e professoras, funcion\u00e1rios das escolas que trabalham dia e noite para que a gente possa sair do analfabetismo que a gente encontrou nesse pa\u00eds, com praticamente 68% da popula\u00e7\u00e3o com o ensino fundamental mal conclu\u00eddo\u201d, disse.<\/p>\n\n\n\n<p>\u201cA nossa revolu\u00e7\u00e3o \u00e9 muito grande. Ela n\u00e3o \u00e9 s\u00f3 na comida, n\u00e3o \u00e9 s\u00f3 no emprego, n\u00e3o \u00e9 s\u00f3 no sal\u00e1rio. Ela tem que ser na educa\u00e7\u00e3o\u201d, concluiu o presidente.<\/p>\n\n\n\n<p>COLETIVIDADE \u2014 A realiza\u00e7\u00e3o da corrida foi uma proposta dos trabalhadores do minist\u00e9rio, que participaram de uma pesquisa interna para dar sugest\u00f5es sobre como queriam comemorar os 95 anos da pasta. Desse modo, a Corrida e Caminhada MEC 95 anos representou um momento coletivo de pertencimento, orgulho e conex\u00e3o com quem esteve, est\u00e1 e seguir\u00e1 fazendo parte da educa\u00e7\u00e3o brasileira.<\/p>\n\n\n\n<p>Fonte: Secretaria de Comunica\u00e7\u00e3o Social da Presid\u00eancia da Rep\u00fablica<\/p>\n\n\n\n<p>O presidente Lula e a primeira-dama Janja acompanhados de ministros durante o percurso de 5 km feito pelas autoridades na manh\u00e3 deste domingo na Corrida e Caminhada MEC 95 Anos &#8211; Foto: Ricardo Stuckert\/PR<\/p>\n","protected":false},"excerpt":{"rendered":"<p>O evento uniu esporte, sa\u00fade e celebra\u00e7\u00e3o pelos 95 anos do Minist\u00e9rio da Educa\u00e7\u00e3o (MEC)&#8230;<\/p>\n","protected":false},"author":1,"featured_media":26130,"comment_status":"open","ping_status":"open","sticky":false,"template":"","format":"standard","meta":{"footnotes":""},"categories":[2],"tags":[],"featured_image_urls":{"full":["https:\/\/novosaopaulo.com.br\/n1\/wp-content\/uploads\/2025\/09\/WhatsApp-Image-2025-09-28-at-10.52.00.jpeg",768,512,false],"thumbnail":["https:\/\/novosaopaulo.com.br\/n1\/wp-content\/uploads\/2025\/09\/WhatsApp-Image-2025-09-28-at-10.52.00-150x150.jpeg",150,150,true],"medium":["https:\/\/novosaopaulo.com.br\/n1\/wp-content\/uploads\/2025\/09\/WhatsApp-Image-2025-09-28-at-10.52.00-300x200.jpeg",300,200,true],"medium_large":["https:\/\/novosaopaulo.com.br\/n1\/wp-content\/uploads\/2025\/09\/WhatsApp-Image-2025-09-28-at-10.52.00.jpeg",640,427,false],"large":["https:\/\/novosaopaulo.com.br\/n1\/wp-content\/uploads\/2025\/09\/WhatsApp-Image-2025-09-28-at-10.52.00.jpeg",640,427,false],"1536x1536":["https:\/\/novosaopaulo.com.br\/n1\/wp-content\/uploads\/2025\/09\/WhatsApp-Image-2025-09-28-at-10.52.00.jpeg",768,512,false],"2048x2048":["https:\/\/novosaopaulo.com.br\/n1\/wp-content\/uploads\/2025\/09\/WhatsApp-Image-2025-09-28-at-10.52.00.jpeg",768,512,false],"newsever-slider-full":["https:\/\/novosaopaulo.com.br\/n1\/wp-content\/uploads\/2025\/09\/WhatsApp-Image-2025-09-28-at-10.52.00.jpeg",768,512,false],"newsever-featured":["https:\/\/novosaopaulo.com.br\/n1\/wp-content\/uploads\/2025\/09\/WhatsApp-Image-2025-09-28-at-10.52.00.jpeg",768,512,false],"newsever-medium":["https:\/\/novosaopaulo.com.br\/n1\/wp-content\/uploads\/2025\/09\/WhatsApp-Image-2025-09-28-at-10.52.00-720x475.jpeg",720,475,true]},"author_info":{"display_name":"Reda\u00e7\u00e3o","author_link":"https:\/\/novosaopaulo.com.br\/n1\/author\/g5poa\/"},"category_info":"<a href=\"https:\/\/novosaopaulo.com.br\/n1\/category\/cidades\/\" rel=\"category tag\">Cidades<\/a>","tag_info":"Cidades","comment_count":"0","_links":{"self":[{"href":"https:\/\/novosaopaulo.com.br\/n1\/wp-json\/wp\/v2\/posts\/26129"}],"collection":[{"href":"https:\/\/novosaopaulo.com.br\/n1\/wp-json\/wp\/v2\/posts"}],"about":[{"href":"https:\/\/novosaopaulo.com.br\/n1\/wp-json\/wp\/v2\/types\/post"}],"author":[{"embeddable":true,"href":"https:\/\/novosaopaulo.com.br\/n1\/wp-json\/wp\/v2\/users\/1"}],"replies":[{"embeddable":true,"href":"https:\/\/novosaopaulo.com.br\/n1\/wp-json\/wp\/v2\/comments?post=26129"}],"version-history":[{"count":1,"href":"https:\/\/novosaopaulo.com.br\/n1\/wp-json\/wp\/v2\/posts\/26129\/revisions"}],"predecessor-version":[{"id":26131,"href":"https:\/\/novosaopaulo.com.br\/n1\/wp-json\/wp\/v2\/posts\/26129\/revisions\/26131"}],"wp:featuredmedia":[{"embeddable":true,"href":"https:\/\/novosaopaulo.com.br\/n1\/wp-json\/wp\/v2\/media\/26130"}],"wp:attachment":[{"href":"https:\/\/novosaopaulo.com.br\/n1\/wp-json\/wp\/v2\/media?parent=26129"}],"wp:term":[{"taxonomy":"category","embeddable":true,"href":"https:\/\/novosaopaulo.com.br\/n1\/wp-json\/wp\/v2\/categories?post=26129"},{"taxonomy":"post_tag","embeddable":true,"href":"https:\/\/novosaopaulo.com.br\/n1\/wp-json\/wp\/v2\/tags?post=26129"}],"curies":[{"name":"wp","href":"https:\/\/api.w.org\/{rel}","templated":true}]}}