{"id":26106,"date":"2025-09-26T20:30:52","date_gmt":"2025-09-26T23:30:52","guid":{"rendered":"https:\/\/novosaopaulo.com.br\/n1\/?p=26106"},"modified":"2025-09-26T20:30:53","modified_gmt":"2025-09-26T23:30:53","slug":"vereadores-de-suzano-participam-de-solenidade-de-nomeacao-do-hospital-regional-do-alto-tiete","status":"publish","type":"post","link":"https:\/\/novosaopaulo.com.br\/n1\/vereadores-de-suzano-participam-de-solenidade-de-nomeacao-do-hospital-regional-do-alto-tiete\/","title":{"rendered":"Vereadores de Suzano participam de solenidade de nomea\u00e7\u00e3o do Hospital Regional do Alto Tiet\u00ea"},"content":{"rendered":"\n<p>Os vereadores de Suzano Artur Takayama (PL); Adilson de Lima Franco (Uni\u00e3o), o Adilson Horse; Andr\u00e9 Dourado (PT); Benedito dos Santos Moraes (MDB), o Inhame; Denis Claudio da Silva (PSD), o filho do Pedrinho do Mercado; Jaime Siunte (Avante); Jo\u00e3o Batista Nogueira de Azevedo (PRD), o Jo\u00e3o Sabugo; Jos\u00e9 de Oliveira Lima (MDB), o Z\u00e9 Oliveira; Josias Ferreira Silva (PcdoB), o Josias Mineiro; Leandro Alves de Faria (PL), o Leandrinho; e Marcel Pereira da Silva (PRD), o Marcel da ONG, estiveram presentes na solenidade de nomea\u00e7\u00e3o do Hospital Regional do Alto Tiet\u00ea (HRAT) \u201cDeputado Estevam Galv\u00e3o de Oliveira\u201d, realizada na manh\u00e3 de hoje (26), na Vila Amorim.<\/p>\n\n\n\n<p>A solenidade ainda contou com a presen\u00e7a do secret\u00e1rio de Estado da Sa\u00fade, Eleuses Paiva; do deputado federal M\u00e1rcio Alvino (PL); do presidente da Assembleia Legislativa do Estado de S\u00e3o Paulo (Alesp), Andr\u00e9 do Prado (PL); e do prefeito Pedro Ishi (PL), al\u00e9m de outras autoridades municipais e regionais.<\/p>\n\n\n\n<p>Ishi disse que a cidade \u201cvive um sonho de poder abrir esse hospital. De forma muito merecida, o hospital leva o nome do Estevam\u201d, afirmou.<\/p>\n\n\n\n<p>O ex-prefeito e atual secret\u00e1rio do Verde e do Meio Ambiente da cidade de S\u00e3o Paulo, Rodrigo Ashiuchi garantiu que a homenagem vai \u201deternizar o nome daquele que mais vezes foi prefeito de Suzano: Estevam Galv\u00e3o\u201d.<\/p>\n\n\n\n<p>Vi\u00fava do homenageado, a ex-vice-prefeita Viviane Galv\u00e3o disse que as pessoas de Suzano sabem o que Estevam fez. \u201cCada rua, cada pedacinho de bairro tem sempre algo que ele fez. Onde quer que ele esteja, sei que est\u00e1 muito feliz. Quero agradecer muito por esta homenagem.\u201d<\/p>\n\n\n\n<p>Eleuses Paiva declarou que ningu\u00e9m se reelege tantas vezes se n\u00e3o tiver muito para oferecer \u00e0 popula\u00e7\u00e3o. \u201cAlgumas pessoas s\u00e3o imprescind\u00edveis para a sociedade pois passam a vida toda se dedicando a ela, e eternizar o nome \u00e9 referenciar quem foi esse homem para as gera\u00e7\u00f5es futuras.\u201d<\/p>\n\n\n\n<p>Marcio Alvino destacou que o pol\u00edtico passa, mas o legado fica. \u201cO Estevam \u00e9 uma refer\u00eancia\u201d, afirmou. Andr\u00e9 do Prado lembrou que teve a honra de pensar o projeto de lei denominando o pr\u00e9dio como Estevam Galv\u00e3o de Oliveira. \u201cTodos que conviveram com ele sabem que ele amava n\u00e3o s\u00f3 Suzano, mas todo o Alto Tiet\u00ea. Obrigada vereador, prefeito, deputado Estevam Galv\u00e3o\u201d, declarou.<\/p>\n\n\n\n<p>Artur Takayama afirmou que essa \u00e9 uma forma de manter viva a mem\u00f3ria e o legado pol\u00edticos de Estevam. \u201cA boa pol\u00edtica \u00e9 aquela que transforma a vida das pessoas\u201d, disse.<\/p>\n\n\n\n<p>Tamb\u00e9m estavam presentes no evento os prefeitos de Mogi das Cruzes, Mara Bertaiolli (PL) e de Biritiba Mirim, Carlos Alberto Taino (PL), o Inho, al\u00e9m do vice-prefeito de Suzano, Said Raful (PSD); da primeira-dama de Suzano, D\u00e9borah Raffoul; e de familiares de Estevam Galv\u00e3o.<\/p>\n\n\n\n<p>Hist\u00f3rico<\/p>\n\n\n\n<p>Estevam Galv\u00e3o de Oliveira foi prefeito de Suzano por quatro mandatos e deputado estadual por cinco mandatos, al\u00e9m de ter sido tamb\u00e9m vereador e deputado federal. Ele atuou por mais de dez anos pela constru\u00e7\u00e3o do hospital estadual na cidade.<\/p>\n","protected":false},"excerpt":{"rendered":"<p>Os vereadores de Suzano Artur Takayama (PL); Adilson de Lima Franco (Uni\u00e3o), o Adilson Horse;&#8230;<\/p>\n","protected":false},"author":1,"featured_media":26107,"comment_status":"open","ping_status":"open","sticky":false,"template":"","format":"standard","meta":{"footnotes":""},"categories":[34],"tags":[],"featured_image_urls":{"full":["https:\/\/novosaopaulo.com.br\/n1\/wp-content\/uploads\/2025\/09\/WhatsApp-Image-2025-09-26-at-17.03.37.jpeg",1280,960,false],"thumbnail":["https:\/\/novosaopaulo.com.br\/n1\/wp-content\/uploads\/2025\/09\/WhatsApp-Image-2025-09-26-at-17.03.37-150x150.jpeg",150,150,true],"medium":["https:\/\/novosaopaulo.com.br\/n1\/wp-content\/uploads\/2025\/09\/WhatsApp-Image-2025-09-26-at-17.03.37-300x225.jpeg",300,225,true],"medium_large":["https:\/\/novosaopaulo.com.br\/n1\/wp-content\/uploads\/2025\/09\/WhatsApp-Image-2025-09-26-at-17.03.37-768x576.jpeg",640,480,true],"large":["https:\/\/novosaopaulo.com.br\/n1\/wp-content\/uploads\/2025\/09\/WhatsApp-Image-2025-09-26-at-17.03.37-1024x768.jpeg",640,480,true],"1536x1536":["https:\/\/novosaopaulo.com.br\/n1\/wp-content\/uploads\/2025\/09\/WhatsApp-Image-2025-09-26-at-17.03.37.jpeg",1280,960,false],"2048x2048":["https:\/\/novosaopaulo.com.br\/n1\/wp-content\/uploads\/2025\/09\/WhatsApp-Image-2025-09-26-at-17.03.37.jpeg",1280,960,false],"newsever-slider-full":["https:\/\/novosaopaulo.com.br\/n1\/wp-content\/uploads\/2025\/09\/WhatsApp-Image-2025-09-26-at-17.03.37-1280x845.jpeg",1280,845,true],"newsever-featured":["https:\/\/novosaopaulo.com.br\/n1\/wp-content\/uploads\/2025\/09\/WhatsApp-Image-2025-09-26-at-17.03.37-1024x768.jpeg",1024,768,true],"newsever-medium":["https:\/\/novosaopaulo.com.br\/n1\/wp-content\/uploads\/2025\/09\/WhatsApp-Image-2025-09-26-at-17.03.37-720x475.jpeg",720,475,true]},"author_info":{"display_name":"Reda\u00e7\u00e3o","author_link":"https:\/\/novosaopaulo.com.br\/n1\/author\/g5poa\/"},"category_info":"<a href=\"https:\/\/novosaopaulo.com.br\/n1\/category\/alto-tiete\/\" rel=\"category tag\">Alto Tiet\u00ea<\/a>","tag_info":"Alto Tiet\u00ea","comment_count":"0","_links":{"self":[{"href":"https:\/\/novosaopaulo.com.br\/n1\/wp-json\/wp\/v2\/posts\/26106"}],"collection":[{"href":"https:\/\/novosaopaulo.com.br\/n1\/wp-json\/wp\/v2\/posts"}],"about":[{"href":"https:\/\/novosaopaulo.com.br\/n1\/wp-json\/wp\/v2\/types\/post"}],"author":[{"embeddable":true,"href":"https:\/\/novosaopaulo.com.br\/n1\/wp-json\/wp\/v2\/users\/1"}],"replies":[{"embeddable":true,"href":"https:\/\/novosaopaulo.com.br\/n1\/wp-json\/wp\/v2\/comments?post=26106"}],"version-history":[{"count":1,"href":"https:\/\/novosaopaulo.com.br\/n1\/wp-json\/wp\/v2\/posts\/26106\/revisions"}],"predecessor-version":[{"id":26108,"href":"https:\/\/novosaopaulo.com.br\/n1\/wp-json\/wp\/v2\/posts\/26106\/revisions\/26108"}],"wp:featuredmedia":[{"embeddable":true,"href":"https:\/\/novosaopaulo.com.br\/n1\/wp-json\/wp\/v2\/media\/26107"}],"wp:attachment":[{"href":"https:\/\/novosaopaulo.com.br\/n1\/wp-json\/wp\/v2\/media?parent=26106"}],"wp:term":[{"taxonomy":"category","embeddable":true,"href":"https:\/\/novosaopaulo.com.br\/n1\/wp-json\/wp\/v2\/categories?post=26106"},{"taxonomy":"post_tag","embeddable":true,"href":"https:\/\/novosaopaulo.com.br\/n1\/wp-json\/wp\/v2\/tags?post=26106"}],"curies":[{"name":"wp","href":"https:\/\/api.w.org\/{rel}","templated":true}]}}