{"id":26064,"date":"2025-09-25T15:18:55","date_gmt":"2025-09-25T18:18:55","guid":{"rendered":"https:\/\/novosaopaulo.com.br\/n1\/?p=26064"},"modified":"2025-09-25T15:18:56","modified_gmt":"2025-09-25T18:18:56","slug":"peca-boy-anuncia-curta-temporada-no-palco-do-teatro-west-plaza-em-sao-paulo","status":"publish","type":"post","link":"https:\/\/novosaopaulo.com.br\/n1\/peca-boy-anuncia-curta-temporada-no-palco-do-teatro-west-plaza-em-sao-paulo\/","title":{"rendered":"Pe\u00e7a BOY anuncia curta temporada no palco do Teatro West Plaza em S\u00e3o Paulo"},"content":{"rendered":"\n<p>Ator Gil Hern\u00e1ndez interpreta o garoto de programa Fernando, com texto que destaca pol\u00edtica, sa\u00fade e o universo LGBTQIA+<\/p>\n\n\n\n<p>Com destaque no roteiro cultural carioca, a pe\u00e7a Boy anuncia curta temporada na cidade de S\u00e3o Paulo. O texto assinado por Rog\u00e9rio Corr\u00eaa conta com dire\u00e7\u00e3o de Isaac Bernat, e apresenta em cena, o ator Gil Hern\u00e1ndez e poder\u00e1 ser conferido aos s\u00e1bados e domingos, do m\u00eas de outubro, no palco do Teatro West Plaza.<\/p>\n\n\n\n<p>O espet\u00e1culo nasceu da pe\u00e7a \u201cDe Bar em Bar\u201d, escrita pelo pr\u00f3prio Rog\u00e9rio Corr\u00eaa, que re\u00fane os mon\u00f3logos de quatro personagens que viveram no governo do ex-presidente Fernando Collor de Mello (1990-1992), quando, al\u00e9m da grande crise econ\u00f4mica e pol\u00edtica, o pa\u00eds enfrentava o auge da epidemia de HIV\/AIDS. A pe\u00e7a Boy \u00e9 a vers\u00e3o expandida da hist\u00f3ria de um desses personagens, o mich\u00ea Fernando.<\/p>\n\n\n\n<p>\u201cSentia que a hist\u00f3ria dele n\u00e3o cabia na pe\u00e7a. Ele n\u00e3o s\u00f3 descreve essa \u00e9poca do ponto de vista das pessoas LGBTQIA+, como viveu muito intensamente nesse per\u00edodo. Ele perdeu muitos amigos e viu a AIDS surgir logo depois da enorme libera\u00e7\u00e3o sexual, pol\u00edtica e cultural que aconteceu depois do fim da ditadura militar\u201d, conta Corr\u00eaa.<\/p>\n\n\n\n<p>Enredo<\/p>\n\n\n\n<p>A trama apresenta a hist\u00f3ria de um garoto de programa que trabalhava como mich\u00ea em uma sauna gay desde os anos do governo Collor, tendo se relacionado at\u00e9 com figuras importantes da pol\u00edtica. Em 2022, no anivers\u00e1rio tr\u00eas d\u00e9cadas do impeachment do presidente Collor, ele se encontra no bar da sua sauna e relembra como aqueles anos impactaram a sua vida. O protagonista evoca v\u00e1rias mem\u00f3rias, entre elas a epidemia de HIV\/AIDS e as pessoas queridas que perderam a vida para a doen\u00e7a<\/p>\n\n\n\n<p>\u201cQuando fiz a pe\u00e7a nos anos 1980, aprendi muito sobre a AIDS. Na \u00e9poca, sabia-se muito pouco sobre a doen\u00e7a e ainda se falava que a comunidade LGBTQIA+ era um grupo de risco, o que gerava muitos estigmas. Ent\u00e3o, aprendemos que dever\u00edamos falar, na verdade, sobre comportamento de risco e passamos a entender que qualquer pessoa, independentemente da orienta\u00e7\u00e3o sexual, pode entrar em contato com o v\u00edrus\u201d, afirma Bernat. O diretor ainda conta que a encena\u00e7\u00e3o vai se basear na simplicidade. Gil vai transitar livremente pelo espa\u00e7o, como se estivesse mesmo no bar da sauna gay. A proposta baseia-se na rela\u00e7\u00e3o de proximidade com a plateia, de conversar, trocar ideias e contar hist\u00f3rias. Claro que o dram\u00e1tico tamb\u00e9m aparece, mas queremos esse di\u00e1logo com o p\u00fablico\u201d, explica.<\/p>\n\n\n\n<p>\u201cO texto humaniza e quebra o r\u00f3tulo de que os garotos de programa est\u00e3o diretamente associados a rela\u00e7\u00e3o sexual. Conversei com diversos garotos de programa e cheguei a visitar uma sauna gay para ter melhor conhecimento e construir o personagem que viria a interpretar\u201d, comenta Hernandez. \u201cA pe\u00e7a al\u00e9m de retratar um momento pol\u00edtico vivido pelo pa\u00eds, transita no campo m\u00e9dico e fala sobre coragem, humanidade e tamb\u00e9m dignidade\u201d, completa o ator.<\/p>\n\n\n\n<p>Sinopse<\/p>\n\n\n\n<p>BOY apresenta a hist\u00f3ria de um garoto de programa que viveu no Rio de Janeiro durante os anos do governo de Fernando Color. Em 2022, no anivers\u00e1rio de 30 anos do impeachment do Color, ele est\u00e1 no bar da sua sauna gay e relembra como aqueles anos impactaram a sua vida. O protagonista pinta o retrato de uma \u00e9poca de grandes mudan\u00e7as para o pa\u00eds: a epidemia da AIDS, o fim da ditadura e o come\u00e7o da nova rep\u00fablica.<\/p>\n\n\n\n<p>Sobre o ator<\/p>\n\n\n\n<p>Carioca de ascend\u00eancia venezuelana, Hernandez tem mais quase 30 anos de carreira. Formado no curso de Artes C\u00eanicas na Universidade do Rio de Janeiro, no teatro, atuou em mais de 20 espet\u00e1culos. Apresentou programas na Net TV, TV Senac e Sport TV. J\u00e1 fez mais de 300 filmes publicit\u00e1rios, Al\u00e9m disso, sempre \u00e9 contratado como Mestre de Cerim\u00f4nias para eventos de companhias nacionais e internacionais.<\/p>\n\n\n\n<p>Na TV participou de diversas novelas, como \u201cMeu Bem Querer\u201d, \u201cDesejo Proibido\u201d, \u201cMalha\u00e7\u00e3o Casa Cheia\u201d, \u201cSalve-se quem Puder\u201d e a \u201cVolta por Cima\u201d, todas exibidas pela TV Globo. E \u201cA Terra Prometida\u201d e a s\u00e9rie \u201cLei e o Crime\u201d, pela TV Record. Tamb\u00e9m marcou presen\u00e7a no Cinema, com participa\u00e7\u00e3o em \u201cA Dona da Hist\u00f3ria (2004) e \u201cDiv\u00e3\u201d (2013)<\/p>\n\n\n\n<p>SERVI\u00c7O<\/p>\n\n\n\n<p>Boy<\/p>\n\n\n\n<p>Onde: Teatro West Plaza, na Avenida Ant\u00e1rtica, 408, \u00c1gua Branca<\/p>\n\n\n\n<p>Quando: S\u00e1bados e domingos do m\u00eas de outubro<\/p>\n\n\n\n<p>Hor\u00e1rio: 20h30<\/p>\n\n\n\n<p>Ingressos: R$ 70,00 (https:\/\/encurtador.com.br\/XFd3h)<\/p>\n","protected":false},"excerpt":{"rendered":"<p>Ator Gil Hern\u00e1ndez interpreta o garoto de programa Fernando, com texto que destaca pol\u00edtica, sa\u00fade&#8230;<\/p>\n","protected":false},"author":1,"featured_media":26065,"comment_status":"open","ping_status":"open","sticky":false,"template":"","format":"standard","meta":{"footnotes":""},"categories":[38],"tags":[],"featured_image_urls":{"full":["https:\/\/novosaopaulo.com.br\/n1\/wp-content\/uploads\/2025\/09\/WhatsApp-Image-2025-09-25-at-15.16.53.jpeg",1600,1243,false],"thumbnail":["https:\/\/novosaopaulo.com.br\/n1\/wp-content\/uploads\/2025\/09\/WhatsApp-Image-2025-09-25-at-15.16.53-150x150.jpeg",150,150,true],"medium":["https:\/\/novosaopaulo.com.br\/n1\/wp-content\/uploads\/2025\/09\/WhatsApp-Image-2025-09-25-at-15.16.53-300x233.jpeg",300,233,true],"medium_large":["https:\/\/novosaopaulo.com.br\/n1\/wp-content\/uploads\/2025\/09\/WhatsApp-Image-2025-09-25-at-15.16.53-768x597.jpeg",640,498,true],"large":["https:\/\/novosaopaulo.com.br\/n1\/wp-content\/uploads\/2025\/09\/WhatsApp-Image-2025-09-25-at-15.16.53-1024x796.jpeg",640,498,true],"1536x1536":["https:\/\/novosaopaulo.com.br\/n1\/wp-content\/uploads\/2025\/09\/WhatsApp-Image-2025-09-25-at-15.16.53-1536x1193.jpeg",1536,1193,true],"2048x2048":["https:\/\/novosaopaulo.com.br\/n1\/wp-content\/uploads\/2025\/09\/WhatsApp-Image-2025-09-25-at-15.16.53.jpeg",1600,1243,false],"newsever-slider-full":["https:\/\/novosaopaulo.com.br\/n1\/wp-content\/uploads\/2025\/09\/WhatsApp-Image-2025-09-25-at-15.16.53-1280x845.jpeg",1280,845,true],"newsever-featured":["https:\/\/novosaopaulo.com.br\/n1\/wp-content\/uploads\/2025\/09\/WhatsApp-Image-2025-09-25-at-15.16.53-1024x796.jpeg",1024,796,true],"newsever-medium":["https:\/\/novosaopaulo.com.br\/n1\/wp-content\/uploads\/2025\/09\/WhatsApp-Image-2025-09-25-at-15.16.53-720x475.jpeg",720,475,true]},"author_info":{"display_name":"Reda\u00e7\u00e3o","author_link":"https:\/\/novosaopaulo.com.br\/n1\/author\/g5poa\/"},"category_info":"<a href=\"https:\/\/novosaopaulo.com.br\/n1\/category\/joao-costa\/\" rel=\"category tag\">Jo\u00e3o Costa<\/a>","tag_info":"Jo\u00e3o Costa","comment_count":"0","_links":{"self":[{"href":"https:\/\/novosaopaulo.com.br\/n1\/wp-json\/wp\/v2\/posts\/26064"}],"collection":[{"href":"https:\/\/novosaopaulo.com.br\/n1\/wp-json\/wp\/v2\/posts"}],"about":[{"href":"https:\/\/novosaopaulo.com.br\/n1\/wp-json\/wp\/v2\/types\/post"}],"author":[{"embeddable":true,"href":"https:\/\/novosaopaulo.com.br\/n1\/wp-json\/wp\/v2\/users\/1"}],"replies":[{"embeddable":true,"href":"https:\/\/novosaopaulo.com.br\/n1\/wp-json\/wp\/v2\/comments?post=26064"}],"version-history":[{"count":1,"href":"https:\/\/novosaopaulo.com.br\/n1\/wp-json\/wp\/v2\/posts\/26064\/revisions"}],"predecessor-version":[{"id":26066,"href":"https:\/\/novosaopaulo.com.br\/n1\/wp-json\/wp\/v2\/posts\/26064\/revisions\/26066"}],"wp:featuredmedia":[{"embeddable":true,"href":"https:\/\/novosaopaulo.com.br\/n1\/wp-json\/wp\/v2\/media\/26065"}],"wp:attachment":[{"href":"https:\/\/novosaopaulo.com.br\/n1\/wp-json\/wp\/v2\/media?parent=26064"}],"wp:term":[{"taxonomy":"category","embeddable":true,"href":"https:\/\/novosaopaulo.com.br\/n1\/wp-json\/wp\/v2\/categories?post=26064"},{"taxonomy":"post_tag","embeddable":true,"href":"https:\/\/novosaopaulo.com.br\/n1\/wp-json\/wp\/v2\/tags?post=26064"}],"curies":[{"name":"wp","href":"https:\/\/api.w.org\/{rel}","templated":true}]}}