{"id":26061,"date":"2025-09-25T15:03:14","date_gmt":"2025-09-25T18:03:14","guid":{"rendered":"https:\/\/novosaopaulo.com.br\/n1\/?p=26061"},"modified":"2025-09-25T15:03:15","modified_gmt":"2025-09-25T18:03:15","slug":"nota-de-divulgacao-feira-toblu-solidaria","status":"publish","type":"post","link":"https:\/\/novosaopaulo.com.br\/n1\/nota-de-divulgacao-feira-toblu-solidaria\/","title":{"rendered":"Nota de Divulga\u00e7\u00e3o \u2013 Feira Toblu Solid\u00e1ria"},"content":{"rendered":"\n<p>A Feira Toblu chega \u00e0 sua segunda edi\u00e7\u00e3o reafirmando o compromisso com a sustentabilidade e a solidariedade. O evento vai reunir empreendedores da moda consciente, que estar\u00e3o expondo e vendendo seus produtos, al\u00e9m de abrir espa\u00e7o para institui\u00e7\u00f5es sociais de grande relev\u00e2ncia.<\/p>\n\n\n\n<p>As organiza\u00e7\u00f5es APAE Rio, Casa Ronald, Rotary Club Tijuca, LBV e Colo de M\u00e3e ter\u00e3o estandes pr\u00f3prios com bazares beneficentes, e em cada um deles 90% do lucro das vendas ficar\u00e1 diretamente com a institui\u00e7\u00e3o respons\u00e1vel, sendo integralmente revertido para suas causas sociais.<\/p>\n\n\n\n<p>Outro destaque \u00e9 o Abrigo \u00daltima Chance, que ter\u00e1 um estande de doces com renda 100% destinada ao cuidado e \u00e0 prote\u00e7\u00e3o de c\u00e3es resgatados.<\/p>\n\n\n\n<p>A entrada ser\u00e1 solid\u00e1ria, com a doa\u00e7\u00e3o de 1kg de alimento n\u00e3o perec\u00edvel, que ser\u00e1 destinado ao Orfanato Santa Rita de C\u00e1ssia. Al\u00e9m disso, os visitantes poder\u00e3o participar de oficinas gratuitas, atra\u00e7\u00f5es culturais e rodas de conversa ao longo dos tr\u00eas dias de evento.<\/p>\n\n\n\n<p>\ud83d\udcc5 Dias: 03, 04 e 05 de outubro<br>\u23f0 Hor\u00e1rio: 13h \u00e0s 20h<br>\ud83d\udccd Local: Tijuca T\u00eanis Clube \u2013 RJ<\/p>\n\n\n\n<p>\ud83c\udf9f\ufe0f Garanta j\u00e1 o seu ingresso gratuito:<br>\ud83d\udc49 Sympla \u2013 Feira Toblu 2\u00aa edi\u00e7\u00e3o<br>https:\/\/www.sympla.com.br\/evento\/feira-toblu-2-edicao\/3116736<\/p>\n\n\n\n<p>\ud83d\udcf2 Acompanhe: @feiratoblu<\/p>\n","protected":false},"excerpt":{"rendered":"<p>A Feira Toblu chega \u00e0 sua segunda edi\u00e7\u00e3o reafirmando o compromisso com a sustentabilidade e&#8230;<\/p>\n","protected":false},"author":1,"featured_media":26062,"comment_status":"open","ping_status":"open","sticky":false,"template":"","format":"standard","meta":{"footnotes":""},"categories":[45],"tags":[],"featured_image_urls":{"full":["https:\/\/novosaopaulo.com.br\/n1\/wp-content\/uploads\/2025\/09\/WhatsApp-Image-2025-05-27-at-13.31.05-1-860x484-1.jpeg",860,484,false],"thumbnail":["https:\/\/novosaopaulo.com.br\/n1\/wp-content\/uploads\/2025\/09\/WhatsApp-Image-2025-05-27-at-13.31.05-1-860x484-1-150x150.jpeg",150,150,true],"medium":["https:\/\/novosaopaulo.com.br\/n1\/wp-content\/uploads\/2025\/09\/WhatsApp-Image-2025-05-27-at-13.31.05-1-860x484-1-300x169.jpeg",300,169,true],"medium_large":["https:\/\/novosaopaulo.com.br\/n1\/wp-content\/uploads\/2025\/09\/WhatsApp-Image-2025-05-27-at-13.31.05-1-860x484-1-768x432.jpeg",640,360,true],"large":["https:\/\/novosaopaulo.com.br\/n1\/wp-content\/uploads\/2025\/09\/WhatsApp-Image-2025-05-27-at-13.31.05-1-860x484-1.jpeg",640,360,false],"1536x1536":["https:\/\/novosaopaulo.com.br\/n1\/wp-content\/uploads\/2025\/09\/WhatsApp-Image-2025-05-27-at-13.31.05-1-860x484-1.jpeg",860,484,false],"2048x2048":["https:\/\/novosaopaulo.com.br\/n1\/wp-content\/uploads\/2025\/09\/WhatsApp-Image-2025-05-27-at-13.31.05-1-860x484-1.jpeg",860,484,false],"newsever-slider-full":["https:\/\/novosaopaulo.com.br\/n1\/wp-content\/uploads\/2025\/09\/WhatsApp-Image-2025-05-27-at-13.31.05-1-860x484-1.jpeg",860,484,false],"newsever-featured":["https:\/\/novosaopaulo.com.br\/n1\/wp-content\/uploads\/2025\/09\/WhatsApp-Image-2025-05-27-at-13.31.05-1-860x484-1.jpeg",860,484,false],"newsever-medium":["https:\/\/novosaopaulo.com.br\/n1\/wp-content\/uploads\/2025\/09\/WhatsApp-Image-2025-05-27-at-13.31.05-1-860x484-1-720x475.jpeg",720,475,true]},"author_info":{"display_name":"Reda\u00e7\u00e3o","author_link":"https:\/\/novosaopaulo.com.br\/n1\/author\/g5poa\/"},"category_info":"<a href=\"https:\/\/novosaopaulo.com.br\/n1\/category\/cultura\/\" rel=\"category tag\">Cultura<\/a>","tag_info":"Cultura","comment_count":"0","_links":{"self":[{"href":"https:\/\/novosaopaulo.com.br\/n1\/wp-json\/wp\/v2\/posts\/26061"}],"collection":[{"href":"https:\/\/novosaopaulo.com.br\/n1\/wp-json\/wp\/v2\/posts"}],"about":[{"href":"https:\/\/novosaopaulo.com.br\/n1\/wp-json\/wp\/v2\/types\/post"}],"author":[{"embeddable":true,"href":"https:\/\/novosaopaulo.com.br\/n1\/wp-json\/wp\/v2\/users\/1"}],"replies":[{"embeddable":true,"href":"https:\/\/novosaopaulo.com.br\/n1\/wp-json\/wp\/v2\/comments?post=26061"}],"version-history":[{"count":1,"href":"https:\/\/novosaopaulo.com.br\/n1\/wp-json\/wp\/v2\/posts\/26061\/revisions"}],"predecessor-version":[{"id":26063,"href":"https:\/\/novosaopaulo.com.br\/n1\/wp-json\/wp\/v2\/posts\/26061\/revisions\/26063"}],"wp:featuredmedia":[{"embeddable":true,"href":"https:\/\/novosaopaulo.com.br\/n1\/wp-json\/wp\/v2\/media\/26062"}],"wp:attachment":[{"href":"https:\/\/novosaopaulo.com.br\/n1\/wp-json\/wp\/v2\/media?parent=26061"}],"wp:term":[{"taxonomy":"category","embeddable":true,"href":"https:\/\/novosaopaulo.com.br\/n1\/wp-json\/wp\/v2\/categories?post=26061"},{"taxonomy":"post_tag","embeddable":true,"href":"https:\/\/novosaopaulo.com.br\/n1\/wp-json\/wp\/v2\/tags?post=26061"}],"curies":[{"name":"wp","href":"https:\/\/api.w.org\/{rel}","templated":true}]}}