{"id":26058,"date":"2025-09-25T15:02:05","date_gmt":"2025-09-25T18:02:05","guid":{"rendered":"https:\/\/novosaopaulo.com.br\/n1\/?p=26058"},"modified":"2025-09-25T15:02:06","modified_gmt":"2025-09-25T18:02:06","slug":"waldir-grisolia-em-parceria-com-os-artistas-grafiteiros-andre-cccu-art-vida-e-kombo-inauguram-o-mural-dagua","status":"publish","type":"post","link":"https:\/\/novosaopaulo.com.br\/n1\/waldir-grisolia-em-parceria-com-os-artistas-grafiteiros-andre-cccu-art-vida-e-kombo-inauguram-o-mural-dagua\/","title":{"rendered":"Waldir Grisolia em parceria com os artistas grafiteiros, Andr\u00e9 CCCU, Art Vida e Kombo, inauguram o &#8220;Mural D&#8217;\u00e1gua&#8221;"},"content":{"rendered":"\n<p>Waldir Grisolia em parceria com os artistas grafiteiros, Andr\u00e9 CCCU, Art Vida e Kombo, no dia 19 de setembro de 2025, entregaram o Mural D&#8217;\u00e1gua, o projeto foi inaugurado na Esta\u00e7\u00e3o Comendador Ermelino, na Zona Leste de S\u00e3o Paulo.&nbsp;<\/p>\n\n\n\n<p>O Grafite possui 300 metros com v\u00e1rias paisagens da regi\u00e3o, com seus c\u00f3rregos e dois irm\u00e3os. Totalmente realizado de forma gratuita pela Lab Ermelino, com a ideia da coordenadora, Dra Ana Paula Koury.&nbsp;O objetivo \u00e9 explicar a preserva\u00e7\u00e3o dos c\u00f3rregos locais.<\/p>\n\n\n\n<p>Teve a presen\u00e7a do grupo de rap&nbsp;Poder B\u00e9lico da Favela, os seus principais artistas s\u00e3o o Rod, \u00c9dson Kdeia e DJ Elvis. Os idealizadores dos projetos&nbsp;@movimentoemmovimento&nbsp;e&nbsp;@ecoflow_hiphopfestival<\/p>\n\n\n\n<p>Waldir Grisolia &#8211; Assessoria de imprensa Livia Rosa Santana<\/p>\n\n\n\n<p>Sobre trabalhos de Waldir Grisolia: Com forma\u00e7\u00e3o em T\u00e9cnico de Comunica\u00e7\u00e3o Visual, Desenho Art\u00edstico e Pintor Letrista,&nbsp;Waldir Grisolia desde dos anos 2000 vem desenvolvendo diversos trabalhos como pintura art\u00edstica em murais, projetos e mutir\u00f5es. Trabalhos art\u00edstico cultural e comercial. Pintor letrista na ind\u00fastria, confec\u00e7\u00e3o de logotipo e identifica\u00e7\u00e3o.<\/p>\n\n\n\n<p>Ano 2017 &#8211;&nbsp;Graffiti Arte Projeto de mural da F\u00e1brica Nitroquima 2017 com mais 30 artistas,&nbsp;na produ\u00e7\u00e3o de mural de 1km.<br>Ano 2018 e 2019 &#8211;&nbsp;Projeto de Revitaliza\u00e7\u00e3o de pontos viciados, com graffiti tem\u00e1tico&nbsp;em conjunto empresa de limpeza urbana.<br>Painel em Florian\u00f3polis 2019 (M\u00e9todo Medicina) Obra Mural Doa\u00e7\u00e3o e amor ao pr\u00f3ximo.<br>Projeto Caf\u00e9 Cultural (Portugal) &#8211;&nbsp;Resid\u00eancia art\u00edstica de 15 dias na produ\u00e7\u00e3o de painel tem\u00e1tico, com apoio do governo Portugu\u00eas.<br>Idealizador do Projeto @Becodohulk (galeria a c\u00e9u aberto) em Ermelino Matarazzo.&nbsp;<br>Levando arte e cultura a regi\u00e3o da zona leste de S\u00e3o Paulo.<\/p>\n\n\n\n<p>Ano 2020 &#8211;&nbsp;Projeto Doa\u00e7\u00e3o (Hospital das Cl\u00ednicas) Mural A Enfermeira, em homenagem aos trabalhadores&nbsp;da sa\u00fade refor\u00e7ando os cuidados com a pandemia.<br>Projeto Graffiti nas Escolas: Redecorando as Escolas da rede municipal e estadual, revitalizando&nbsp;\u00e1reas comuns de maneira a educar e preservar o local em conjunto com a coordena\u00e7\u00e3o e dire\u00e7\u00e3o.<\/p>\n\n\n\n<p>Ano 2021 &#8211;&nbsp;Trof\u00e9u Arte em Movimento 2021 (Representando a diversidade cultural independente).<br>Ano 2022 &#8211;&nbsp;Exposi\u00e7\u00e3o Coletiva 2022 XII Sal\u00e3o Internacional de Artes visuais Sinap \/ Aiap (Mogi Mirin).<br>Exposi\u00e7\u00e3o coletiva no Correio Central 2022 (100 anos do Museu dos Correios e 200 anos da Marinha&nbsp;Brasileira; com a tela: O Boto onde se encontra no acervo da Marinha Brasileira.<br>1a Bienal Internacional Heclectik art &#8211; glass 2022 &#8211;&nbsp;Arte em vidro Museu de Arqueologia Diogo D Souza.&nbsp;Tela: O Boto impressa em Vidro.<br>Revisitando Portinari 2022 (Releitura de obra) &#8211; exposi\u00e7\u00e3o no Museu da imagem do som,&nbsp;com apoio da Secretaria de Educa\u00e7\u00e3o.<br>Ano 2022 e 2023 &#8211;&nbsp;Projeto de Revitaliza\u00e7\u00e3o de Pontos de Descarte irregular de lixo 2022\/2023&nbsp;@limpa.sp atendendo as regi\u00f5es da Zona Norte S\u00e3o Paulo.<br>Ano de 2024 e 2025 &#8211; Becodohulk renova\u00e7\u00e3o (2024), Mostra Internacional Entrelinhas: Tramas &amp; Narrativas em S\u00e3o Paulo (2025).<\/p>\n\n\n\n<p>Links:&nbsp;<\/p>\n\n\n\n<p>Site: https:\/\/www.ageacaovisual.com.br\/<\/p>\n\n\n\n<p>Instagram: https:\/\/www.instagram.com\/ageacaovisual\/<\/p>\n\n\n\n<p>Facebook: https:\/\/www.facebook.com\/ageacaovisual\/<\/p>\n\n\n\n<p>Legenda: Grafiteiros e os artistas do grupo Poder B\u00e9lico da Favela<br>Foto: Divulga\u00e7\u00e3o<br>Assessoria de imprensa Livia Rosa Santana #assessoriadeimprensaliviarosasantana<\/p>\n","protected":false},"excerpt":{"rendered":"<p>Waldir Grisolia em parceria com os artistas grafiteiros, Andr\u00e9 CCCU, Art Vida e Kombo, no&#8230;<\/p>\n","protected":false},"author":1,"featured_media":26059,"comment_status":"open","ping_status":"open","sticky":false,"template":"","format":"standard","meta":{"footnotes":""},"categories":[2],"tags":[],"featured_image_urls":{"full":["https:\/\/novosaopaulo.com.br\/n1\/wp-content\/uploads\/2025\/09\/WhatsApp-Image-2025-09-25-at-11.41.09.jpeg",640,360,false],"thumbnail":["https:\/\/novosaopaulo.com.br\/n1\/wp-content\/uploads\/2025\/09\/WhatsApp-Image-2025-09-25-at-11.41.09-150x150.jpeg",150,150,true],"medium":["https:\/\/novosaopaulo.com.br\/n1\/wp-content\/uploads\/2025\/09\/WhatsApp-Image-2025-09-25-at-11.41.09-300x169.jpeg",300,169,true],"medium_large":["https:\/\/novosaopaulo.com.br\/n1\/wp-content\/uploads\/2025\/09\/WhatsApp-Image-2025-09-25-at-11.41.09.jpeg",640,360,false],"large":["https:\/\/novosaopaulo.com.br\/n1\/wp-content\/uploads\/2025\/09\/WhatsApp-Image-2025-09-25-at-11.41.09.jpeg",640,360,false],"1536x1536":["https:\/\/novosaopaulo.com.br\/n1\/wp-content\/uploads\/2025\/09\/WhatsApp-Image-2025-09-25-at-11.41.09.jpeg",640,360,false],"2048x2048":["https:\/\/novosaopaulo.com.br\/n1\/wp-content\/uploads\/2025\/09\/WhatsApp-Image-2025-09-25-at-11.41.09.jpeg",640,360,false],"newsever-slider-full":["https:\/\/novosaopaulo.com.br\/n1\/wp-content\/uploads\/2025\/09\/WhatsApp-Image-2025-09-25-at-11.41.09.jpeg",640,360,false],"newsever-featured":["https:\/\/novosaopaulo.com.br\/n1\/wp-content\/uploads\/2025\/09\/WhatsApp-Image-2025-09-25-at-11.41.09.jpeg",640,360,false],"newsever-medium":["https:\/\/novosaopaulo.com.br\/n1\/wp-content\/uploads\/2025\/09\/WhatsApp-Image-2025-09-25-at-11.41.09.jpeg",640,360,false]},"author_info":{"display_name":"Reda\u00e7\u00e3o","author_link":"https:\/\/novosaopaulo.com.br\/n1\/author\/g5poa\/"},"category_info":"<a href=\"https:\/\/novosaopaulo.com.br\/n1\/category\/cidades\/\" rel=\"category tag\">Cidades<\/a>","tag_info":"Cidades","comment_count":"0","_links":{"self":[{"href":"https:\/\/novosaopaulo.com.br\/n1\/wp-json\/wp\/v2\/posts\/26058"}],"collection":[{"href":"https:\/\/novosaopaulo.com.br\/n1\/wp-json\/wp\/v2\/posts"}],"about":[{"href":"https:\/\/novosaopaulo.com.br\/n1\/wp-json\/wp\/v2\/types\/post"}],"author":[{"embeddable":true,"href":"https:\/\/novosaopaulo.com.br\/n1\/wp-json\/wp\/v2\/users\/1"}],"replies":[{"embeddable":true,"href":"https:\/\/novosaopaulo.com.br\/n1\/wp-json\/wp\/v2\/comments?post=26058"}],"version-history":[{"count":1,"href":"https:\/\/novosaopaulo.com.br\/n1\/wp-json\/wp\/v2\/posts\/26058\/revisions"}],"predecessor-version":[{"id":26060,"href":"https:\/\/novosaopaulo.com.br\/n1\/wp-json\/wp\/v2\/posts\/26058\/revisions\/26060"}],"wp:featuredmedia":[{"embeddable":true,"href":"https:\/\/novosaopaulo.com.br\/n1\/wp-json\/wp\/v2\/media\/26059"}],"wp:attachment":[{"href":"https:\/\/novosaopaulo.com.br\/n1\/wp-json\/wp\/v2\/media?parent=26058"}],"wp:term":[{"taxonomy":"category","embeddable":true,"href":"https:\/\/novosaopaulo.com.br\/n1\/wp-json\/wp\/v2\/categories?post=26058"},{"taxonomy":"post_tag","embeddable":true,"href":"https:\/\/novosaopaulo.com.br\/n1\/wp-json\/wp\/v2\/tags?post=26058"}],"curies":[{"name":"wp","href":"https:\/\/api.w.org\/{rel}","templated":true}]}}