{"id":26046,"date":"2025-09-24T22:03:16","date_gmt":"2025-09-25T01:03:16","guid":{"rendered":"https:\/\/novosaopaulo.com.br\/n1\/?p=26046"},"modified":"2025-09-24T22:03:17","modified_gmt":"2025-09-25T01:03:17","slug":"saulo-souza-anuncia-inauguracao-do-centro-de-saude-da-mulher-e-contratacao-de-100-novos-profissionais-para-reforcar-a-rede-municipal","status":"publish","type":"post","link":"https:\/\/novosaopaulo.com.br\/n1\/saulo-souza-anuncia-inauguracao-do-centro-de-saude-da-mulher-e-contratacao-de-100-novos-profissionais-para-reforcar-a-rede-municipal\/","title":{"rendered":"Saulo Souza anuncia inaugura\u00e7\u00e3o do Centro de Sa\u00fade da Mulher e contrata\u00e7\u00e3o de 100 novos profissionais para refor\u00e7ar a rede municipal"},"content":{"rendered":"\n<p>Espa\u00e7o dedicado \u00e0 sa\u00fade feminina est\u00e1 quase pronto e integra o conjunto de melhorias da rede municipal, que j\u00e1 foi fortalecida com 81 novos profissionais at\u00e9 o momento<\/p>\n\n\n\n<p>O prefeito Saulo Souza anunciou importantes avan\u00e7os na \u00e1rea da sa\u00fade: a inaugura\u00e7\u00e3o, nas pr\u00f3ximas semanas, do Centro de Sa\u00fade da Mulher, um espa\u00e7o in\u00e9dito na cidade voltado exclusivamente ao atendimento da popula\u00e7\u00e3o feminina, e a contrata\u00e7\u00e3o de 81 novos profissionais at\u00e9 o momento, e outros 20 at\u00e9 o final do ano. As medidas visam ampliar os servi\u00e7os, reduzir filas de espera e garantir um acolhimento cada vez mais humanizado \u00e0 popula\u00e7\u00e3o.<\/p>\n\n\n\n<p>Nos \u00faltimos dias, o prefeito Saulo Souza, acompanhado do secret\u00e1rio de Obras, Adriano Pan\u00e3o, realizou diversas vistorias no local para garantir que tudo esteja em perfeitas condi\u00e7\u00f5es at\u00e9 a inaugura\u00e7\u00e3o. O Centro de Sa\u00fade da Mulher est\u00e1 em fase final de instala\u00e7\u00e3o ao lado do antigo Cantinho da Melhor Idade, na regi\u00e3o central, e ser\u00e1 um equipamento in\u00e9dito de refer\u00eancia no atendimento exclusivo \u00e0 sa\u00fade feminina em todas as fases da vida.<\/p>\n\n\n\n<p>O espa\u00e7o contar\u00e1 com uma equipe multidisciplinar, incluindo ginecologistas, psic\u00f3logos e outros especialistas, oferecendo consultas, exames e acompanhamento com foco em preven\u00e7\u00e3o, diagn\u00f3stico precoce e humaniza\u00e7\u00e3o do cuidado. Entre os servi\u00e7os programados est\u00e3o exames de papanicolau, mamografias e ultrassonografias, considerados essenciais para a detec\u00e7\u00e3o precoce de c\u00e2ncer de mama e de colo do \u00fatero. A unidade tamb\u00e9m ter\u00e1 acompanhamento para gestantes em gravidez de risco, garantindo maior seguran\u00e7a para m\u00e3es e beb\u00eas.<\/p>\n\n\n\n<p>De acordo com o prefeito Saulo Souza, a inaugura\u00e7\u00e3o do novo espa\u00e7o faz parte do compromisso de fortalecer a sa\u00fade p\u00fablica e oferecer atendimento de qualidade \u00e0 popula\u00e7\u00e3o. \u201cEm Po\u00e1 n\u00f3s n\u00e3o vamos deixar o c\u00e2ncer vencer. Estamos preparando uma obra linda para todas as mulheres da cidade, que ter\u00e3o em breve um espa\u00e7o de refer\u00eancia para preven\u00e7\u00e3o e acolhimento. E, com a chegada de novos profissionais, que chegar\u00e3o a 100 at\u00e9 o final do ano, garantimos que toda a rede funcione com mais agilidade, qualidade e humaniza\u00e7\u00e3o. Esse \u00e9 o carinho da nossa gest\u00e3o com os usu\u00e1rios do SUS, em especial com nossas m\u00e3es, esposas, filhas e av\u00f3s\u201d, afirmou.<\/p>\n\n\n\n<p>Equipe<br>Paralelamente, at\u00e9 o momento a administra\u00e7\u00e3o municipal refor\u00e7ou a rede com a contrata\u00e7\u00e3o de 81 novos profissionais, entre m\u00e9dicos especialistas, t\u00e9cnicos de enfermagem, fonoaudi\u00f3logos, terapeutas ocupacionais, profissionais de sa\u00fade bucal e motoristas. Segundo a Secretaria de Sa\u00fade, 48 deles j\u00e1 est\u00e3o em atividade e os demais est\u00e3o apresentando a documenta\u00e7\u00e3o necess\u00e1ria para come\u00e7ar a trabalhar ainda neste semestre. At\u00e9 o final do ano, o refor\u00e7o chegar\u00e1 de 100 profissionais no total. Entre os refor\u00e7os est\u00e3o cinco novos ginecologistas, tr\u00eas psiquiatras, dois neurologistas, um oftalmologista e quatro cl\u00ednicos gerais, al\u00e9m de profissionais para o programa de aten\u00e7\u00e3o domiciliar (Emad).<\/p>\n\n\n\n<p>Segundo o secret\u00e1rio de Sa\u00fade, Silvanei Mamed, as a\u00e7\u00f5es caminham juntas para acelerar diagn\u00f3sticos e fortalecer a aten\u00e7\u00e3o prim\u00e1ria. \u201cO Centro de Sa\u00fade da Mulher vai permitir diagn\u00f3sticos mais r\u00e1pidos e tratamento precoce, principalmente contra o c\u00e2ncer de mama e de colo do \u00fatero. J\u00e1 as contrata\u00e7\u00f5es s\u00e3o fundamentais para reduzir filas, ampliar consultas e consolidar nossa rede de aten\u00e7\u00e3o prim\u00e1ria. Estamos evoluindo a cada dia para garantir acesso digno e de qualidade \u00e0 popula\u00e7\u00e3o\u201d, finalizou.<\/p>\n\n\n\n<p>Foto: Irineu J\u00fanior<\/p>\n","protected":false},"excerpt":{"rendered":"<p>Espa\u00e7o dedicado \u00e0 sa\u00fade feminina est\u00e1 quase pronto e integra o conjunto de melhorias da&#8230;<\/p>\n","protected":false},"author":1,"featured_media":26047,"comment_status":"open","ping_status":"open","sticky":false,"template":"","format":"standard","meta":{"footnotes":""},"categories":[8],"tags":[],"featured_image_urls":{"full":["https:\/\/novosaopaulo.com.br\/n1\/wp-content\/uploads\/2025\/09\/WhatsApp-Image-2025-09-24-at-19.12.50.jpeg",1280,720,false],"thumbnail":["https:\/\/novosaopaulo.com.br\/n1\/wp-content\/uploads\/2025\/09\/WhatsApp-Image-2025-09-24-at-19.12.50-150x150.jpeg",150,150,true],"medium":["https:\/\/novosaopaulo.com.br\/n1\/wp-content\/uploads\/2025\/09\/WhatsApp-Image-2025-09-24-at-19.12.50-300x169.jpeg",300,169,true],"medium_large":["https:\/\/novosaopaulo.com.br\/n1\/wp-content\/uploads\/2025\/09\/WhatsApp-Image-2025-09-24-at-19.12.50-768x432.jpeg",640,360,true],"large":["https:\/\/novosaopaulo.com.br\/n1\/wp-content\/uploads\/2025\/09\/WhatsApp-Image-2025-09-24-at-19.12.50-1024x576.jpeg",640,360,true],"1536x1536":["https:\/\/novosaopaulo.com.br\/n1\/wp-content\/uploads\/2025\/09\/WhatsApp-Image-2025-09-24-at-19.12.50.jpeg",1280,720,false],"2048x2048":["https:\/\/novosaopaulo.com.br\/n1\/wp-content\/uploads\/2025\/09\/WhatsApp-Image-2025-09-24-at-19.12.50.jpeg",1280,720,false],"newsever-slider-full":["https:\/\/novosaopaulo.com.br\/n1\/wp-content\/uploads\/2025\/09\/WhatsApp-Image-2025-09-24-at-19.12.50.jpeg",1280,720,false],"newsever-featured":["https:\/\/novosaopaulo.com.br\/n1\/wp-content\/uploads\/2025\/09\/WhatsApp-Image-2025-09-24-at-19.12.50-1024x576.jpeg",1024,576,true],"newsever-medium":["https:\/\/novosaopaulo.com.br\/n1\/wp-content\/uploads\/2025\/09\/WhatsApp-Image-2025-09-24-at-19.12.50-720x475.jpeg",720,475,true]},"author_info":{"display_name":"Reda\u00e7\u00e3o","author_link":"https:\/\/novosaopaulo.com.br\/n1\/author\/g5poa\/"},"category_info":"<a href=\"https:\/\/novosaopaulo.com.br\/n1\/category\/poa\/\" rel=\"category tag\">Po\u00e1<\/a>","tag_info":"Po\u00e1","comment_count":"0","_links":{"self":[{"href":"https:\/\/novosaopaulo.com.br\/n1\/wp-json\/wp\/v2\/posts\/26046"}],"collection":[{"href":"https:\/\/novosaopaulo.com.br\/n1\/wp-json\/wp\/v2\/posts"}],"about":[{"href":"https:\/\/novosaopaulo.com.br\/n1\/wp-json\/wp\/v2\/types\/post"}],"author":[{"embeddable":true,"href":"https:\/\/novosaopaulo.com.br\/n1\/wp-json\/wp\/v2\/users\/1"}],"replies":[{"embeddable":true,"href":"https:\/\/novosaopaulo.com.br\/n1\/wp-json\/wp\/v2\/comments?post=26046"}],"version-history":[{"count":1,"href":"https:\/\/novosaopaulo.com.br\/n1\/wp-json\/wp\/v2\/posts\/26046\/revisions"}],"predecessor-version":[{"id":26048,"href":"https:\/\/novosaopaulo.com.br\/n1\/wp-json\/wp\/v2\/posts\/26046\/revisions\/26048"}],"wp:featuredmedia":[{"embeddable":true,"href":"https:\/\/novosaopaulo.com.br\/n1\/wp-json\/wp\/v2\/media\/26047"}],"wp:attachment":[{"href":"https:\/\/novosaopaulo.com.br\/n1\/wp-json\/wp\/v2\/media?parent=26046"}],"wp:term":[{"taxonomy":"category","embeddable":true,"href":"https:\/\/novosaopaulo.com.br\/n1\/wp-json\/wp\/v2\/categories?post=26046"},{"taxonomy":"post_tag","embeddable":true,"href":"https:\/\/novosaopaulo.com.br\/n1\/wp-json\/wp\/v2\/tags?post=26046"}],"curies":[{"name":"wp","href":"https:\/\/api.w.org\/{rel}","templated":true}]}}