{"id":26043,"date":"2025-09-24T22:02:08","date_gmt":"2025-09-25T01:02:08","guid":{"rendered":"https:\/\/novosaopaulo.com.br\/n1\/?p=26043"},"modified":"2025-09-24T22:02:09","modified_gmt":"2025-09-25T01:02:09","slug":"poa-abre-inscricoes-para-educacao-infantil-2026-na-rede-municipal","status":"publish","type":"post","link":"https:\/\/novosaopaulo.com.br\/n1\/poa-abre-inscricoes-para-educacao-infantil-2026-na-rede-municipal\/","title":{"rendered":"Po\u00e1 abre inscri\u00e7\u00f5es para Educa\u00e7\u00e3o Infantil 2026 na rede municipal"},"content":{"rendered":"\n<p>Vagas contemplam Creche e Pr\u00e9-escola; processo de inscri\u00e7\u00e3o pode ser realizado on-line, pelo site da Prefeitura, ou presencialmente na Secretaria de Educa\u00e7\u00e3o e nas unidades escolares<\/p>\n\n\n\n<p>A Prefeitura de Po\u00e1, por meio da Secretaria Municipal de Educa\u00e7\u00e3o, iniciou nesta segunda-feira (22\/09) o per\u00edodo de inscri\u00e7\u00f5es para a Educa\u00e7\u00e3o Infantil 2026 na rede municipal. As vagas contemplam Creche e Pr\u00e9-Escola, com prazo at\u00e9 o dia 22 de outubro de 2025, \u00e0s 16 horas, para creches, enquanto para a pr\u00e9-escola as inscri\u00e7\u00f5es seguem de forma cont\u00ednua.<\/p>\n\n\n\n<p>O cadastro pode ser realizado on-line, pelo site oficial da Prefeitura, por meio de formul\u00e1rio digital, ou presencialmente, na Secretaria Municipal de Educa\u00e7\u00e3o e em todas as unidades escolares municipais de Educa\u00e7\u00e3o Infantil, de segunda a sexta-feira, das 9h \u00e0s 16h. O formul\u00e1rio para creche est\u00e1 dispon\u00edvel em: https:\/\/poa.sp.gov.br\/ficha-de-inscricao-2026-educacao-infantil-creche\/ e, para a pr\u00e9-escola, em: https:\/\/poa.sp.gov.br\/ficha-de-inscricao-2026-educacao-infantil-pre-escola\/<\/p>\n\n\n\n<p>A Secretaria de Educa\u00e7\u00e3o fica na rua Doutor Luiz Pereira Barreto, 662 \u2013 Vila J\u00falia, com atendimento de segunda a sexta-feira, das 9 \u00e0s 16 horas. Informa\u00e7\u00f5es pelos telefones: (11) 4636-4485, (11) 4636-2175 e (11) 4636-1233.<\/p>\n\n\n\n<p>O prefeito Saulo Souza destacou a import\u00e2ncia do processo. \u201cA Educa\u00e7\u00e3o Infantil \u00e9 a porta de entrada da crian\u00e7a no ambiente escolar, um espa\u00e7o onde ela come\u00e7a a desenvolver valores, socializa\u00e7\u00e3o e aprendizado. Nossa gest\u00e3o tem trabalhado para ampliar vagas e garantir qualidade no ensino oferecido \u00e0s fam\u00edlias poaenses.\u201d<\/p>\n\n\n\n<p>J\u00e1 o secret\u00e1rio municipal de Educa\u00e7\u00e3o, Diego Moreira, refor\u00e7ou a organiza\u00e7\u00e3o e o planejamento da pasta. \u201cPreparamos este processo de inscri\u00e7\u00f5es para dar mais agilidade e transpar\u00eancia \u00e0s fam\u00edlias. \u00c9 fundamental que os respons\u00e1veis fiquem atentos aos prazos e \u00e0s faixas et\u00e1rias para garantir a matr\u00edcula de seus filhos no ano letivo de 2026.\u201d<\/p>\n\n\n\n<p>Confira as faixas et\u00e1rias para o ano letivo de 2026:<\/p>\n\n\n\n<ul>\n<li>Ber\u00e7\u00e1rio I: nascidos a partir de abril\/2025<\/li>\n\n\n\n<li>Ber\u00e7\u00e1rio II: abril\/2024 a mar\u00e7o\/2025<\/li>\n\n\n\n<li>Maternal I: abril\/2023 a mar\u00e7o\/2024<\/li>\n\n\n\n<li>Maternal II: abril\/2022 a mar\u00e7o\/2023<\/li>\n\n\n\n<li>Pr\u00e9 I: abril\/2021 a mar\u00e7o\/2022<\/li>\n\n\n\n<li>Pr\u00e9 II: abril\/2020 a mar\u00e7o\/2021<\/li>\n<\/ul>\n\n\n\n<p>Fotos: Nivaldo Alves.<\/p>\n","protected":false},"excerpt":{"rendered":"<p>Vagas contemplam Creche e Pr\u00e9-escola; processo de inscri\u00e7\u00e3o pode ser realizado on-line, pelo site da&#8230;<\/p>\n","protected":false},"author":1,"featured_media":26044,"comment_status":"open","ping_status":"open","sticky":false,"template":"","format":"standard","meta":{"footnotes":""},"categories":[8],"tags":[],"featured_image_urls":{"full":["https:\/\/novosaopaulo.com.br\/n1\/wp-content\/uploads\/2025\/09\/WhatsApp-Image-2025-09-24-at-17.48.12.jpeg",1280,853,false],"thumbnail":["https:\/\/novosaopaulo.com.br\/n1\/wp-content\/uploads\/2025\/09\/WhatsApp-Image-2025-09-24-at-17.48.12-150x150.jpeg",150,150,true],"medium":["https:\/\/novosaopaulo.com.br\/n1\/wp-content\/uploads\/2025\/09\/WhatsApp-Image-2025-09-24-at-17.48.12-300x200.jpeg",300,200,true],"medium_large":["https:\/\/novosaopaulo.com.br\/n1\/wp-content\/uploads\/2025\/09\/WhatsApp-Image-2025-09-24-at-17.48.12-768x512.jpeg",640,427,true],"large":["https:\/\/novosaopaulo.com.br\/n1\/wp-content\/uploads\/2025\/09\/WhatsApp-Image-2025-09-24-at-17.48.12-1024x682.jpeg",640,426,true],"1536x1536":["https:\/\/novosaopaulo.com.br\/n1\/wp-content\/uploads\/2025\/09\/WhatsApp-Image-2025-09-24-at-17.48.12.jpeg",1280,853,false],"2048x2048":["https:\/\/novosaopaulo.com.br\/n1\/wp-content\/uploads\/2025\/09\/WhatsApp-Image-2025-09-24-at-17.48.12.jpeg",1280,853,false],"newsever-slider-full":["https:\/\/novosaopaulo.com.br\/n1\/wp-content\/uploads\/2025\/09\/WhatsApp-Image-2025-09-24-at-17.48.12-1280x845.jpeg",1280,845,true],"newsever-featured":["https:\/\/novosaopaulo.com.br\/n1\/wp-content\/uploads\/2025\/09\/WhatsApp-Image-2025-09-24-at-17.48.12-1024x682.jpeg",1024,682,true],"newsever-medium":["https:\/\/novosaopaulo.com.br\/n1\/wp-content\/uploads\/2025\/09\/WhatsApp-Image-2025-09-24-at-17.48.12-720x475.jpeg",720,475,true]},"author_info":{"display_name":"Reda\u00e7\u00e3o","author_link":"https:\/\/novosaopaulo.com.br\/n1\/author\/g5poa\/"},"category_info":"<a href=\"https:\/\/novosaopaulo.com.br\/n1\/category\/poa\/\" rel=\"category tag\">Po\u00e1<\/a>","tag_info":"Po\u00e1","comment_count":"0","_links":{"self":[{"href":"https:\/\/novosaopaulo.com.br\/n1\/wp-json\/wp\/v2\/posts\/26043"}],"collection":[{"href":"https:\/\/novosaopaulo.com.br\/n1\/wp-json\/wp\/v2\/posts"}],"about":[{"href":"https:\/\/novosaopaulo.com.br\/n1\/wp-json\/wp\/v2\/types\/post"}],"author":[{"embeddable":true,"href":"https:\/\/novosaopaulo.com.br\/n1\/wp-json\/wp\/v2\/users\/1"}],"replies":[{"embeddable":true,"href":"https:\/\/novosaopaulo.com.br\/n1\/wp-json\/wp\/v2\/comments?post=26043"}],"version-history":[{"count":1,"href":"https:\/\/novosaopaulo.com.br\/n1\/wp-json\/wp\/v2\/posts\/26043\/revisions"}],"predecessor-version":[{"id":26045,"href":"https:\/\/novosaopaulo.com.br\/n1\/wp-json\/wp\/v2\/posts\/26043\/revisions\/26045"}],"wp:featuredmedia":[{"embeddable":true,"href":"https:\/\/novosaopaulo.com.br\/n1\/wp-json\/wp\/v2\/media\/26044"}],"wp:attachment":[{"href":"https:\/\/novosaopaulo.com.br\/n1\/wp-json\/wp\/v2\/media?parent=26043"}],"wp:term":[{"taxonomy":"category","embeddable":true,"href":"https:\/\/novosaopaulo.com.br\/n1\/wp-json\/wp\/v2\/categories?post=26043"},{"taxonomy":"post_tag","embeddable":true,"href":"https:\/\/novosaopaulo.com.br\/n1\/wp-json\/wp\/v2\/tags?post=26043"}],"curies":[{"name":"wp","href":"https:\/\/api.w.org\/{rel}","templated":true}]}}