{"id":26040,"date":"2025-09-24T22:01:15","date_gmt":"2025-09-25T01:01:15","guid":{"rendered":"https:\/\/novosaopaulo.com.br\/n1\/?p=26040"},"modified":"2025-09-24T22:01:16","modified_gmt":"2025-09-25T01:01:16","slug":"assembleia-geral-da-onu","status":"publish","type":"post","link":"https:\/\/novosaopaulo.com.br\/n1\/assembleia-geral-da-onu\/","title":{"rendered":"Assembleia Geral da ONU"},"content":{"rendered":"\n<p>Rep\u00f3rteres Sem Fronteiras (RSF) promove reuni\u00e3o de alto n\u00edvel sobre a situa\u00e7\u00e3o dos jornalistas em Gaza com a participa\u00e7\u00e3o de mais de 20 pa\u00edses<\/p>\n\n\n\n<p>\u200a<br>Comunicado<\/p>\n\n\n\n<p>24\/09\/2025<\/p>\n\n\n\n<p>Representantes de mais de vinte pa\u00edses participaram, no dia 24 de setembro, de reuni\u00e3o ministerial paralela sobre a prote\u00e7\u00e3o de jornalistas em Gaza, realizada no marco da Assembleia Geral da ONU. Pela primeira vez em dois anos, os depoimentos de jornalistas palestinos, de um colega israelense, da Associa\u00e7\u00e3o da Imprensa Estrangeira em Israel e da Ag\u00eancia France-Presse (AFP) ecoaram na sede das Na\u00e7\u00f5es Unidas. Uma iniciativa promovida pela Rep\u00f3rteres Sem Fronteiras (RSF) e pelo Minist\u00e9rio das Rela\u00e7\u00f5es Exteriores da Fran\u00e7a.<\/p>\n\n\n\n<p>Ao final de uma sess\u00e3o privada, aberta pelo ministro franc\u00eas das Rela\u00e7\u00f5es Exteriores, Jean-No\u00ebl Barrot, e pelo diretor geral da RSF, Thibaut Bruttin, que tamb\u00e9m moderou o evento no marco da Assembleia Geral da ONU, foi feito um apelo urgente \u00e0 mobiliza\u00e7\u00e3o dos Estados-membros para finalmente obter das autoridades israelenses a prote\u00e7\u00e3o dos jornalistas em Gaza, a abertura do territ\u00f3rio \u00e0 imprensa internacional e a evacua\u00e7\u00e3o dos jornalistas que necessitam sair.<\/p>\n\n\n\n<p>Diretamente de Gaza, o jornalista palestino Rami Abou Jamous, correspondente de v\u00e1rios meios de comunica\u00e7\u00e3o franceses, como a Radio France, France 24 e France T\u00e9l\u00e9visions, deu seu depoimento ap\u00f3s novos deslocamentos for\u00e7ados da Cidade de Gaza. Seus colegas que conseguiram deixar Gaza meses atr\u00e1s, Rita Baroud, ex-correspondente do meio italiano La Repubblica, e Motaz Azaiza, fotojornalista, tamb\u00e9m tomaram a palavra. A reuni\u00e3o contou ainda com a participa\u00e7\u00e3o de Phil Chetwynd, diretor global da AFP, Tania Kraemer, correspondente da Deutsche Welle em Jerusal\u00e9m e presidente da Associa\u00e7\u00e3o da Imprensa Estrangeira em Israel, e Gideon Levy, jornalista israelense do meio Haaretz. A sess\u00e3o foi conclu\u00edda por Jodie Ginsberg, diretora do Comit\u00ea para a Prote\u00e7\u00e3o dos Jornalistas (CPJ).<\/p>\n\n\n\n<p>Os ministros das Rela\u00e7\u00f5es Exteriores do Catar, da Finl\u00e2ndia (copresidente da Coaliz\u00e3o pela Liberdade de Imprensa) e da Gr\u00e9cia (copresidente do Grupo de Amigos da Liberdade de Imprensa na ONU), assim como a subsecret\u00e1ria-geral de Comunica\u00e7\u00e3o Global da ONU, Melissa Fleming, tamb\u00e9m discursaram. Estiveram ainda presentes \u00e0 mesa os chanceleres do L\u00edbano, Brasil, Chile, Espanha e Est\u00f4nia, al\u00e9m do comiss\u00e1rio federal alem\u00e3o encarregado dos direitos humanos. Esta reuni\u00e3o, sem precedentes desde outubro de 2023, lotou a sede das Na\u00e7\u00f5es Unidas.<\/p>\n\n\n\n<p>\u201cA RSF agradece aos participantes do evento ministerial paralelo que, por meio de suas palavras e presen\u00e7a hoje e de suas a\u00e7\u00f5es amanh\u00e3, demonstraram seu compromisso com os princ\u00edpios da Resolu\u00e7\u00e3o 2222 do Conselho de Seguran\u00e7a da ONU. Dez anos ap\u00f3s sua ado\u00e7\u00e3o, os princ\u00edpios centrais da resolu\u00e7\u00e3o, incluindo o papel dos jornalistas na prote\u00e7\u00e3o de civis, permanecem mais relevantes do que nunca. Ainda assim, a situa\u00e7\u00e3o enfrentada pelos jornalistas em Gaza representa um s\u00e9rio desafio \u00e0 prote\u00e7\u00e3o da imprensa em conflitos armados. As campanhas de difama\u00e7\u00e3o e os ataques direcionados das for\u00e7as armadas israelenses n\u00e3o podem levar \u00e0 normaliza\u00e7\u00e3o desses crimes nem ao enfraquecimento do direito internacional, que n\u00e3o \u00e9 apenas um arcabou\u00e7o jur\u00eddico ou um s\u00edmbolo pol\u00edtico, mas um imperativo moral. A mobiliza\u00e7\u00e3o global sem precedentes do dia 1\u00ba de setembro, promovida pela RSF, reuniu a comunidade internacional em torno de tr\u00eas palavras-chave: prote\u00e7\u00e3o, acesso e evacua\u00e7\u00e3o. O tempo das palavras j\u00e1 passou \u2014 agora \u00e9 hora de agir&#8221;, Thibaut Bruttin, Diretor-geral da RSF.<\/p>\n\n\n\n<p>Uma iniciativa robusta, reunindo o maior n\u00famero poss\u00edvel de Estados, deve instar o governo de Israel a adotar medidas concretas em conformidade com as resolu\u00e7\u00f5es do Conselho de Seguran\u00e7a da ONU, em particular a Resolu\u00e7\u00e3o 2222, sobre a prote\u00e7\u00e3o de jornalistas \u2014 uma resolu\u00e7\u00e3o apoiada pela Fran\u00e7a em parceria com a RSF. A RSF lan\u00e7ou inicialmente um apelo nesse sentido em janeiro de 2024 e o reiterou em 2025, \u00e0 medida que a situa\u00e7\u00e3o dos jornalistas palestinos em Gaza se tornou catastr\u00f3fica.<\/p>\n\n\n\n<p>Luta contra a impunidade dos crimes cometidos contra jornalistas<\/p>\n\n\n\n<p>Desde os ataques de 7 de outubro de 2023 e o in\u00edcio da ofensiva em Gaza, pelo menos 210 jornalistas foram mortos durante opera\u00e7\u00f5es israelenses, incluindo 56 casos em que a RSF tem motivos razo\u00e1veis para acreditar que foram deliberadamente alvos devido ao seu trabalho jornal\u00edstico. Al\u00e9m de matar rep\u00f3rteres, os bombardeios israelenses destru\u00edram ou danificaram edif\u00edcios que abrigavam reda\u00e7\u00f5es, incluindo o da AFP em 5 de novembro de 2023, bem como pelo menos outros 50 ve\u00edculos de comunica\u00e7\u00e3o, segundo o Sindicato dos Jornalistas Palestinos. Gaza permanece fechada para a imprensa estrangeira h\u00e1 quase dois anos, e as autoridades israelenses continuam proibindo a evacua\u00e7\u00e3o de jornalistas dentro da Faixa, salvo em raras exce\u00e7\u00f5es. Os crimes internacionais cometidos contra jornalistas em Gaza seguem impunes, e estes s\u00e3o sistematicamente difamados e rotulados como terroristas do Hamas pelas autoridades israelenses, a fim de justificar sua persegui\u00e7\u00e3o.<\/p>\n\n\n\n<p>\u200a<br>Sobre a RSF<\/p>\n\n\n\n<p>A Rep\u00f3rteres Sem Fronteiras (RSF) \u00e9 uma organiza\u00e7\u00e3o internacional sem fins lucrativos que trabalha pelo jornalismo livre, independente e plural em todo o mundo. Fundada na Fran\u00e7a em 1985, a RSF conta atualmente com escrit\u00f3rios regionais em todos os continentes e uma rede de 130 correspondentes espalhados pelo mundo. A organiza\u00e7\u00e3o tem status consultivo junto \u00e0s Na\u00e7\u00f5es Unidas, UNESCO, Conselho da Europa e Organiza\u00e7\u00e3o Internacional da Francofonia (OIF). Para mais informa\u00e7\u00f5es, acesse: https:\/\/rsf.org\/pt-br<\/p>\n","protected":false},"excerpt":{"rendered":"<p>Rep\u00f3rteres Sem Fronteiras (RSF) promove reuni\u00e3o de alto n\u00edvel sobre a situa\u00e7\u00e3o dos jornalistas em&#8230;<\/p>\n","protected":false},"author":1,"featured_media":26041,"comment_status":"open","ping_status":"open","sticky":false,"template":"","format":"standard","meta":{"footnotes":""},"categories":[2],"tags":[],"featured_image_urls":{"full":["https:\/\/novosaopaulo.com.br\/n1\/wp-content\/uploads\/2025\/09\/WhatsApp-Image-2025-09-24-at-17.41.59.jpeg",1140,456,false],"thumbnail":["https:\/\/novosaopaulo.com.br\/n1\/wp-content\/uploads\/2025\/09\/WhatsApp-Image-2025-09-24-at-17.41.59-150x150.jpeg",150,150,true],"medium":["https:\/\/novosaopaulo.com.br\/n1\/wp-content\/uploads\/2025\/09\/WhatsApp-Image-2025-09-24-at-17.41.59-300x120.jpeg",300,120,true],"medium_large":["https:\/\/novosaopaulo.com.br\/n1\/wp-content\/uploads\/2025\/09\/WhatsApp-Image-2025-09-24-at-17.41.59-768x307.jpeg",640,256,true],"large":["https:\/\/novosaopaulo.com.br\/n1\/wp-content\/uploads\/2025\/09\/WhatsApp-Image-2025-09-24-at-17.41.59-1024x410.jpeg",640,256,true],"1536x1536":["https:\/\/novosaopaulo.com.br\/n1\/wp-content\/uploads\/2025\/09\/WhatsApp-Image-2025-09-24-at-17.41.59.jpeg",1140,456,false],"2048x2048":["https:\/\/novosaopaulo.com.br\/n1\/wp-content\/uploads\/2025\/09\/WhatsApp-Image-2025-09-24-at-17.41.59.jpeg",1140,456,false],"newsever-slider-full":["https:\/\/novosaopaulo.com.br\/n1\/wp-content\/uploads\/2025\/09\/WhatsApp-Image-2025-09-24-at-17.41.59.jpeg",1140,456,false],"newsever-featured":["https:\/\/novosaopaulo.com.br\/n1\/wp-content\/uploads\/2025\/09\/WhatsApp-Image-2025-09-24-at-17.41.59-1024x410.jpeg",1024,410,true],"newsever-medium":["https:\/\/novosaopaulo.com.br\/n1\/wp-content\/uploads\/2025\/09\/WhatsApp-Image-2025-09-24-at-17.41.59-720x456.jpeg",720,456,true]},"author_info":{"display_name":"Reda\u00e7\u00e3o","author_link":"https:\/\/novosaopaulo.com.br\/n1\/author\/g5poa\/"},"category_info":"<a href=\"https:\/\/novosaopaulo.com.br\/n1\/category\/cidades\/\" rel=\"category tag\">Cidades<\/a>","tag_info":"Cidades","comment_count":"0","_links":{"self":[{"href":"https:\/\/novosaopaulo.com.br\/n1\/wp-json\/wp\/v2\/posts\/26040"}],"collection":[{"href":"https:\/\/novosaopaulo.com.br\/n1\/wp-json\/wp\/v2\/posts"}],"about":[{"href":"https:\/\/novosaopaulo.com.br\/n1\/wp-json\/wp\/v2\/types\/post"}],"author":[{"embeddable":true,"href":"https:\/\/novosaopaulo.com.br\/n1\/wp-json\/wp\/v2\/users\/1"}],"replies":[{"embeddable":true,"href":"https:\/\/novosaopaulo.com.br\/n1\/wp-json\/wp\/v2\/comments?post=26040"}],"version-history":[{"count":1,"href":"https:\/\/novosaopaulo.com.br\/n1\/wp-json\/wp\/v2\/posts\/26040\/revisions"}],"predecessor-version":[{"id":26042,"href":"https:\/\/novosaopaulo.com.br\/n1\/wp-json\/wp\/v2\/posts\/26040\/revisions\/26042"}],"wp:featuredmedia":[{"embeddable":true,"href":"https:\/\/novosaopaulo.com.br\/n1\/wp-json\/wp\/v2\/media\/26041"}],"wp:attachment":[{"href":"https:\/\/novosaopaulo.com.br\/n1\/wp-json\/wp\/v2\/media?parent=26040"}],"wp:term":[{"taxonomy":"category","embeddable":true,"href":"https:\/\/novosaopaulo.com.br\/n1\/wp-json\/wp\/v2\/categories?post=26040"},{"taxonomy":"post_tag","embeddable":true,"href":"https:\/\/novosaopaulo.com.br\/n1\/wp-json\/wp\/v2\/tags?post=26040"}],"curies":[{"name":"wp","href":"https:\/\/api.w.org\/{rel}","templated":true}]}}