{"id":26033,"date":"2025-09-24T12:41:34","date_gmt":"2025-09-24T15:41:34","guid":{"rendered":"https:\/\/novosaopaulo.com.br\/n1\/?p=26033"},"modified":"2025-09-24T12:41:35","modified_gmt":"2025-09-24T15:41:35","slug":"o-encontro-trump-lula-se-ocorrer","status":"publish","type":"post","link":"https:\/\/novosaopaulo.com.br\/n1\/o-encontro-trump-lula-se-ocorrer\/","title":{"rendered":"O encontro Trump-Lula (se ocorrer)"},"content":{"rendered":"\n<p>A possibilidade dos presidentes Donald Trump e Lula da Silva reunirem-se na pr\u00f3xima semana (ou numa data n\u00e3o muito distante) \u00e9 uma esperan\u00e7a para 575 milh\u00f5es de indiv\u00edduos (360 milh\u00f5es de norte-americanos e 215 milh\u00f5es de brasileiros. Tanto os EUA quanto o Brasil e at\u00e9 seus vizinhos pr\u00f3ximos das Am\u00e9ricas do Norte e Latina, ser\u00e3o beneficiados pelos acordos que os dois pa\u00edses vierem a celebrar. Ap\u00f3s as rusgas entre os dois governantes e o aparente pouco interesse do brasileiro pelo encontro, havia d\u00favidas quanto \u00e0 possibilidade de sua realiza\u00e7\u00e3o. Hoje torce-se para que ambos abandonem a vaidade e os rompantes e com isso possam discutir e acordar os interesses dos dois povos.<\/p>\n\n\n\n<p>Com o tarifa\u00e7os onde Trump imp\u00f4s taxa de 50% aos produtos brasileiros importados pelo seu pa\u00eds, nossas mercadorias perdem a competitividade e os importadores que mesmo assim as adquirirem, pagam mais caro. Isso diminui o fluxo, baixa a renda e, invariavelmente, causar\u00e1 o desemprego nas regi\u00f5es produtoras. As diferen\u00e7as pol\u00edticas que motivaram o castigo fiscal tamb\u00e9m devem ser discutidas racionalmente e sem a nefasta disputa direita-esquerda. S\u00e3o neg\u00f3cios em que a ideologia s\u00e3o pode e nem deve prejudicar.<\/p>\n\n\n\n<p>Desde que Trump e Lula tenham boa vontade e n\u00e3o batam o p\u00e9 por absurdos, d\u00e1 para crer que ainda poder\u00e3o salvar as boas rela\u00e7\u00f5es que as duas na\u00e7\u00f5es praticam h\u00e1 dois s\u00e9culos. At\u00e9 porque, o pior acordo que possam celebrar ainda ser\u00e1 melhor para ambos do que a ruptura ideologicamente incentivada. Que as equipes dos dois presidentes operacionalizem o encontro sem demora e o Brasil possa fazer a negocia\u00e7\u00e3o que dezenas de pa\u00edses tarifados j\u00e1 concretizaram com os EUA. E o bom mesmo \u00e9 que seja uma reuni\u00e3o pessoal, n\u00e3o o telefonema ou a videoconfer\u00eancia que o chanceler Mauro Vieira disse serem prov\u00e1veis diante das dificuldades de agenda. Os dois presidentes \u2013 o da maior economia do mundo e o da maior pot\u00eancia sulamericana, t\u00eam o dever de encontrar tempo para discutirem seus problemas e interesses.<\/p>\n\n\n\n<p>Al\u00e9m dos problemas com Washington, Lula ainda tem os acontecimentos de Brasilia como complicadores. C\u00e2mara dos Deputados e Senado divergem sobre a PEC das Blindagem e a urg\u00eancia ao projeto da anistia aos envolvidos em 8 de janeiro de 2023, j\u00e1 aprovados pelos deputados. H\u00e1 a proposta do relator, Paulinho da For\u00e7a, para desclassificar a anistia para dosimetria das penas j\u00e1 e o risco dos temas encravarem nos escaninhos do Congresso Nacional.<\/p>\n\n\n\n<p>A anistia \u00e9 o perd\u00e3o proporcionado pelo Estado aos cidad\u00e3os que cometeram crimes ou irregularidades. \u00c9 um recurso que nosso Pa\u00eds j\u00e1 empregou 48 vezes em favor da pacifica\u00e7\u00e3o nacional. Pensamos que, igual \u00e0s vezes anteriores, \u00e9 a \u00fanica forma capaz de pacificar. E que todos os envolvidos, assim como as autoridades, precisam ter boa vontade para que o empreendimento se concretize. Tem de ser um passar de r\u00e9gua em todos os problemas e o rein\u00edcio da vida pol\u00edtica nacional, zerada de seus problemas. Sem o perd\u00e3o estatal e o \u201cesquecimento\u201d geral dos pecados dos advers\u00e1rios, o objetivo dificilmente ser\u00e1 alcan\u00e7ado e, se o for, o resultado ser\u00e1 fr\u00e1gil e, at\u00e9, provis\u00f3rio.<\/p>\n\n\n\n<p>Todos os brasileiros de responsabilidade \u2013 inclusive os Poderes Institucionais \u2013 precisam praticar o perd\u00e3o e o esquecimento, sem o que, nosso pa\u00eds n\u00e3o ir\u00e1 a lugar algum e a popula\u00e7\u00e3o continuar\u00e1 sofrendo e sem perspectivas. Chegou a hora de eliminar todos os erros, rompantes e intransig\u00eancias gerados e desenvolvidos ap\u00f3s a redemocratiza\u00e7\u00e3o de 1985 e polarizadores havidos durante as \u00faltimas d\u00e9cadas em paralelo aos protestos, impeachment e desintelig\u00eancia entre os governantes e advers\u00e1rios. Sem perdoar e relaxar, anistia, dosimetria e qualquer outro al\u00edvio pol\u00edtico ou institucional, n\u00e3o ser\u00e1 poss\u00edvel\u2026<\/p>\n\n\n\n<p>Tenente Dirceu Cardoso Gon\u00e7alves &#8211; dirigente da ASPOMIL (Associa\u00e7\u00e3o de Assist. Social dos Policiais Militares de S\u00e3o Paulo).<\/p>\n","protected":false},"excerpt":{"rendered":"<p>A possibilidade dos presidentes Donald Trump e Lula da Silva reunirem-se na pr\u00f3xima semana (ou&#8230;<\/p>\n","protected":false},"author":1,"featured_media":23327,"comment_status":"open","ping_status":"open","sticky":false,"template":"","format":"standard","meta":{"footnotes":""},"categories":[2],"tags":[],"featured_image_urls":{"full":["https:\/\/novosaopaulo.com.br\/n1\/wp-content\/uploads\/2025\/04\/Tenente-Dirceu-Cardoso-Goncalves.jpg",600,564,false],"thumbnail":["https:\/\/novosaopaulo.com.br\/n1\/wp-content\/uploads\/2025\/04\/Tenente-Dirceu-Cardoso-Goncalves-150x150.jpg",150,150,true],"medium":["https:\/\/novosaopaulo.com.br\/n1\/wp-content\/uploads\/2025\/04\/Tenente-Dirceu-Cardoso-Goncalves-300x282.jpg",300,282,true],"medium_large":["https:\/\/novosaopaulo.com.br\/n1\/wp-content\/uploads\/2025\/04\/Tenente-Dirceu-Cardoso-Goncalves.jpg",600,564,false],"large":["https:\/\/novosaopaulo.com.br\/n1\/wp-content\/uploads\/2025\/04\/Tenente-Dirceu-Cardoso-Goncalves.jpg",600,564,false],"1536x1536":["https:\/\/novosaopaulo.com.br\/n1\/wp-content\/uploads\/2025\/04\/Tenente-Dirceu-Cardoso-Goncalves.jpg",600,564,false],"2048x2048":["https:\/\/novosaopaulo.com.br\/n1\/wp-content\/uploads\/2025\/04\/Tenente-Dirceu-Cardoso-Goncalves.jpg",600,564,false],"newsever-slider-full":["https:\/\/novosaopaulo.com.br\/n1\/wp-content\/uploads\/2025\/04\/Tenente-Dirceu-Cardoso-Goncalves.jpg",600,564,false],"newsever-featured":["https:\/\/novosaopaulo.com.br\/n1\/wp-content\/uploads\/2025\/04\/Tenente-Dirceu-Cardoso-Goncalves.jpg",600,564,false],"newsever-medium":["https:\/\/novosaopaulo.com.br\/n1\/wp-content\/uploads\/2025\/04\/Tenente-Dirceu-Cardoso-Goncalves-600x475.jpg",600,475,true]},"author_info":{"display_name":"Reda\u00e7\u00e3o","author_link":"https:\/\/novosaopaulo.com.br\/n1\/author\/g5poa\/"},"category_info":"<a href=\"https:\/\/novosaopaulo.com.br\/n1\/category\/cidades\/\" rel=\"category tag\">Cidades<\/a>","tag_info":"Cidades","comment_count":"0","_links":{"self":[{"href":"https:\/\/novosaopaulo.com.br\/n1\/wp-json\/wp\/v2\/posts\/26033"}],"collection":[{"href":"https:\/\/novosaopaulo.com.br\/n1\/wp-json\/wp\/v2\/posts"}],"about":[{"href":"https:\/\/novosaopaulo.com.br\/n1\/wp-json\/wp\/v2\/types\/post"}],"author":[{"embeddable":true,"href":"https:\/\/novosaopaulo.com.br\/n1\/wp-json\/wp\/v2\/users\/1"}],"replies":[{"embeddable":true,"href":"https:\/\/novosaopaulo.com.br\/n1\/wp-json\/wp\/v2\/comments?post=26033"}],"version-history":[{"count":1,"href":"https:\/\/novosaopaulo.com.br\/n1\/wp-json\/wp\/v2\/posts\/26033\/revisions"}],"predecessor-version":[{"id":26034,"href":"https:\/\/novosaopaulo.com.br\/n1\/wp-json\/wp\/v2\/posts\/26033\/revisions\/26034"}],"wp:featuredmedia":[{"embeddable":true,"href":"https:\/\/novosaopaulo.com.br\/n1\/wp-json\/wp\/v2\/media\/23327"}],"wp:attachment":[{"href":"https:\/\/novosaopaulo.com.br\/n1\/wp-json\/wp\/v2\/media?parent=26033"}],"wp:term":[{"taxonomy":"category","embeddable":true,"href":"https:\/\/novosaopaulo.com.br\/n1\/wp-json\/wp\/v2\/categories?post=26033"},{"taxonomy":"post_tag","embeddable":true,"href":"https:\/\/novosaopaulo.com.br\/n1\/wp-json\/wp\/v2\/tags?post=26033"}],"curies":[{"name":"wp","href":"https:\/\/api.w.org\/{rel}","templated":true}]}}