{"id":26027,"date":"2025-09-24T12:36:27","date_gmt":"2025-09-24T15:36:27","guid":{"rendered":"https:\/\/novosaopaulo.com.br\/n1\/?p=26027"},"modified":"2025-09-24T12:36:28","modified_gmt":"2025-09-24T15:36:28","slug":"setembro-amarelo-e-a-geracao-z-os-desafios-emocionais-da-adolescencia-em-tempos-digitais","status":"publish","type":"post","link":"https:\/\/novosaopaulo.com.br\/n1\/setembro-amarelo-e-a-geracao-z-os-desafios-emocionais-da-adolescencia-em-tempos-digitais\/","title":{"rendered":"Setembro Amarelo e a Gera\u00e7\u00e3o Z: os desafios emocionais da adolesc\u00eancia em tempos digitais"},"content":{"rendered":"\n<p>Convidados discutem no epis\u00f3dio do podcast Biolab Cast os desafios e aprendizados dessa fase t\u00e3o importante da vida<\/p>\n\n\n\n<p>No novo epis\u00f3dio do Biolab Cast, a jornalista Daiana Garbin recebe a influenciadora digital Marcela Teixeira (@ella.tchella) e o dr. Marco Ant\u00f4nio Spinelli, psiquiatra pela Universidade de S\u00e3o Paulo (USP) e conhecido nas redes como \u201cPsiquiatra de EstimaA\u00e7\u00e3o\u201d, para uma conversa importante sobre os desafios emocionais de adolescentes e pr\u00e9-adolescentes. O epis\u00f3dio aprofunda diversas quest\u00f5es significativas, como a vulnerabilidade precoce, o impacto das redes sociais, os sinais de alerta para a sa\u00fade mental e a import\u00e2ncia do di\u00e1logo entre pais e filhos. O podcast \u00e9 inciativa da Biolab Farmac\u00eautica.<\/p>\n\n\n\n<p>Dr. Marco Ant\u00f4nio Spinelli traz uma perspectiva cl\u00ednica e neurol\u00f3gica sobre o c\u00e9rebro adolescente, explicando que nesta fase h\u00e1 \u201cacelerador demais e freio de menos\u201d, j\u00e1 que as \u00e1reas ligadas \u00e0 regula\u00e7\u00e3o do humor ainda est\u00e3o amadurecendo.<\/p>\n\n\n\n<p>\u201cPara tranquilizar os pais, \u00e9 importante lembrar que muitas rea\u00e7\u00f5es s\u00e3o naturais diante das altera\u00e7\u00f5es cerebrais pelas quais o jovem est\u00e1 passando. Ele tem um c\u00e9rebro diferente, em processo de matura\u00e7\u00e3o. Costumo brincar no consult\u00f3rio que a adolesc\u00eancia \u00e9 uma \u2018doen\u00e7a com cura\u2019 e essa cura \u00e9 o tempo \u2013 n\u00e3o a psiquiatria. Se esse processo acontecer de forma bem-sucedida, muitos sintomas melhoram significativamente\u201d, aconselha o especialista.<\/p>\n\n\n\n<p>O psiquiatra concorda que o ambiente digital \u00e9 um fator de estresse que intensifica doen\u00e7as em todas as idades, sendo os jovens entre 10 e 15 anos os mais vulner\u00e1veis, e refor\u00e7a a import\u00e2ncia da educa\u00e7\u00e3o digital, do monitoramento parental e da observa\u00e7\u00e3o de sinais, como altera\u00e7\u00f5es de sono, apetite, concentra\u00e7\u00e3o, mem\u00f3ria, libido, higiene e mudan\u00e7as abruptas de humor.<\/p>\n\n\n\n<p>A gera\u00e7\u00e3o Z, marcada pela hiperconex\u00e3o, pela busca de pertencimento e por uma rotina intensa de exposi\u00e7\u00e3o nas redes sociais, tamb\u00e9m convive com um aumento significativo de diagn\u00f3sticos relacionados \u00e0 sa\u00fade mental. Quest\u00f5es como ansiedade, depress\u00e3o e transtornos de personalidade se tornaram mais vis\u00edveis nesse grupo, que ao mesmo tempo em que enfrenta desafios, tamb\u00e9m impulsiona di\u00e1logos mais francos e necess\u00e1rios sobre o tema.<\/p>\n\n\n\n<p>A influenciadora, Marcela Teixeira, compartilha sua viv\u00eancia pessoal ao lidar com o Transtorno de Personalidade Borderline na adolesc\u00eancia. \u201cEu tenho transtorno de personalidade que envolve muitos extremos, e a adolesc\u00eancia j\u00e1 \u00e9 um per\u00edodo de extremos naturalmente. \u00c9 muita intensidade, inseguran\u00e7a e busca por pertencimento, em que tentamos criar rela\u00e7\u00f5es e nos encaixar em grupos. Minha adolesc\u00eancia foi muito complicada, mas por sorte tive apoio da minha fam\u00edlia, de uma forma que me fazia sentir<br>amparada. Mesmo quando n\u00e3o concordava com tudo, sabia que n\u00e3o estava passando por aquilo sozinha\u201d.<\/p>\n\n\n\n<p>Durante a conversa, ela destaca a import\u00e2ncia do acesso a tratamento psiqui\u00e1trico e da responsabilidade dos influenciadores digitais ao se comunicarem com um p\u00fablico jovem. \u201cAprendi a entender que tudo \u00e9 passageiro e muda o tempo todo. Nunca estou vivendo exatamente a mesma fase; nunca estou no mesmo momento. Por mais dif\u00edcil que seja lembrar, mesmo nas piores fases, tento manter na minha cabe\u00e7a que aquilo tamb\u00e9m vai passar, assim como outras coisas passaram\u201d, completa a influenciadora.<\/p>\n\n\n\n<p>\u201cEduca\u00e7\u00e3o digital \u00e9 questionar, conversar e mostrar desde cedo que cada um \u00e9 \u00fanico, cada um tem suas qualidades e seu jeito pr\u00f3prio. Fa\u00e7o isso com os meus filhos: cada um corre na sua faixa, voc\u00ea \u00e9 mais assim, ele \u00e9 mais assado. Estamos errando, especialmente porque muitos pais ainda n\u00e3o sabem exatamente como educar digitalmente. Tentam tirar tudo, controlar demais ou de menos, quando, na verdade, o importante \u00e9 monitorar, manter o canal de di\u00e1logo aberto e compreender que nossos filhos est\u00e3o entrando em um mundo digital no qual n\u00f3s n\u00e3o nascemos\u201d, completa o dr. Marco Ant\u00f4nio.<\/p>\n\n\n\n<p>O epis\u00f3dio j\u00e1 est\u00e1 dispon\u00edvel no canal do YouTube da Biolab Farmac\u00eautica, com reflex\u00f5es fundamentais para fam\u00edlias, educadores e para todos que se preocupam com a sa\u00fade mental da nova gera\u00e7\u00e3o: https:\/\/www.youtube.com\/watch?v=ZEISzhq_Xek<\/p>\n","protected":false},"excerpt":{"rendered":"<p>Convidados discutem no epis\u00f3dio do podcast Biolab Cast os desafios e aprendizados dessa fase t\u00e3o&#8230;<\/p>\n","protected":false},"author":1,"featured_media":26028,"comment_status":"open","ping_status":"open","sticky":false,"template":"","format":"standard","meta":{"footnotes":""},"categories":[2],"tags":[],"featured_image_urls":{"full":["https:\/\/novosaopaulo.com.br\/n1\/wp-content\/uploads\/2025\/09\/WhatsApp-Image-2025-09-24-at-12.24.51.jpeg",800,600,false],"thumbnail":["https:\/\/novosaopaulo.com.br\/n1\/wp-content\/uploads\/2025\/09\/WhatsApp-Image-2025-09-24-at-12.24.51-150x150.jpeg",150,150,true],"medium":["https:\/\/novosaopaulo.com.br\/n1\/wp-content\/uploads\/2025\/09\/WhatsApp-Image-2025-09-24-at-12.24.51-300x225.jpeg",300,225,true],"medium_large":["https:\/\/novosaopaulo.com.br\/n1\/wp-content\/uploads\/2025\/09\/WhatsApp-Image-2025-09-24-at-12.24.51-768x576.jpeg",640,480,true],"large":["https:\/\/novosaopaulo.com.br\/n1\/wp-content\/uploads\/2025\/09\/WhatsApp-Image-2025-09-24-at-12.24.51.jpeg",640,480,false],"1536x1536":["https:\/\/novosaopaulo.com.br\/n1\/wp-content\/uploads\/2025\/09\/WhatsApp-Image-2025-09-24-at-12.24.51.jpeg",800,600,false],"2048x2048":["https:\/\/novosaopaulo.com.br\/n1\/wp-content\/uploads\/2025\/09\/WhatsApp-Image-2025-09-24-at-12.24.51.jpeg",800,600,false],"newsever-slider-full":["https:\/\/novosaopaulo.com.br\/n1\/wp-content\/uploads\/2025\/09\/WhatsApp-Image-2025-09-24-at-12.24.51.jpeg",800,600,false],"newsever-featured":["https:\/\/novosaopaulo.com.br\/n1\/wp-content\/uploads\/2025\/09\/WhatsApp-Image-2025-09-24-at-12.24.51.jpeg",800,600,false],"newsever-medium":["https:\/\/novosaopaulo.com.br\/n1\/wp-content\/uploads\/2025\/09\/WhatsApp-Image-2025-09-24-at-12.24.51-720x475.jpeg",720,475,true]},"author_info":{"display_name":"Reda\u00e7\u00e3o","author_link":"https:\/\/novosaopaulo.com.br\/n1\/author\/g5poa\/"},"category_info":"<a href=\"https:\/\/novosaopaulo.com.br\/n1\/category\/cidades\/\" rel=\"category tag\">Cidades<\/a>","tag_info":"Cidades","comment_count":"0","_links":{"self":[{"href":"https:\/\/novosaopaulo.com.br\/n1\/wp-json\/wp\/v2\/posts\/26027"}],"collection":[{"href":"https:\/\/novosaopaulo.com.br\/n1\/wp-json\/wp\/v2\/posts"}],"about":[{"href":"https:\/\/novosaopaulo.com.br\/n1\/wp-json\/wp\/v2\/types\/post"}],"author":[{"embeddable":true,"href":"https:\/\/novosaopaulo.com.br\/n1\/wp-json\/wp\/v2\/users\/1"}],"replies":[{"embeddable":true,"href":"https:\/\/novosaopaulo.com.br\/n1\/wp-json\/wp\/v2\/comments?post=26027"}],"version-history":[{"count":1,"href":"https:\/\/novosaopaulo.com.br\/n1\/wp-json\/wp\/v2\/posts\/26027\/revisions"}],"predecessor-version":[{"id":26029,"href":"https:\/\/novosaopaulo.com.br\/n1\/wp-json\/wp\/v2\/posts\/26027\/revisions\/26029"}],"wp:featuredmedia":[{"embeddable":true,"href":"https:\/\/novosaopaulo.com.br\/n1\/wp-json\/wp\/v2\/media\/26028"}],"wp:attachment":[{"href":"https:\/\/novosaopaulo.com.br\/n1\/wp-json\/wp\/v2\/media?parent=26027"}],"wp:term":[{"taxonomy":"category","embeddable":true,"href":"https:\/\/novosaopaulo.com.br\/n1\/wp-json\/wp\/v2\/categories?post=26027"},{"taxonomy":"post_tag","embeddable":true,"href":"https:\/\/novosaopaulo.com.br\/n1\/wp-json\/wp\/v2\/tags?post=26027"}],"curies":[{"name":"wp","href":"https:\/\/api.w.org\/{rel}","templated":true}]}}