{"id":26020,"date":"2025-09-23T21:46:36","date_gmt":"2025-09-24T00:46:36","guid":{"rendered":"https:\/\/novosaopaulo.com.br\/n1\/?p=26020"},"modified":"2025-09-23T21:46:37","modified_gmt":"2025-09-24T00:46:37","slug":"pro-vitima-recebe-artigos-para-edicao-especial-da-revista-internacional-de-vitimologia-ate-30-9","status":"publish","type":"post","link":"https:\/\/novosaopaulo.com.br\/n1\/pro-vitima-recebe-artigos-para-edicao-especial-da-revista-internacional-de-vitimologia-ate-30-9\/","title":{"rendered":"Pr\u00f3-V\u00edtima recebe artigos para edi\u00e7\u00e3o especial da Revista Internacional de Vitimologia at\u00e9 30\/9"},"content":{"rendered":"\n<p>Pesquisadores, profissionais do Direito, da Medicina, da Assist\u00eancia Social e da Psicologia e especialistas em Pol\u00edticas P\u00fablicas podem contribuir com textos; conte\u00fados devem tratar sobre direitos do p\u00fablico feminino e combate \u00e0 viol\u00eancia contra a mulher<\/p>\n\n\n\n<p>O Instituto Brasileiro de Aten\u00e7\u00e3o e Prote\u00e7\u00e3o Integral \u00e0s V\u00edtimas (Pr\u00f3-V\u00edtima) abriu prazo para pesquisadores, profissionais do Direito, da Medicina, da Assist\u00eancia Social e da Psicologia e especialistas em Pol\u00edticas P\u00fablicas submeterem artigos para a nova edi\u00e7\u00e3o da Revista Internacional de Vitimologia e Justi\u00e7a Restaurativa. A publica\u00e7\u00e3o especial ter\u00e1 como tema principal o \u201cDireito das Mulheres\u201d, reunindo textos cient\u00edficos que joguem luzes ao enfrentamento da viol\u00eancia contra o p\u00fablico feminino. Os artigos podem ser encaminhados at\u00e9 30\/9 (ter\u00e7a-feira), para o e-mail contato@provitima.org, ou diretamente pela plataforma da revista.<\/p>\n\n\n\n<p>A ideia \u00e9 que a publica\u00e7\u00e3o re\u00fana conte\u00fados assinados por autores de dentro e de fora do Brasil. A exemplo das edi\u00e7\u00f5es anteriores, a revista editada pelo Pr\u00f3-V\u00edtima estar\u00e1 dispon\u00edvel em cinco idiomas: ingl\u00eas, portugu\u00eas, italiano, franc\u00eas e espanhol. Com previs\u00e3o de lan\u00e7amento em outubro pr\u00f3ximo, o copilado chega a sua 7\u00aa edi\u00e7\u00e3o. Os artigos devem ter entre 12 a 20 p\u00e1ginas, em formato Times New Roman, espa\u00e7amento 1,5.<\/p>\n\n\n\n<p>Al\u00e9m de tratar sobre os direitos das mulheres e o enfrentamento a crimes que vitimam o p\u00fablico feminino todos os dias, no Brasil e no mundo, como estupro e feminic\u00eddio, os textos podem remeter \u00e0 Vitimologia como ramo cient\u00edfico aut\u00f4nomo e \u00e0 import\u00e2ncia do Estatuto da V\u00edtima, que j\u00e1 \u00e9 uma realidade em pa\u00edses da Uni\u00e3o Europeia, como Portugal, Espanha, Fran\u00e7a, Alemanha e It\u00e1lia, al\u00e9m dos Estados Unidos, Argentina, Chile e Uruguai. No Brasil, a mat\u00e9ria foi aprovada em dezembro do ano passado, na C\u00e2mara dos Deputados, e aguarda aprecia\u00e7\u00e3o por parte do Senado Federal.<\/p>\n\n\n\n<p>Pesquisadores, profissionais do Direito, da Medicina, da Assist\u00eancia Social e da Psicologia e especialistas em Pol\u00edticas P\u00fablicas interessados em ter o artigo publicado na Revista Internacional de Vitimologia devem encaminhar o material \u00e0 curadoria da publica\u00e7\u00e3o at\u00e9 o pr\u00f3ximo dia 30, para o e-mail contato@provitima.org.<\/p>\n\n\n\n<p>Os conte\u00fados devem ser originais, in\u00e9ditos e n\u00e3o poder\u00e3o estar em processo de avalia\u00e7\u00e3o por parte de outros peri\u00f3dicos. Uma vez publicados na edi\u00e7\u00e3o do Pr\u00f3-V\u00edtima, os textos ser\u00e3o autorizados para republica\u00e7\u00e3o em outros meios e ve\u00edculos apenas ap\u00f3s consulta pr\u00e9via ao Conselho Editorial da Revista Internacional de Vitimologia e Justi\u00e7a Restaurativa.<\/p>\n\n\n\n<p>Os artigos poder\u00e3o ter at\u00e9 tr\u00eas coautores, exigindo-se, preferencialmente, a titula\u00e7\u00e3o de doutor, de mestre ou de especialista. Excepcionalmente nesta edi\u00e7\u00e3o especial, ser\u00e3o aceitos textos de trabalhos de conclus\u00e3o de curso relacionados \u00e0 tem\u00e1tica da revista.<\/p>\n\n\n\n<p>De acordo com a presidente do Pr\u00f3-V\u00edtima, a promotora de Justi\u00e7a (MP-SP) Celeste Leite dos Santos, a publica\u00e7\u00e3o contribui para o reconhecimento da v\u00edtima como sujeito de direitos antes, durante, ap\u00f3s e independentemente da exist\u00eancia do crime, com foco na tutela penal em aspectos preventivos e interligados ao Direito:<\/p>\n\n\n\n<p>\u201cBuscamos por autores que contribuam com novos debates, ao mesmo tempo em que reforcem a urg\u00eancia de estrat\u00e9gias voltadas ao protagonismo das v\u00edtimas no Sistema de Justi\u00e7a Criminal. Al\u00e9m disso, a revista inclui reflex\u00f5es cr\u00edticas sobre como a Justi\u00e7a Restaurativa pode atuar como ferramenta transformadora em contextos de extrema desigualdade social, de viol\u00eancia urbana e em situa\u00e7\u00f5es de vulnerabilidade\u201d, refor\u00e7a a jurista, que \u00e9 doutora em Direito Civil e mestre em Direito Penal.<\/p>\n\n\n\n<p>Estatuto da V\u00edtima<br>O Projeto de Lei (PL) 3.890\/2020, que cria o Estatuto da V\u00edtima, defende os interesses de quem sofre diretamente danos f\u00edsicos, emocionais ou econ\u00f4micos ao ser v\u00edtima de crimes, de acidentes, de desastres naturais, ou de epidemias. A mat\u00e9ria assegura \u00e0s v\u00edtimas de todo o Brasil indeniza\u00e7\u00e3o, entre outros direitos. Caso seja aprovada no Senado, a mat\u00e9ria parte para san\u00e7\u00e3o presidencial.<\/p>\n\n\n\n<p>Contato<br>Para esclarecer d\u00favidas ou obter mais informa\u00e7\u00f5es sobre a edi\u00e7\u00e3o especial da Revista Internacional de Vitimologia e Justi\u00e7a Restaurativa, \u00e9 necess\u00e1rio entrar em contato pelo e-mail contato@provitima.org, ou diretamente no site do provitima.org.<\/p>\n","protected":false},"excerpt":{"rendered":"<p>Pesquisadores, profissionais do Direito, da Medicina, da Assist\u00eancia Social e da Psicologia e especialistas em&#8230;<\/p>\n","protected":false},"author":1,"featured_media":26021,"comment_status":"open","ping_status":"open","sticky":false,"template":"","format":"standard","meta":{"footnotes":""},"categories":[2],"tags":[],"featured_image_urls":{"full":["https:\/\/novosaopaulo.com.br\/n1\/wp-content\/uploads\/2025\/09\/WhatsApp-Image-2025-09-23-at-12.31.15.jpeg",1083,1600,false],"thumbnail":["https:\/\/novosaopaulo.com.br\/n1\/wp-content\/uploads\/2025\/09\/WhatsApp-Image-2025-09-23-at-12.31.15-150x150.jpeg",150,150,true],"medium":["https:\/\/novosaopaulo.com.br\/n1\/wp-content\/uploads\/2025\/09\/WhatsApp-Image-2025-09-23-at-12.31.15-203x300.jpeg",203,300,true],"medium_large":["https:\/\/novosaopaulo.com.br\/n1\/wp-content\/uploads\/2025\/09\/WhatsApp-Image-2025-09-23-at-12.31.15-768x1135.jpeg",640,946,true],"large":["https:\/\/novosaopaulo.com.br\/n1\/wp-content\/uploads\/2025\/09\/WhatsApp-Image-2025-09-23-at-12.31.15-693x1024.jpeg",640,946,true],"1536x1536":["https:\/\/novosaopaulo.com.br\/n1\/wp-content\/uploads\/2025\/09\/WhatsApp-Image-2025-09-23-at-12.31.15-1040x1536.jpeg",1040,1536,true],"2048x2048":["https:\/\/novosaopaulo.com.br\/n1\/wp-content\/uploads\/2025\/09\/WhatsApp-Image-2025-09-23-at-12.31.15.jpeg",1083,1600,false],"newsever-slider-full":["https:\/\/novosaopaulo.com.br\/n1\/wp-content\/uploads\/2025\/09\/WhatsApp-Image-2025-09-23-at-12.31.15-1083x845.jpeg",1083,845,true],"newsever-featured":["https:\/\/novosaopaulo.com.br\/n1\/wp-content\/uploads\/2025\/09\/WhatsApp-Image-2025-09-23-at-12.31.15-1024x1513.jpeg",1024,1513,true],"newsever-medium":["https:\/\/novosaopaulo.com.br\/n1\/wp-content\/uploads\/2025\/09\/WhatsApp-Image-2025-09-23-at-12.31.15-720x475.jpeg",720,475,true]},"author_info":{"display_name":"Reda\u00e7\u00e3o","author_link":"https:\/\/novosaopaulo.com.br\/n1\/author\/g5poa\/"},"category_info":"<a href=\"https:\/\/novosaopaulo.com.br\/n1\/category\/cidades\/\" rel=\"category tag\">Cidades<\/a>","tag_info":"Cidades","comment_count":"0","_links":{"self":[{"href":"https:\/\/novosaopaulo.com.br\/n1\/wp-json\/wp\/v2\/posts\/26020"}],"collection":[{"href":"https:\/\/novosaopaulo.com.br\/n1\/wp-json\/wp\/v2\/posts"}],"about":[{"href":"https:\/\/novosaopaulo.com.br\/n1\/wp-json\/wp\/v2\/types\/post"}],"author":[{"embeddable":true,"href":"https:\/\/novosaopaulo.com.br\/n1\/wp-json\/wp\/v2\/users\/1"}],"replies":[{"embeddable":true,"href":"https:\/\/novosaopaulo.com.br\/n1\/wp-json\/wp\/v2\/comments?post=26020"}],"version-history":[{"count":1,"href":"https:\/\/novosaopaulo.com.br\/n1\/wp-json\/wp\/v2\/posts\/26020\/revisions"}],"predecessor-version":[{"id":26022,"href":"https:\/\/novosaopaulo.com.br\/n1\/wp-json\/wp\/v2\/posts\/26020\/revisions\/26022"}],"wp:featuredmedia":[{"embeddable":true,"href":"https:\/\/novosaopaulo.com.br\/n1\/wp-json\/wp\/v2\/media\/26021"}],"wp:attachment":[{"href":"https:\/\/novosaopaulo.com.br\/n1\/wp-json\/wp\/v2\/media?parent=26020"}],"wp:term":[{"taxonomy":"category","embeddable":true,"href":"https:\/\/novosaopaulo.com.br\/n1\/wp-json\/wp\/v2\/categories?post=26020"},{"taxonomy":"post_tag","embeddable":true,"href":"https:\/\/novosaopaulo.com.br\/n1\/wp-json\/wp\/v2\/tags?post=26020"}],"curies":[{"name":"wp","href":"https:\/\/api.w.org\/{rel}","templated":true}]}}