{"id":25994,"date":"2025-09-22T18:03:09","date_gmt":"2025-09-22T21:03:09","guid":{"rendered":"https:\/\/novosaopaulo.com.br\/n1\/?p=25994"},"modified":"2025-09-22T18:03:10","modified_gmt":"2025-09-22T21:03:10","slug":"conexao-cog-autismo-e-arte-promove-a-inclusao-por-meio-da-cultura-saude-e-movimento","status":"publish","type":"post","link":"https:\/\/novosaopaulo.com.br\/n1\/conexao-cog-autismo-e-arte-promove-a-inclusao-por-meio-da-cultura-saude-e-movimento\/","title":{"rendered":"Conex\u00e3o COG Autismo e Arte promove a inclus\u00e3o por meio da cultura, sa\u00fade e movimento"},"content":{"rendered":"\n<p>De 3 a 30 de outubro, Alphaville recebe semin\u00e1rios, corrida cultural, exposi\u00e7\u00e3o com acessibilidade, oficinas gratuitas e apresenta\u00e7\u00f5es musicais de artistas autistas e neurodivergentes<\/p>\n\n\n\n<p>De 3 a 30 de outubro de 2025, Alphaville (Barueri, SP) ser\u00e1 palco do Conex\u00e3o COG Autismo e Arte, um evento inovador que prop\u00f5e uma jornada transformadora por meio da cultura, sa\u00fade e movimento. Realizado pelo Instituto COG Life Arts, com apoio do Minist\u00e9rio da Cultura, via Lei Rouanet, e patroc\u00ednio principal da Total Express, o projeto tem como prop\u00f3sito promover a inclus\u00e3o real de pessoas neuro divergentes por meio da arte, da informa\u00e7\u00e3o e do pertencimento \u2014 tamb\u00e9m sensibilizando empresas e profissionais de RH das \u00e1reas de diversidade e inclus\u00e3o.<\/p>\n\n\n\n<p>A proposta \u00e9 mostrar que incluir n\u00e3o \u00e9 um bicho de sete cabe\u00e7as: trata-se de conhecimento, abertura de possibilidades e vontade. O Conex\u00e3o COG traz casos pr\u00e1ticos de inclus\u00e3o, alternativas de como valoriz\u00e1-la na rotina das empresas e da sociedade, e oportunidades para conectar artistas, produtores de arte, galerias, profissionais da sa\u00fade e empresas. \u00c9 dessa conex\u00e3o que a m\u00e1gica da inclus\u00e3o se torna real.<\/p>\n\n\n\n<p>\u201cO Conex\u00e3o COG \u00e9 mais do que um evento. \u00c9 um movimento vivo de empatia, express\u00e3o e transforma\u00e7\u00e3o. Unir arte, informa\u00e7\u00e3o, sa\u00fade e esporte \u00e9 mostrar que a inclus\u00e3o come\u00e7a no pertencimento. Estamos criando espa\u00e7os nos quais todas as vozes importam e as diferen\u00e7as nos aproximam. \u00c9 uma honra ver esse sonho se concretizar com tanta gente comprometida com um futuro mais humano\u201d, afirma Fl\u00e1via Gusm\u00e3o, fundadora da Cog Life Arts.<\/p>\n\n\n\n<p>Programa\u00e7\u00e3o em quatro pilares<\/p>\n\n\n\n<ul>\n<li>Semin\u00e1rio (3 e 4\/10 \u2013 das 9h \u00e0s 16h \u2013 Centro de Conven\u00e7\u00f5es Paulo Machado, Avenida Copacabana, 190, 3\u00ba andar, Alphaville)<br>Esperando cerca de 300 pessoas por dia, o semin\u00e1rio re\u00fane palestrantes renomados como:<\/li>\n\n\n\n<li>Marco T\u00falio Lara (Jota Quest) \u2013 \u201cSem Medo do Futuro\u201d<\/li>\n\n\n\n<li>Dra. Daniela Bordini (psiquiatra, diretora-geral do TIM \u2013 Unifesp) \u2013 \u201cMitos e Verdades Sobre o Autismo\u201d<\/li>\n\n\n\n<li>Rodrigo Aquino \u2013 refer\u00eancia em Felicidade Corporativa<\/li>\n\n\n\n<li>Marcelo Vitoriano \u2013 presidente da Specialisterne Brasil<\/li>\n\n\n\n<li>Julia Malc \u2013 artista autista \u2013 \u201cSeja Protagonista da Sua Hist\u00f3ria\u201d<\/li>\n\n\n\n<li>Tati Moraes \u2013 artista autista \u2013 \u201cInclus\u00e3o na Pr\u00e1tica: como se tornou uma das principais vendedoras de produtos com a sua arte\u201d<\/li>\n\n\n\n<li>Jorge Calixto \u2013 artista e estudante de Artes Visuais O semin\u00e1rio tamb\u00e9m contar\u00e1 com apresenta\u00e7\u00f5es musicais ao vivo de JP Gusm\u00e3o (rock) e Paulo Henrique (m\u00fasica brasileira).<\/li>\n\n\n\n<li>Corrida Cultural (5\/10 \u2013 Parque Ecol\u00f3gico de Alphaville)<br>Percursos de 3 km (caminhada), 6 km e 9 km (corrida). Estimativa de 300 participantes. Premia\u00e7\u00e3o para os tr\u00eas primeiros colocados de cada modalidade.<\/li>\n\n\n\n<li>Exposi\u00e7\u00e3o de Arte com Acessibilidade (8 a 30\/10 \u2013 Shopping Flamingo, Alameda Araguaia \u2013 Pra\u00e7a de Alimenta\u00e7\u00e3o)<br>Cerca de 60 obras de artistas autistas sobre o tema do hiperfoco. Exposi\u00e7\u00e3o contar\u00e1 com recursos de acessibilidade. Expectativa de 2.300 visitantes por dia. Aberta no hor\u00e1rio de funcionamento do shopping.<\/li>\n\n\n\n<li>Oficinas de Artes (simult\u00e2neas \u00e0 exposi\u00e7\u00e3o)<br>12 oficinas gratuitas, com 20 vagas cada, atendendo 240 estudantes prioritariamente com TEA de escolas p\u00fablicas.<\/li>\n<\/ul>\n\n\n\n<p>Servi\u00e7o<br>Conex\u00e3o COG \u2013 Autismo e Arte<br>Data: 3 a 30 de outubro de 2025<br>Locais:<\/p>\n\n\n\n<ul>\n<li>Semin\u00e1rio: Centro de Conven\u00e7\u00f5es Paulo Machado \u2013 Avenida Copacabana, 190, 3\u00ba andar, Alphaville\/SP \u2013 3 e 4\/10, das 9h \u00e0s 16h<\/li>\n\n\n\n<li>Corrida Cultural: Parque Ecol\u00f3gico de Alphaville \u2013 5\/10<\/li>\n\n\n\n<li>Exposi\u00e7\u00e3o + Oficinas: Shopping Flamingo \u2013 Alameda Araguaia, Pra\u00e7a de Alimenta\u00e7\u00e3o \u2013 8 a 30\/10, hor\u00e1rio de funcionamento do shopping<\/li>\n<\/ul>\n\n\n\n<p>Inscri\u00e7\u00f5es:<br>Semin\u00e1rio: Conex\u00e3o Cog Autismo e Arte &#8211; Semin\u00e1rio O Valor de Incluir: Diversidade e Bem Estar Coletivo<br>https:\/\/www.sympla.com.br\/evento\/conexao-cog-autismo-e-arte-seminario-o-valor-de-incluir-diversidade-e-bem-estar-coletivo\/3086581?token=ca42efd206fc069bbfd82f4b5a43f4c8&amp;referrer=linktr.ee<br>Corrida Cultural &#8211; Conex\u00e3o Cog Autismo e Arte<br>https:\/\/www.sympla.com.br\/evento\/corrida-cultural-conexao-cog-autismo-e-arte\/3084481<\/p>\n\n\n\n<p>Instagram: @coglifearts<\/p>\n\n\n\n<figure class=\"wp-block-gallery has-nested-images columns-default is-cropped wp-block-gallery-1 is-layout-flex wp-block-gallery-is-layout-flex\">\n<figure class=\"wp-block-image size-large\"><a href=\"https:\/\/novosaopaulo.com.br\/n1\/wp-content\/uploads\/2025\/09\/WhatsApp-Image-2025-09-22-at-13.06.33-1.jpeg\" target=\"_blank\" rel=\"noopener\"><img fetchpriority=\"high\" decoding=\"async\" width=\"352\" height=\"366\" data-id=\"25995\" src=\"https:\/\/novosaopaulo.com.br\/n1\/wp-content\/uploads\/2025\/09\/WhatsApp-Image-2025-09-22-at-13.06.33-1.jpeg\" alt=\"\" class=\"wp-image-25995\" srcset=\"https:\/\/novosaopaulo.com.br\/n1\/wp-content\/uploads\/2025\/09\/WhatsApp-Image-2025-09-22-at-13.06.33-1.jpeg 352w, https:\/\/novosaopaulo.com.br\/n1\/wp-content\/uploads\/2025\/09\/WhatsApp-Image-2025-09-22-at-13.06.33-1-289x300.jpeg 289w\" sizes=\"(max-width: 352px) 100vw, 352px\" \/><\/a><\/figure>\n\n\n\n<figure class=\"wp-block-image size-large\"><a href=\"https:\/\/novosaopaulo.com.br\/n1\/wp-content\/uploads\/2025\/09\/WhatsApp-Image-2025-09-22-at-13.06.33.jpeg\" target=\"_blank\" rel=\"noopener\"><img decoding=\"async\" width=\"255\" height=\"361\" data-id=\"25996\" src=\"https:\/\/novosaopaulo.com.br\/n1\/wp-content\/uploads\/2025\/09\/WhatsApp-Image-2025-09-22-at-13.06.33.jpeg\" alt=\"\" class=\"wp-image-25996\" srcset=\"https:\/\/novosaopaulo.com.br\/n1\/wp-content\/uploads\/2025\/09\/WhatsApp-Image-2025-09-22-at-13.06.33.jpeg 255w, https:\/\/novosaopaulo.com.br\/n1\/wp-content\/uploads\/2025\/09\/WhatsApp-Image-2025-09-22-at-13.06.33-212x300.jpeg 212w\" sizes=\"(max-width: 255px) 100vw, 255px\" \/><\/a><\/figure>\n<\/figure>\n","protected":false},"excerpt":{"rendered":"<p>De 3 a 30 de outubro, Alphaville recebe semin\u00e1rios, corrida cultural, exposi\u00e7\u00e3o com acessibilidade, oficinas&#8230;<\/p>\n","protected":false},"author":1,"featured_media":25997,"comment_status":"open","ping_status":"open","sticky":false,"template":"","format":"standard","meta":{"footnotes":""},"categories":[9],"tags":[],"featured_image_urls":{"full":["https:\/\/novosaopaulo.com.br\/n1\/wp-content\/uploads\/2025\/09\/WhatsApp-Image-2025-09-22-at-13.06.32.jpeg",281,364,false],"thumbnail":["https:\/\/novosaopaulo.com.br\/n1\/wp-content\/uploads\/2025\/09\/WhatsApp-Image-2025-09-22-at-13.06.32-150x150.jpeg",150,150,true],"medium":["https:\/\/novosaopaulo.com.br\/n1\/wp-content\/uploads\/2025\/09\/WhatsApp-Image-2025-09-22-at-13.06.32-232x300.jpeg",232,300,true],"medium_large":["https:\/\/novosaopaulo.com.br\/n1\/wp-content\/uploads\/2025\/09\/WhatsApp-Image-2025-09-22-at-13.06.32.jpeg",281,364,false],"large":["https:\/\/novosaopaulo.com.br\/n1\/wp-content\/uploads\/2025\/09\/WhatsApp-Image-2025-09-22-at-13.06.32.jpeg",281,364,false],"1536x1536":["https:\/\/novosaopaulo.com.br\/n1\/wp-content\/uploads\/2025\/09\/WhatsApp-Image-2025-09-22-at-13.06.32.jpeg",281,364,false],"2048x2048":["https:\/\/novosaopaulo.com.br\/n1\/wp-content\/uploads\/2025\/09\/WhatsApp-Image-2025-09-22-at-13.06.32.jpeg",281,364,false],"newsever-slider-full":["https:\/\/novosaopaulo.com.br\/n1\/wp-content\/uploads\/2025\/09\/WhatsApp-Image-2025-09-22-at-13.06.32.jpeg",281,364,false],"newsever-featured":["https:\/\/novosaopaulo.com.br\/n1\/wp-content\/uploads\/2025\/09\/WhatsApp-Image-2025-09-22-at-13.06.32.jpeg",281,364,false],"newsever-medium":["https:\/\/novosaopaulo.com.br\/n1\/wp-content\/uploads\/2025\/09\/WhatsApp-Image-2025-09-22-at-13.06.32.jpeg",281,364,false]},"author_info":{"display_name":"Reda\u00e7\u00e3o","author_link":"https:\/\/novosaopaulo.com.br\/n1\/author\/g5poa\/"},"category_info":"<a href=\"https:\/\/novosaopaulo.com.br\/n1\/category\/geral\/\" rel=\"category tag\">Geral<\/a>","tag_info":"Geral","comment_count":"0","_links":{"self":[{"href":"https:\/\/novosaopaulo.com.br\/n1\/wp-json\/wp\/v2\/posts\/25994"}],"collection":[{"href":"https:\/\/novosaopaulo.com.br\/n1\/wp-json\/wp\/v2\/posts"}],"about":[{"href":"https:\/\/novosaopaulo.com.br\/n1\/wp-json\/wp\/v2\/types\/post"}],"author":[{"embeddable":true,"href":"https:\/\/novosaopaulo.com.br\/n1\/wp-json\/wp\/v2\/users\/1"}],"replies":[{"embeddable":true,"href":"https:\/\/novosaopaulo.com.br\/n1\/wp-json\/wp\/v2\/comments?post=25994"}],"version-history":[{"count":1,"href":"https:\/\/novosaopaulo.com.br\/n1\/wp-json\/wp\/v2\/posts\/25994\/revisions"}],"predecessor-version":[{"id":25998,"href":"https:\/\/novosaopaulo.com.br\/n1\/wp-json\/wp\/v2\/posts\/25994\/revisions\/25998"}],"wp:featuredmedia":[{"embeddable":true,"href":"https:\/\/novosaopaulo.com.br\/n1\/wp-json\/wp\/v2\/media\/25997"}],"wp:attachment":[{"href":"https:\/\/novosaopaulo.com.br\/n1\/wp-json\/wp\/v2\/media?parent=25994"}],"wp:term":[{"taxonomy":"category","embeddable":true,"href":"https:\/\/novosaopaulo.com.br\/n1\/wp-json\/wp\/v2\/categories?post=25994"},{"taxonomy":"post_tag","embeddable":true,"href":"https:\/\/novosaopaulo.com.br\/n1\/wp-json\/wp\/v2\/tags?post=25994"}],"curies":[{"name":"wp","href":"https:\/\/api.w.org\/{rel}","templated":true}]}}