{"id":25992,"date":"2025-09-22T17:57:32","date_gmt":"2025-09-22T20:57:32","guid":{"rendered":"https:\/\/novosaopaulo.com.br\/n1\/?p=25992"},"modified":"2025-09-22T17:57:33","modified_gmt":"2025-09-22T20:57:33","slug":"onu-faz-80-anos-em-meio-a-problemas-e-incertezas","status":"publish","type":"post","link":"https:\/\/novosaopaulo.com.br\/n1\/onu-faz-80-anos-em-meio-a-problemas-e-incertezas\/","title":{"rendered":"ONU faz 80 anos em meio a problemas e incertezas"},"content":{"rendered":"\n<p>Nesta ter\u00e7a-feira (23), quando, em cumprimento \u00e0 tradi\u00e7\u00e3o de o Brasil abrir a assembleia geral da ONU (Organiza\u00e7\u00e3o das Na\u00e7\u00f5es Unidas) o presidente Lula estiver pronunciando discurso inicial, aquele organismo iniciar\u00e1 as comemora\u00e7\u00f5es do seu 80\u00ba anivers\u00e1rio de funda\u00e7\u00e3o. No dia 26 de junho de 1945, quando terminada a 2\u00aa Guerra Mundial, um grupo de 51 pa\u00edses reuniu-se em San Francisco (Calif\u00f3rnia), onde assinou a Carta das Na\u00e7\u00f5es Unidas, que entrou em vigor no dia 24 de outubro daquele ano, a partir de ent\u00e3o, considerado o Dia das Na\u00e7\u00f5es Unidas.<\/p>\n\n\n\n<p>O objetivo da entidade era (e continua sendo) promover a paz, a seguran\u00e7a e a coopera\u00e7\u00e3o internacional. Por\u00e9m, ao completar oito d\u00e9cadas de atividade, o organismo encontra-se distante do clima festivo almejado, convivendo com guerras em andamento ao redor do mundo, uma crise or\u00e7ament\u00e1ria se aproximando e d\u00favidas crescentes.<\/p>\n\n\n\n<p>A guerra da R\u00fassia contra a Ucr\u00e2nia j\u00e1 dura mais de tr\u00eas anos. O conflito entre Israel e o Hamas na Faixa de Gaza se estende por quase dois. E o mundo segue distante de atingir suas metas de desenvolvimento ou de encontrar uma solu\u00e7\u00e3o para a mudan\u00e7a clim\u00e1tica. Mesmo a ajuda humanit\u00e1ria global da ONU \u2014 uma das poucas \u00e1reas em que a organiza\u00e7\u00e3o ainda se destaca e lidera \u2014 est\u00e1 agora amea\u00e7ada por cortes de or\u00e7amento, falta de interesse dos doadores e redu\u00e7\u00e3o de pessoal. Preocupa o conflito EUA \u2013 Venezuela, onde o governo Trump j\u00e1 enviou tropas e material b\u00e9lico ao Caribe e, segundo a especula\u00e7\u00e3o internacional, poder\u00e1 envolver-se militarmente em v\u00e1rios pa\u00edses com governos de tend\u00eancias \u00e0 esquerda. Da mesma forma, o tarifa\u00e7o aplicado por Washington \u00e0s suas importa\u00e7\u00f5es, j\u00e1 come\u00e7a a fazer estragos econ\u00f4micos (especialmente desemprego) em diferentes pa\u00edses, inclusive no Brasil.<\/p>\n\n\n\n<p>Particularmente a n\u00f3s, brasileiros, preocupa saber que os presidentes Lula e Trump estar\u00e3o ao mesmo tempo no pr\u00e9dio da ONU \u2013 onde discursar\u00e3o um em seguida ao outro \u2013 \u00e9 prov\u00e1vel que at\u00e9 cruzem pelos corredores, mas n\u00e3o t\u00eam qualquer reuni\u00e3o ou encontro previsto. Pouco nos importam as diferen\u00e7as ideol\u00f3gicas entre ambos, mas \u00e9 s\u00e9rio saber que a falta de entendimento poder\u00e1 ocasionar danos econ\u00f4micos e sociais aos dois pa\u00edses, que conviveram bem por dois s\u00e9culos e s\u00f3 agora divergem e parecem n\u00e3o terem o prop\u00f3sito de mitigar as diferen\u00e7as. Perder a oportunidade do encontro quando ambos est\u00e3o no mesmo pr\u00e9dio, nos parece ser demais e at\u00e9 desrespeito para com os povos dos dois pa\u00edses.<\/p>\n\n\n\n<p>Al\u00e9m das d\u00favidas e inconveni\u00eancias vindas de Nova York, temos as incertezas de Brasilia. O relator da mat\u00e9ria no Senado anuncia que vai abortar a PEC da Blindagem, aprovada na C\u00e2mara dos Deputados, que impede a\u00e7\u00f5es judiciais contra parlamentares sem a pr\u00e9via autoriza\u00e7\u00e3o da casa legislativa onde ele exerce seu mandato. E o deputado Paulinho da For\u00e7a, feito relator do projeto da anistia aos envolvidos nos dist\u00farbios de 8 de janeiro de 2023, trabalha para transformar o perd\u00e3o em redu\u00e7\u00e3o d\u00f3 tamanho da pena e rebatiz\u00e1-lo como dosimetria. A id\u00e9ia \u00e9 que Paulinho e o presidente da C\u00e2mara, Hugo Motta, cederam \u00e0s press\u00f5es do governo desde o princ\u00edpio porque, al\u00e9m dos invasores do pr\u00e9dios p\u00fablicos depredados, o perd\u00e3o poder\u00e1 tamb\u00e9m estender-se ao ex-presidente Jair Bolsonaro e a seus ex-auxiliares, hoje processados por tentativa de golpe de Estado.<\/p>\n\n\n\n<pre class=\"wp-block-code\"><code>  Se n\u00e3o agirem com sinceridade e comprometimento, os pol\u00edticos envolvidos na quest\u00e3o n\u00e3o chegar\u00e3o a uma solu\u00e7\u00e3o. Anistia, perd\u00e3o ou blindagem exigem consenso e, se n\u00e3o for assim, tornam-se invi\u00e1veis. Os membros do governo, que hoje s\u00e3o contr\u00e1rios e  benefici\u00e1rios do perd\u00e3o de 1979 devem comparar aquilo que os favoreceu d\u00e9cadas atr\u00e1s com o vivido em 2023 e s\u00f3 depois dessa an\u00e1lise, fazer sua op\u00e7\u00e3o. \u00c9 preciso compreender que s\u00f3 a anistia ser\u00e1 capaz de devolver a regularidade pol\u00edtica e institucional do nosso judiado Pa\u00eds. Sem ela, correremos o risco de enveredar rumo ao caos e \u00e0 desagrega\u00e7\u00e3o. Quem defende a democracia tem o dever de lutar pela anistia porque, no atual quadro nacional, uma n\u00e3o sobrevive sem a outra...<\/code><\/pre>\n\n\n\n<p>Tenente Dirceu Cardoso Gon\u00e7alves &#8211; dirigente da ASPOMIL (Associa\u00e7\u00e3o de Assist. Social dos Policiais Militares de S\u00e3o Paulo).<\/p>\n","protected":false},"excerpt":{"rendered":"<p>Nesta ter\u00e7a-feira (23), quando, em cumprimento \u00e0 tradi\u00e7\u00e3o de o Brasil abrir a assembleia geral&#8230;<\/p>\n","protected":false},"author":1,"featured_media":23327,"comment_status":"open","ping_status":"open","sticky":false,"template":"","format":"standard","meta":{"footnotes":""},"categories":[2],"tags":[],"featured_image_urls":{"full":["https:\/\/novosaopaulo.com.br\/n1\/wp-content\/uploads\/2025\/04\/Tenente-Dirceu-Cardoso-Goncalves.jpg",600,564,false],"thumbnail":["https:\/\/novosaopaulo.com.br\/n1\/wp-content\/uploads\/2025\/04\/Tenente-Dirceu-Cardoso-Goncalves-150x150.jpg",150,150,true],"medium":["https:\/\/novosaopaulo.com.br\/n1\/wp-content\/uploads\/2025\/04\/Tenente-Dirceu-Cardoso-Goncalves-300x282.jpg",300,282,true],"medium_large":["https:\/\/novosaopaulo.com.br\/n1\/wp-content\/uploads\/2025\/04\/Tenente-Dirceu-Cardoso-Goncalves.jpg",600,564,false],"large":["https:\/\/novosaopaulo.com.br\/n1\/wp-content\/uploads\/2025\/04\/Tenente-Dirceu-Cardoso-Goncalves.jpg",600,564,false],"1536x1536":["https:\/\/novosaopaulo.com.br\/n1\/wp-content\/uploads\/2025\/04\/Tenente-Dirceu-Cardoso-Goncalves.jpg",600,564,false],"2048x2048":["https:\/\/novosaopaulo.com.br\/n1\/wp-content\/uploads\/2025\/04\/Tenente-Dirceu-Cardoso-Goncalves.jpg",600,564,false],"newsever-slider-full":["https:\/\/novosaopaulo.com.br\/n1\/wp-content\/uploads\/2025\/04\/Tenente-Dirceu-Cardoso-Goncalves.jpg",600,564,false],"newsever-featured":["https:\/\/novosaopaulo.com.br\/n1\/wp-content\/uploads\/2025\/04\/Tenente-Dirceu-Cardoso-Goncalves.jpg",600,564,false],"newsever-medium":["https:\/\/novosaopaulo.com.br\/n1\/wp-content\/uploads\/2025\/04\/Tenente-Dirceu-Cardoso-Goncalves-600x475.jpg",600,475,true]},"author_info":{"display_name":"Reda\u00e7\u00e3o","author_link":"https:\/\/novosaopaulo.com.br\/n1\/author\/g5poa\/"},"category_info":"<a href=\"https:\/\/novosaopaulo.com.br\/n1\/category\/cidades\/\" rel=\"category tag\">Cidades<\/a>","tag_info":"Cidades","comment_count":"0","_links":{"self":[{"href":"https:\/\/novosaopaulo.com.br\/n1\/wp-json\/wp\/v2\/posts\/25992"}],"collection":[{"href":"https:\/\/novosaopaulo.com.br\/n1\/wp-json\/wp\/v2\/posts"}],"about":[{"href":"https:\/\/novosaopaulo.com.br\/n1\/wp-json\/wp\/v2\/types\/post"}],"author":[{"embeddable":true,"href":"https:\/\/novosaopaulo.com.br\/n1\/wp-json\/wp\/v2\/users\/1"}],"replies":[{"embeddable":true,"href":"https:\/\/novosaopaulo.com.br\/n1\/wp-json\/wp\/v2\/comments?post=25992"}],"version-history":[{"count":1,"href":"https:\/\/novosaopaulo.com.br\/n1\/wp-json\/wp\/v2\/posts\/25992\/revisions"}],"predecessor-version":[{"id":25993,"href":"https:\/\/novosaopaulo.com.br\/n1\/wp-json\/wp\/v2\/posts\/25992\/revisions\/25993"}],"wp:featuredmedia":[{"embeddable":true,"href":"https:\/\/novosaopaulo.com.br\/n1\/wp-json\/wp\/v2\/media\/23327"}],"wp:attachment":[{"href":"https:\/\/novosaopaulo.com.br\/n1\/wp-json\/wp\/v2\/media?parent=25992"}],"wp:term":[{"taxonomy":"category","embeddable":true,"href":"https:\/\/novosaopaulo.com.br\/n1\/wp-json\/wp\/v2\/categories?post=25992"},{"taxonomy":"post_tag","embeddable":true,"href":"https:\/\/novosaopaulo.com.br\/n1\/wp-json\/wp\/v2\/tags?post=25992"}],"curies":[{"name":"wp","href":"https:\/\/api.w.org\/{rel}","templated":true}]}}