{"id":25946,"date":"2025-09-19T17:09:13","date_gmt":"2025-09-19T20:09:13","guid":{"rendered":"https:\/\/novosaopaulo.com.br\/n1\/?p=25946"},"modified":"2025-09-19T17:09:14","modified_gmt":"2025-09-19T20:09:14","slug":"prefeitura-de-poa-inicia-servico-de-cras-itinerante-e-leva-atendimento-social-para-os-bairros","status":"publish","type":"post","link":"https:\/\/novosaopaulo.com.br\/n1\/prefeitura-de-poa-inicia-servico-de-cras-itinerante-e-leva-atendimento-social-para-os-bairros\/","title":{"rendered":"Prefeitura de Po\u00e1 inicia servi\u00e7o de CRAS Itinerante e leva atendimento social para os bairros"},"content":{"rendered":"\n<p>Iniciativa aproxima popula\u00e7\u00e3o de programas sociais e vai percorrer diversas regi\u00f5es da cidade<\/p>\n\n\n\n<p>A Secretaria de Assist\u00eancia e Desenvolvimento Social de Po\u00e1 deu in\u00edcio nesta quinta-feira (18) ao servi\u00e7o de CRAS Itinerante, que tem como objetivo levar atendimento do Centro de Refer\u00eancia de Assist\u00eancia Social a bairros mais afastados da cidade. A primeira a\u00e7\u00e3o foi realizada na rua Tupinamb\u00e1s, na Vila Romana, regi\u00e3o que tem como refer\u00eancia o CRAS de Calmon Viana. As pr\u00f3ximas datas j\u00e1 est\u00e3o definidas: 16 de outubro, na Cidade Kemel; 30 de outubro, no Jardim S\u00e3o Jos\u00e9; e 6 de novembro, na Vila Varela.<\/p>\n\n\n\n<p>O CRAS Itinerante funciona como uma unidade m\u00f3vel de atendimento que busca facilitar o acesso de fam\u00edlias em situa\u00e7\u00e3o de vulnerabilidade aos servi\u00e7os da assist\u00eancia social. No local, os moradores podem realizar a atualiza\u00e7\u00e3o do Cadastro \u00danico (Cad\u00danico), fazer o acompanhamento do programa Crian\u00e7a Feliz, tirar d\u00favidas sobre programas como o Bolsa Fam\u00edlia, al\u00e9m de receber orienta\u00e7\u00e3o de equipes do Sistema \u00danico de Assist\u00eancia Social (Suas).<\/p>\n\n\n\n<p>O secret\u00e1rio de Assist\u00eancia Social de Po\u00e1, Wellington Alves Teixeira, explica que o atendimento \u00e9 feito por ordem de chegada, sem necessidade de agendamento pr\u00e9vio. Para ser atendido, \u00e9 preciso apresentar documentos pessoais como RG e CPF. \u201cO servi\u00e7o vem para o bairro para garantir o atendimento das pessoas que n\u00e3o conseguem ir at\u00e9 a unidade do Cras, como por exemplo o de Calmon Viana, que \u00e9 o bairro de refer\u00eancia para essa regi\u00e3o da Vila Romana\u201d, explicou.<\/p>\n\n\n\n<p>Ele disse ainda que a iniciativa tamb\u00e9m busca facilitar o acesso de pessoas com mobilidade reduzida, idosos, gestantes e m\u00e3es em per\u00edodo de amamenta\u00e7\u00e3o. \u201cDentro do nosso plano de a\u00e7\u00e3o, no primeiro semestre a gente garante o recadastro e neste segundo vamos para a busca ativa, ou seja, as pessoas que n\u00e3o conseguiram por algum tipo de problema, a gente consegue fazer aqui o servi\u00e7o\u201d, afirmou o secret\u00e1rio.<\/p>\n\n\n\n<p>O prefeito Saulo Souza, destacou que a proposta fortalece o v\u00ednculo entre a administra\u00e7\u00e3o e os moradores. \u201cO CRAS Itinerante leva aos mun\u00edcipes facilidade na hora de obter acesso \u00e0s pol\u00edticas p\u00fablicas, que s\u00e3o de grande import\u00e2ncia para os nossos mun\u00edcipes. Essa iniciativa traz qualidade de vida e aproxima\u00e7\u00e3o dos servi\u00e7os com a popula\u00e7\u00e3o poaense\u201d, disse.<\/p>\n\n\n\n<p>Moradores que compareceram ao atendimento comemoraram a novidade. Elisangela Sabino ressaltou que o servi\u00e7o trouxe comodidade. \u201cFiquei muito feliz com a chegada do CRAS Itinerante, pois precisava atualizar o Cad\u00danico e ficava longe para ir at\u00e9 Calmon Viana.\u201d J\u00e1 Crislaine Ferreira destacou que a a\u00e7\u00e3o facilitar\u00e1 o acesso de seus av\u00f3s aos programas sociais. \u201cPara eles ficar\u00e1 muito mais f\u00e1cil usar o servi\u00e7o quando for no formato itinerante. Gostei muito\u201d, disse.<\/p>\n\n\n\n<p>Fotos: Irineu J\u00fanior e Nivaldo Alves<\/p>\n\n\n\n<figure class=\"wp-block-image size-large\"><img fetchpriority=\"high\" decoding=\"async\" width=\"1024\" height=\"682\" src=\"https:\/\/novosaopaulo.com.br\/n1\/wp-content\/uploads\/2025\/09\/WhatsApp-Image-2025-09-19-at-15.45.19-1024x682.jpeg\" alt=\"\" class=\"wp-image-25947\" srcset=\"https:\/\/novosaopaulo.com.br\/n1\/wp-content\/uploads\/2025\/09\/WhatsApp-Image-2025-09-19-at-15.45.19-1024x682.jpeg 1024w, https:\/\/novosaopaulo.com.br\/n1\/wp-content\/uploads\/2025\/09\/WhatsApp-Image-2025-09-19-at-15.45.19-300x200.jpeg 300w, https:\/\/novosaopaulo.com.br\/n1\/wp-content\/uploads\/2025\/09\/WhatsApp-Image-2025-09-19-at-15.45.19-768x512.jpeg 768w, https:\/\/novosaopaulo.com.br\/n1\/wp-content\/uploads\/2025\/09\/WhatsApp-Image-2025-09-19-at-15.45.19.jpeg 1280w\" sizes=\"(max-width: 1024px) 100vw, 1024px\" \/><\/figure>\n","protected":false},"excerpt":{"rendered":"<p>Iniciativa aproxima popula\u00e7\u00e3o de programas sociais e vai percorrer diversas regi\u00f5es da cidade A Secretaria&#8230;<\/p>\n","protected":false},"author":1,"featured_media":25948,"comment_status":"open","ping_status":"open","sticky":false,"template":"","format":"standard","meta":{"footnotes":""},"categories":[8],"tags":[],"featured_image_urls":{"full":["https:\/\/novosaopaulo.com.br\/n1\/wp-content\/uploads\/2025\/09\/WhatsApp-Image-2025-09-19-at-15.46.18.jpeg",1000,563,false],"thumbnail":["https:\/\/novosaopaulo.com.br\/n1\/wp-content\/uploads\/2025\/09\/WhatsApp-Image-2025-09-19-at-15.46.18-150x150.jpeg",150,150,true],"medium":["https:\/\/novosaopaulo.com.br\/n1\/wp-content\/uploads\/2025\/09\/WhatsApp-Image-2025-09-19-at-15.46.18-300x169.jpeg",300,169,true],"medium_large":["https:\/\/novosaopaulo.com.br\/n1\/wp-content\/uploads\/2025\/09\/WhatsApp-Image-2025-09-19-at-15.46.18-768x432.jpeg",640,360,true],"large":["https:\/\/novosaopaulo.com.br\/n1\/wp-content\/uploads\/2025\/09\/WhatsApp-Image-2025-09-19-at-15.46.18.jpeg",640,360,false],"1536x1536":["https:\/\/novosaopaulo.com.br\/n1\/wp-content\/uploads\/2025\/09\/WhatsApp-Image-2025-09-19-at-15.46.18.jpeg",1000,563,false],"2048x2048":["https:\/\/novosaopaulo.com.br\/n1\/wp-content\/uploads\/2025\/09\/WhatsApp-Image-2025-09-19-at-15.46.18.jpeg",1000,563,false],"newsever-slider-full":["https:\/\/novosaopaulo.com.br\/n1\/wp-content\/uploads\/2025\/09\/WhatsApp-Image-2025-09-19-at-15.46.18.jpeg",1000,563,false],"newsever-featured":["https:\/\/novosaopaulo.com.br\/n1\/wp-content\/uploads\/2025\/09\/WhatsApp-Image-2025-09-19-at-15.46.18.jpeg",1000,563,false],"newsever-medium":["https:\/\/novosaopaulo.com.br\/n1\/wp-content\/uploads\/2025\/09\/WhatsApp-Image-2025-09-19-at-15.46.18-720x475.jpeg",720,475,true]},"author_info":{"display_name":"Reda\u00e7\u00e3o","author_link":"https:\/\/novosaopaulo.com.br\/n1\/author\/g5poa\/"},"category_info":"<a href=\"https:\/\/novosaopaulo.com.br\/n1\/category\/poa\/\" rel=\"category tag\">Po\u00e1<\/a>","tag_info":"Po\u00e1","comment_count":"0","_links":{"self":[{"href":"https:\/\/novosaopaulo.com.br\/n1\/wp-json\/wp\/v2\/posts\/25946"}],"collection":[{"href":"https:\/\/novosaopaulo.com.br\/n1\/wp-json\/wp\/v2\/posts"}],"about":[{"href":"https:\/\/novosaopaulo.com.br\/n1\/wp-json\/wp\/v2\/types\/post"}],"author":[{"embeddable":true,"href":"https:\/\/novosaopaulo.com.br\/n1\/wp-json\/wp\/v2\/users\/1"}],"replies":[{"embeddable":true,"href":"https:\/\/novosaopaulo.com.br\/n1\/wp-json\/wp\/v2\/comments?post=25946"}],"version-history":[{"count":1,"href":"https:\/\/novosaopaulo.com.br\/n1\/wp-json\/wp\/v2\/posts\/25946\/revisions"}],"predecessor-version":[{"id":25949,"href":"https:\/\/novosaopaulo.com.br\/n1\/wp-json\/wp\/v2\/posts\/25946\/revisions\/25949"}],"wp:featuredmedia":[{"embeddable":true,"href":"https:\/\/novosaopaulo.com.br\/n1\/wp-json\/wp\/v2\/media\/25948"}],"wp:attachment":[{"href":"https:\/\/novosaopaulo.com.br\/n1\/wp-json\/wp\/v2\/media?parent=25946"}],"wp:term":[{"taxonomy":"category","embeddable":true,"href":"https:\/\/novosaopaulo.com.br\/n1\/wp-json\/wp\/v2\/categories?post=25946"},{"taxonomy":"post_tag","embeddable":true,"href":"https:\/\/novosaopaulo.com.br\/n1\/wp-json\/wp\/v2\/tags?post=25946"}],"curies":[{"name":"wp","href":"https:\/\/api.w.org\/{rel}","templated":true}]}}