{"id":25923,"date":"2025-09-17T21:11:38","date_gmt":"2025-09-18T00:11:38","guid":{"rendered":"https:\/\/novosaopaulo.com.br\/n1\/?p=25923"},"modified":"2025-09-17T21:11:39","modified_gmt":"2025-09-18T00:11:39","slug":"chitaozinho-xororo-sao-indicados-ao-grammy-latino-2025-com-o-album-jose-durval","status":"publish","type":"post","link":"https:\/\/novosaopaulo.com.br\/n1\/chitaozinho-xororo-sao-indicados-ao-grammy-latino-2025-com-o-album-jose-durval\/","title":{"rendered":"Chit\u00e3ozinho &amp; Xoror\u00f3 s\u00e3o indicados ao Grammy Latino 2025 com o \u00e1lbum Jos\u00e9 &amp; Durval"},"content":{"rendered":"\n<p>Celebrando 55 anos de carreira, a dupla Chit\u00e3ozinho &amp; Xoror\u00f3 foi indicada ao Grammy Latino 2025 na categoria de Melhor \u00c1lbum de M\u00fasica Sertaneja com o projeto Jos\u00e9 &amp; Durval. Lan\u00e7ado em setembro de 2024, o trabalho re\u00fane 15 faixas in\u00e9ditas e apresenta uma nova sonoridade ao repert\u00f3rio dos artistas, com participa\u00e7\u00f5es especiais de nomes como Fresno e Simone Mendes.<\/p>\n\n\n\n<p>\u00cdcones da m\u00fasica brasileira, os irm\u00e3os somam agora oito indica\u00e7\u00f5es ao pr\u00eamio e j\u00e1 conquistaram seis estatuetas ao longo da trajet\u00f3ria. A \u00faltima vit\u00f3ria na categoria sertaneja foi em 2022, com o \u00e1lbum Chit\u00e3ozinho &amp; Xoror\u00f3 Legado.<\/p>\n\n\n\n<p>\u201cQue alegria imensa ver o nosso \u00e1lbum Jos\u00e9 &amp; Durval indicado ao Grammy como \u2018Melhor \u00c1lbum de M\u00fasica Sertaneja\u2019. Esse projeto \u00e9 muito especial para n\u00f3s, porque carrega a nossa hist\u00f3ria, nossas ra\u00edzes e toda a emo\u00e7\u00e3o de uma vida dedicada \u00e0 m\u00fasica. S\u00f3 temos que agradecer a cada um de voc\u00eas que fazem parte dessa caminhada com a gente. Vamos juntos nessa!\u201d, celebram os artistas.<\/p>\n\n\n\n<p><strong>Sobre Chit\u00e3ozinho &amp; Xoror\u00f3<\/strong><strong><\/strong><\/p>\n\n\n\n<p>Reis da m\u00fasica sertaneja, os irm\u00e3os atingiram a marca de 40 milh\u00f5es de discos vendidos, 37 \u00e1lbuns in\u00e9ditos, onze DVDs, seis pr\u00eamios Grammy, centenas de discos de ouro, platina e diamante, programas de televis\u00e3o e uma homenagem da X-9 Paulistana que contou sua hist\u00f3ria.<\/p>\n\n\n\n<p>A dupla gravou o primeiro disco, \u201cGalopeira\u201d, em 1970, mas o sucesso veio oito anos depois com \u201c60 Dias Apaixonados\u201d, que deu o primeiro disco de ouro. O reconhecimento do grande p\u00fablico veio em 1982 com a m\u00fasica \u201cFio de Cabelo\u201d, que vendeu mais de 1,5 milh\u00e3o de c\u00f3pias. Ao longo da carreira, criaram cl\u00e1ssicos como \u201cSe Deus Me Ouvisse\u201d, \u201cFog\u00e3o de Lenha\u201d, \u201cNo Rancho Fundo\u201d, \u201cBrincar de Ser Feliz\u201d, \u201cP\u00e1gina de Amigos\u201d e \u201cAl\u00f4\u201d, entre outros.<\/p>\n\n\n\n<p>Entre 2022 e 2023, os artistas iniciaram as comemora\u00e7\u00f5es dos 50 anos de carreira, com uma turn\u00ea in\u00e9dita e mundial, al\u00e9m de uma s\u00e9rie de projetos que incluem livros, gibi e um quadro especial.<\/p>\n\n\n\n<p><strong>Sobre Chit\u00e3ozinho &amp; Xoror\u00f3 <\/strong><strong>&nbsp;em n\u00fameros<\/strong><strong><\/strong><\/p>\n\n\n\n<p>\u00a7&nbsp; Mais de 40 milh\u00f5es de discos vendidos<\/p>\n\n\n\n<p>\u00a7&nbsp; 37 \u00e1lbuns in\u00e9ditos e 11 DVDs<\/p>\n\n\n\n<p>\u00a7&nbsp; Centenas de discos de ouro, platina e diamante<\/p>\n\n\n\n<p>\u00a7&nbsp; Dezenas de pr\u00eamios na m\u00fasica, incluindo 6 Grammys<\/p>\n\n\n\n<p>\u00a7&nbsp; Mais de 6 mil shows<\/p>\n\n\n\n<p>\u00a7&nbsp; P\u00fablico estimado em 100 milh\u00f5es de pessoas<\/p>\n\n\n\n<p>\u00a7&nbsp; Mais de 100 mil pessoas em um \u00fanico show<\/p>\n\n\n\n<p>\u00a7&nbsp; 1,8 milh\u00e3o de vendas em um \u00fanico disco<\/p>\n\n\n\n<p>\u00a7&nbsp; Mais de 400 m\u00fasicas gravadas<\/p>\n\n\n\n<p>\u00a7&nbsp; Mais de 70 campanhas publicit\u00e1rias<\/p>\n\n\n\n<p>\u00a7&nbsp; Envolvimento em mais de 150 projetos de Responsabilidade Social<\/p>\n\n\n\n<p>\u00a7&nbsp; Parcerias com mais de 100 nomes da m\u00fasica nacional e internacional<\/p>\n\n\n\n<p>\u00a7&nbsp; 1982 foi o ano de in\u00edcio do grande sucesso com \u2018Fio de Cabelo\u2019<\/p>\n","protected":false},"excerpt":{"rendered":"<p>Celebrando 55 anos de carreira, a dupla Chit\u00e3ozinho &amp; Xoror\u00f3 foi indicada ao Grammy Latino&#8230;<\/p>\n","protected":false},"author":1,"featured_media":25924,"comment_status":"open","ping_status":"open","sticky":false,"template":"","format":"standard","meta":{"footnotes":""},"categories":[2],"tags":[],"featured_image_urls":{"full":["https:\/\/novosaopaulo.com.br\/n1\/wp-content\/uploads\/2025\/09\/chitaozinho-e-xororo-premio-musica-brasileira.webp",1200,800,false],"thumbnail":["https:\/\/novosaopaulo.com.br\/n1\/wp-content\/uploads\/2025\/09\/chitaozinho-e-xororo-premio-musica-brasileira-150x150.webp",150,150,true],"medium":["https:\/\/novosaopaulo.com.br\/n1\/wp-content\/uploads\/2025\/09\/chitaozinho-e-xororo-premio-musica-brasileira-300x200.webp",300,200,true],"medium_large":["https:\/\/novosaopaulo.com.br\/n1\/wp-content\/uploads\/2025\/09\/chitaozinho-e-xororo-premio-musica-brasileira-768x512.webp",640,427,true],"large":["https:\/\/novosaopaulo.com.br\/n1\/wp-content\/uploads\/2025\/09\/chitaozinho-e-xororo-premio-musica-brasileira-1024x683.webp",640,427,true],"1536x1536":["https:\/\/novosaopaulo.com.br\/n1\/wp-content\/uploads\/2025\/09\/chitaozinho-e-xororo-premio-musica-brasileira.webp",1200,800,false],"2048x2048":["https:\/\/novosaopaulo.com.br\/n1\/wp-content\/uploads\/2025\/09\/chitaozinho-e-xororo-premio-musica-brasileira.webp",1200,800,false],"newsever-slider-full":["https:\/\/novosaopaulo.com.br\/n1\/wp-content\/uploads\/2025\/09\/chitaozinho-e-xororo-premio-musica-brasileira.webp",1200,800,false],"newsever-featured":["https:\/\/novosaopaulo.com.br\/n1\/wp-content\/uploads\/2025\/09\/chitaozinho-e-xororo-premio-musica-brasileira-1024x683.webp",1024,683,true],"newsever-medium":["https:\/\/novosaopaulo.com.br\/n1\/wp-content\/uploads\/2025\/09\/chitaozinho-e-xororo-premio-musica-brasileira-720x475.webp",720,475,true]},"author_info":{"display_name":"Reda\u00e7\u00e3o","author_link":"https:\/\/novosaopaulo.com.br\/n1\/author\/g5poa\/"},"category_info":"<a href=\"https:\/\/novosaopaulo.com.br\/n1\/category\/cidades\/\" rel=\"category tag\">Cidades<\/a>","tag_info":"Cidades","comment_count":"0","_links":{"self":[{"href":"https:\/\/novosaopaulo.com.br\/n1\/wp-json\/wp\/v2\/posts\/25923"}],"collection":[{"href":"https:\/\/novosaopaulo.com.br\/n1\/wp-json\/wp\/v2\/posts"}],"about":[{"href":"https:\/\/novosaopaulo.com.br\/n1\/wp-json\/wp\/v2\/types\/post"}],"author":[{"embeddable":true,"href":"https:\/\/novosaopaulo.com.br\/n1\/wp-json\/wp\/v2\/users\/1"}],"replies":[{"embeddable":true,"href":"https:\/\/novosaopaulo.com.br\/n1\/wp-json\/wp\/v2\/comments?post=25923"}],"version-history":[{"count":1,"href":"https:\/\/novosaopaulo.com.br\/n1\/wp-json\/wp\/v2\/posts\/25923\/revisions"}],"predecessor-version":[{"id":25925,"href":"https:\/\/novosaopaulo.com.br\/n1\/wp-json\/wp\/v2\/posts\/25923\/revisions\/25925"}],"wp:featuredmedia":[{"embeddable":true,"href":"https:\/\/novosaopaulo.com.br\/n1\/wp-json\/wp\/v2\/media\/25924"}],"wp:attachment":[{"href":"https:\/\/novosaopaulo.com.br\/n1\/wp-json\/wp\/v2\/media?parent=25923"}],"wp:term":[{"taxonomy":"category","embeddable":true,"href":"https:\/\/novosaopaulo.com.br\/n1\/wp-json\/wp\/v2\/categories?post=25923"},{"taxonomy":"post_tag","embeddable":true,"href":"https:\/\/novosaopaulo.com.br\/n1\/wp-json\/wp\/v2\/tags?post=25923"}],"curies":[{"name":"wp","href":"https:\/\/api.w.org\/{rel}","templated":true}]}}