{"id":25902,"date":"2025-09-16T18:32:14","date_gmt":"2025-09-16T21:32:14","guid":{"rendered":"https:\/\/novosaopaulo.com.br\/n1\/?p=25902"},"modified":"2025-09-16T18:32:15","modified_gmt":"2025-09-16T21:32:15","slug":"fas-cobram-lauana-prado-por-data-do-albumraiz-belo-horizonte","status":"publish","type":"post","link":"https:\/\/novosaopaulo.com.br\/n1\/fas-cobram-lauana-prado-por-data-do-albumraiz-belo-horizonte\/","title":{"rendered":"F\u00e3s cobram Lauana Prado por data do \u00e1lbumRaiz Belo Horizonte"},"content":{"rendered":"\n<p>P\u00fablico movimenta as redes sociais com a hashtag #soltaadatalau pedindo o lan\u00e7amento completo<br>do novo projeto<\/p>\n\n\n\n<p>O p\u00fablico de Lauana Prado est\u00e1 em contagem regressiva para o lan\u00e7amento completo do \u00e1lbum Raiz<br>Belo Horizonte. Nas redes sociais, os f\u00e3s criaram a campanha com a hashtag #soltaadatalau,<br>cobrando da artista a revela\u00e7\u00e3o da data oficial.<br>Sempre pr\u00f3xima de sua base de f\u00e3s, Lauana respondeu com bom humor em seus stories,<br>compartilhando algumas das postagens e deixando pistas: \u201cCalmaaa! T\u00e1 mais perto do que longe,<br>viu? Hahaha\u201d e ainda brincou: \u201cA boca de sacola que habita em mim diz que daqui pra frente, \u00e9 s\u00f3<br>pra tr\u00e1s!\u201d.<br>A declara\u00e7\u00e3o deixou claro que a espera est\u00e1 chegando ao fim e que o an\u00fancio oficial deve acontecer<br>em breve. Enquanto isso, os admiradores seguem mobilizados e ansiosos pelo pr\u00f3ximo cap\u00edtulo da<br>trajet\u00f3ria de Lauana Prado.<br>Sobre o Raiz Belo Horizonte<br>O terceiro volume do projeto Raiz foi gravado em maio, em um show hist\u00f3rico na Esplanada do<br>Mineir\u00e3o, em Belo Horizonte. O espet\u00e1culo reuniu cerca de 12 mil pessoas de diversas regi\u00f5es do<br>pa\u00eds e teve mais de cinco horas de dura\u00e7\u00e3o. A grava\u00e7\u00e3o contou com a participa\u00e7\u00e3o de grandes<br>nomes da m\u00fasica brasileira, como Murilo Huff, Paula Fernandes, Elba Ramalho, Zez\u00e9 Di Camargo,<br>Roberta Miranda e a dupla Gian &amp; Giovani, refor\u00e7ando a versatilidade de Lauana ao transitar entre<br>diferentes estilos e gera\u00e7\u00f5es.<br>EP \u201cApruma, Beag\u00e1\u201d<br>Em julho, Lauana Prado lan\u00e7ou o EP \u201cApruma Beag\u00e1\u201d, que re\u00fane as primeiras cinco faixas do<br>audiovisual Raiz Belo Horizonte. O projeto trouxe releituras e in\u00e9ditas, incluindo a participa\u00e7\u00e3o<br>especial de Elba Ramalho, e marcou o in\u00edcio da divulga\u00e7\u00e3o da terceira edi\u00e7\u00e3o do Raiz, considerado<br>um dos projetos mais aguardados do ano. O EP rapidamente se tornou um sucesso nas plataformas<br>de \u00e1udio. A faixa in\u00e9dita \u201cPar de Olhos\u201d ganhou destaque especial, conquistando as redes sociais e<br>virando trend em milhares de publica\u00e7\u00f5es.<br>Sobre Lauana Prado:<br>Cantora e compositora, Lauana Prado \u00e9 hoje uma das principais vozes do sertanejo. Com mais de 18<br>anos de carreira, a artista se destaca pela versatilidade musical e pelo repert\u00f3rio repleto de<br>sucessos, como \u201cCobaia\u201d, \u201cViva Voz\u201d, \u201cWhisky Vagabundo\u201d e \u201cEscrito nas Estrelas\u201d \u2014 uma das<br>m\u00fasicas mais ouvidas do Brasil em 2024. Seu mais recente \u00e1lbum, \u201cTranscende \u2014 Ao Vivo no<br>Ibirapuera\u201d, trouxe hits como \u201cKamasutra\u201d e \u201cSaudade Burra\u201d (feat. Simone Mendes), que seguem em<br>alta nas paradas musicais, e foi eleito \u201cMelhor Lan\u00e7amento Sertanejo\u201d no 32\u00ba Pr\u00eamio BTG Pactual da<br>M\u00fasica Brasileira. Com quatro indica\u00e7\u00f5es ao Grammy Latino, pr\u00eamios e reconhecimentos nacionais e<br>internacionais, Lauana se consolida como um fen\u00f4meno da m\u00fasica. Em 2025, a cantora lan\u00e7ou a<br>terceira edi\u00e7\u00e3o do premiado audiovisual \u201cRAIZ\u201d, gravado em Belo Horizonte, reafirmando sua<br>capacidade de inova\u00e7\u00e3o e o sucesso de uma das labels mais relevantes do pa\u00eds.<\/p>\n","protected":false},"excerpt":{"rendered":"<p>P\u00fablico movimenta as redes sociais com a hashtag #soltaadatalau pedindo o lan\u00e7amento completodo novo projeto&#8230;<\/p>\n","protected":false},"author":1,"featured_media":25903,"comment_status":"open","ping_status":"open","sticky":false,"template":"","format":"standard","meta":{"footnotes":""},"categories":[2],"tags":[],"featured_image_urls":{"full":["https:\/\/novosaopaulo.com.br\/n1\/wp-content\/uploads\/2025\/09\/WhatsApp-Image-2025-05-25-at-11.23.09-1.jpeg",1080,1350,false],"thumbnail":["https:\/\/novosaopaulo.com.br\/n1\/wp-content\/uploads\/2025\/09\/WhatsApp-Image-2025-05-25-at-11.23.09-1-150x150.jpeg",150,150,true],"medium":["https:\/\/novosaopaulo.com.br\/n1\/wp-content\/uploads\/2025\/09\/WhatsApp-Image-2025-05-25-at-11.23.09-1-240x300.jpeg",240,300,true],"medium_large":["https:\/\/novosaopaulo.com.br\/n1\/wp-content\/uploads\/2025\/09\/WhatsApp-Image-2025-05-25-at-11.23.09-1-768x960.jpeg",640,800,true],"large":["https:\/\/novosaopaulo.com.br\/n1\/wp-content\/uploads\/2025\/09\/WhatsApp-Image-2025-05-25-at-11.23.09-1-819x1024.jpeg",640,800,true],"1536x1536":["https:\/\/novosaopaulo.com.br\/n1\/wp-content\/uploads\/2025\/09\/WhatsApp-Image-2025-05-25-at-11.23.09-1.jpeg",1080,1350,false],"2048x2048":["https:\/\/novosaopaulo.com.br\/n1\/wp-content\/uploads\/2025\/09\/WhatsApp-Image-2025-05-25-at-11.23.09-1.jpeg",1080,1350,false],"newsever-slider-full":["https:\/\/novosaopaulo.com.br\/n1\/wp-content\/uploads\/2025\/09\/WhatsApp-Image-2025-05-25-at-11.23.09-1-1080x845.jpeg",1080,845,true],"newsever-featured":["https:\/\/novosaopaulo.com.br\/n1\/wp-content\/uploads\/2025\/09\/WhatsApp-Image-2025-05-25-at-11.23.09-1-1024x1280.jpeg",1024,1280,true],"newsever-medium":["https:\/\/novosaopaulo.com.br\/n1\/wp-content\/uploads\/2025\/09\/WhatsApp-Image-2025-05-25-at-11.23.09-1-720x475.jpeg",720,475,true]},"author_info":{"display_name":"Reda\u00e7\u00e3o","author_link":"https:\/\/novosaopaulo.com.br\/n1\/author\/g5poa\/"},"category_info":"<a href=\"https:\/\/novosaopaulo.com.br\/n1\/category\/cidades\/\" rel=\"category tag\">Cidades<\/a>","tag_info":"Cidades","comment_count":"0","_links":{"self":[{"href":"https:\/\/novosaopaulo.com.br\/n1\/wp-json\/wp\/v2\/posts\/25902"}],"collection":[{"href":"https:\/\/novosaopaulo.com.br\/n1\/wp-json\/wp\/v2\/posts"}],"about":[{"href":"https:\/\/novosaopaulo.com.br\/n1\/wp-json\/wp\/v2\/types\/post"}],"author":[{"embeddable":true,"href":"https:\/\/novosaopaulo.com.br\/n1\/wp-json\/wp\/v2\/users\/1"}],"replies":[{"embeddable":true,"href":"https:\/\/novosaopaulo.com.br\/n1\/wp-json\/wp\/v2\/comments?post=25902"}],"version-history":[{"count":1,"href":"https:\/\/novosaopaulo.com.br\/n1\/wp-json\/wp\/v2\/posts\/25902\/revisions"}],"predecessor-version":[{"id":25904,"href":"https:\/\/novosaopaulo.com.br\/n1\/wp-json\/wp\/v2\/posts\/25902\/revisions\/25904"}],"wp:featuredmedia":[{"embeddable":true,"href":"https:\/\/novosaopaulo.com.br\/n1\/wp-json\/wp\/v2\/media\/25903"}],"wp:attachment":[{"href":"https:\/\/novosaopaulo.com.br\/n1\/wp-json\/wp\/v2\/media?parent=25902"}],"wp:term":[{"taxonomy":"category","embeddable":true,"href":"https:\/\/novosaopaulo.com.br\/n1\/wp-json\/wp\/v2\/categories?post=25902"},{"taxonomy":"post_tag","embeddable":true,"href":"https:\/\/novosaopaulo.com.br\/n1\/wp-json\/wp\/v2\/tags?post=25902"}],"curies":[{"name":"wp","href":"https:\/\/api.w.org\/{rel}","templated":true}]}}